{"id":141183,"date":"2026-09-05T18:32:31","date_gmt":"2026-09-05T18:32:31","guid":{"rendered":"https:\/\/www.ole.com.ar\/futbol-internacional\/espana\/atletico-madrid-vs-athletic-bilbao-san-mames-goleada-vascos-diego-simeone-autocritica-julian-alvarez_0_OwdBy4JMhH.html"},"modified":"2026-09-05T18:32:31","modified_gmt":"2026-09-05T18:32:31","slug":"simeone-y-la-goleada-que-sufrio-en-atletico-madrid-de-la-autocritica-a-la-contundente-respuesta-por-julian-alvarez","status":"publish","type":"post","link":"http:\/\/hoycordobaweb.com\/index.php\/2026\/09\/05\/simeone-y-la-goleada-que-sufrio-en-atletico-madrid-de-la-autocritica-a-la-contundente-respuesta-por-julian-alvarez\/","title":{"rendered":"Simeone y la goleada que sufri\u00f3 en Atl\u00e9tico Madrid: de la autocr\u00edtica a la contundente respuesta por Juli\u00e1n \u00c1lvarez"},"content":{"rendered":"<p><img src=\"http:\/\/hoycordobaweb.com\/wp-content\/uploads\/2026\/09\/simeone-y-la-goleada-que-sufrio-en-atletico-madrid-de-la-autocritica-a-la-contundente-respuesta-por-julian-alvarez.jpg\"><\/p>\n<div id=\"element-body-0\" class=\"sc-df222161-0 hNvwjb\" readability=\"32.955974842767\">\n<p><strong>Athletic Bilbao<\/strong> <a href=\"https:\/\/www.ole.com.ar\/futbol-internacional\/espana\/julian-alvarez-partido-atletico-madrid-vivo-giuliano-simeone-espana-liga_0_f0EvUFLgHk.html\" target=\"_blank\" title=\"gan\u00f3, gust\u00f3 y gole\u00f3 en San Mam\u00e9s al Atl\u00e9tico Madrid\" alt=\"gan\u00f3, gust\u00f3 y gole\u00f3 en San Mam\u00e9s al Atl\u00e9tico Madrid\" rel=\"noopener noreferrer\">gan\u00f3, gust\u00f3 y gole\u00f3 en San Mam\u00e9s al Atl\u00e9tico Madrid<\/a> por la cuarta fecha de LaLiga, en el partido que cont\u00f3 con la titularidad de Giuliano, los ingresos de Juli\u00e1n \u00c1lvarez, Cuti Romero y la suplencia de Juan Musso. <strong>Y en conferencia de prensa, el que se mostr\u00f3 muy autocr\u00edtico fue Diego Simeone.<\/strong><\/p>\n<\/div>\n<div id=\"element-body-1\" class=\"sc-df222161-0 hNvwjb\" readability=\"44\">\n<p>\u00abEstamos en una etapa todav\u00eda de construcci\u00f3n del equipo. Y, evidentemente, vamos a atravesar situaciones complejas. La verdad es que empezamos muy bien, dentro de lo esperado. Y, bueno, estos cinco minutos de hoy nos dieron un golpe para, obviamente, reaccionar a lo que tenemos y lo que tenemos que resolver\u00bb, afirm\u00f3 el entrenador argentino, que padeci\u00f3 dos tantos consecutivos al iniciar el complemento (46&#8242; y 48&#8242;). <\/p>\n<\/div>\n<div id=\"element-body-2\" class=\"sc-df222161-0 hNvwjb\" readability=\"38\">\n<p>Visiblemente disgustado ante los medios de comunicaci\u00f3n presentes, Simeone sigui\u00f3 al destacar que contaron con \u00absituaciones importantes\u00bb para anotar y que vio a un equipo con \u00abpersonalidad\u00bb, pero que sufrieron \u00abdos minutos de poca tensi\u00f3n\u00bb. \u00abDespu\u00e9s empez\u00f3 otro partido mucho m\u00e1s complejo y mucho m\u00e1s dif\u00edcil porque el rival estaba mucho m\u00e1s organizado defensivamente. El Athletic gan\u00f3 el partido justamente\u00bb, agreg\u00f3 el estratega del Colchonero.<\/p>\n<\/div>\n<div class=\"sc-c0843421-0 iNysjD image-embed\" id=\"element-body-3\"><img alt=\"Juli\u00e1n vs Athletic Bilbao.\" loading=\"lazy\" width=\"720\" height=\"100\" decoding=\"async\" data-nimg=\"1\" src=\"http:\/\/hoycordobaweb.com\/wp-content\/uploads\/2026\/09\/simeone-y-la-goleada-que-sufrio-en-atletico-madrid-de-la-autocritica-a-la-contundente-respuesta-por-julian-alvarez-2.jpg\"><span class=\"epigraphe\">Juli\u00e1n vs Athletic Bilbao.<\/span><\/div>\n<div id=\"element-body-4\" class=\"sc-df222161-0 hNvwjb\" readability=\"37\">\n<p>\u00abLos m\u00e1ximos responsables somos el cuerpo t\u00e9cnico, porque no pudimos darle a los jugadores las herramientas para ese arranque del segundo tiempo, y ellos no lo pudieron resolver por si mismos\u00bb, dijo un Simeone indignado al recibir despu\u00e9s una pregunta por Juli\u00e1n \u00c1lvarez.<\/p>\n<\/div>\n<div id=\"element-body-5\" class=\"sc-df222161-0 hNvwjb\" readability=\"37\">\n<p>El ex DT de River y San Lorenzo cerr\u00f3 su an\u00e1lisis con elogios al Athletic Bilbao: \u00abUn equipo importante que va a pelear por los primeros puestos\u00bb. En esa l\u00ednea, sum\u00f3: \u00abTerzic tiene sus caracter\u00edsticas muy claras y lo est\u00e1 transmitiendo al equipo. Trabajaron muy bien el bloque bajo y ah\u00ed ya no pudimos hacer nada, m\u00e1s all\u00e1 a la de Juli\u00e1n \u00c1lvarez\u00bb.<\/p>\n<\/div>\n<div class=\"sc-c0843421-0 iNysjD image-embed\" id=\"element-body-6\"><img alt=\"Diego Simeone en San Mam\u00e9s.\" loading=\"lazy\" width=\"720\" height=\"100\" decoding=\"async\" data-nimg=\"1\" src=\"http:\/\/hoycordobaweb.com\/wp-content\/uploads\/2026\/09\/simeone-y-la-goleada-que-sufrio-en-atletico-madrid-de-la-autocritica-a-la-contundente-respuesta-por-julian-alvarez-3.jpg\"><span class=\"epigraphe\">Diego Simeone en San Mam\u00e9s.<\/span><\/div>\n<p><h2><strong>La respuesta de Simeone por Juli\u00e1n \u00c1lvarez <\/strong><\/h2>\n<\/p>\n<div id=\"element-body-8\" class=\"sc-df222161-0 hNvwjb\" readability=\"37\">\n<p>Tras el culebr\u00f3n de su frustrada salida al Barcelona, Juli\u00e1n \u00c1lvarez ingres\u00f3 en el complemento en el San Mam\u00e9s y, tras la derrota, no se ejercit\u00f3 sobre el c\u00e9sped con el resto de suplentes que sumaron pocos minutos de juego.<\/p>\n<\/div>\n<div class=\"sc-c0843421-0 iNysjD image-embed\" id=\"element-body-9\"><img alt=\"Juli\u00e1n y el Cuti en Bilbao.\" loading=\"lazy\" width=\"720\" height=\"100\" decoding=\"async\" data-nimg=\"1\" src=\"http:\/\/hoycordobaweb.com\/wp-content\/uploads\/2026\/09\/simeone-y-la-goleada-que-sufrio-en-atletico-madrid-de-la-autocritica-a-la-contundente-respuesta-por-julian-alvarez-4.jpg\"><span class=\"epigraphe\">Juli\u00e1n y el Cuti en Bilbao.<\/span><\/div>\n<div id=\"element-body-10\" class=\"sc-df222161-0 hNvwjb\" readability=\"37\">\n<p>Esta pr\u00e1ctica habitual para nivelar cargas con el resto de sus compa\u00f1eros es com\u00fan en los equipos y, en conferencia de prensa, a Simeone le preguntaron por la ausencia de la Ara\u00f1a en estos ejercicios de velocidad. Y claro, el Cholo se mostr\u00f3 indignado.<\/p>\n<\/div>\n<div id=\"element-body-11\" class=\"sc-df222161-0 hNvwjb\" readability=\"34\">\n<p><strong>\u201c\u00bfDe verdad est\u00e1s haciendo esta pregunta? No tengo nada que decir\u201d<\/strong>, respondi\u00f3 el argentino para no dejar lugar a la especulaci\u00f3n. <\/p>\n<\/div>\n<div class=\"sc-c0843421-0 iNysjD image-embed\" id=\"element-body-12\"><img alt=\"Simeone en Bilbao.\" loading=\"lazy\" width=\"720\" height=\"100\" decoding=\"async\" data-nimg=\"1\" src=\"http:\/\/hoycordobaweb.com\/wp-content\/uploads\/2026\/09\/simeone-y-la-goleada-que-sufrio-en-atletico-madrid-de-la-autocritica-a-la-contundente-respuesta-por-julian-alvarez-5.jpg\"><span class=\"epigraphe\">Simeone en Bilbao.<\/span><\/div>\n<div id=\"element-body-13\" class=\"sc-a7166897-0 eTTZWU\" readability=\"31\">\n<section readability=\"2\"><picture><img alt=\"Lautaro figura: clav\u00f3 un doblete y el Inter se llev\u00f3 un triunfazo ante el Napoli\" loading=\"lazy\" width=\"290\" height=\"290\" decoding=\"async\" data-nimg=\"1\" src=\"http:\/\/hoycordobaweb.com\/wp-content\/uploads\/2026\/09\/simeone-y-la-goleada-que-sufrio-en-atletico-madrid-de-la-autocritica-a-la-contundente-respuesta-por-julian-alvarez-6.jpg\"><\/picture>\n<p><span>Mir\u00e1 tambi\u00e9n<\/span><\/p>\n<hr>\n<h3>Lautaro figura: clav\u00f3 un doblete y el Inter se llev\u00f3 un triunfazo ante el Napoli<\/h3>\n<\/p>\n<\/section>\n<\/div>\n<div id=\"element-body-14\" class=\"sc-a7166897-0 eTTZWU\" readability=\"32.5\">\n<section readability=\"5\"><picture><img alt=\"Mastantuono: su charla con Mourinho, &quot;crecer en Fiorentina&quot;, Messi y &quot;volver pronto&quot; a la Selecci\u00f3n\" loading=\"lazy\" width=\"290\" height=\"290\" decoding=\"async\" data-nimg=\"1\" src=\"http:\/\/hoycordobaweb.com\/wp-content\/uploads\/2026\/09\/simeone-y-la-goleada-que-sufrio-en-atletico-madrid-de-la-autocritica-a-la-contundente-respuesta-por-julian-alvarez-7.jpg\"><\/picture>\n<p><span>Mir\u00e1 tambi\u00e9n<\/span><\/p>\n<hr>\n<h3>Mastantuono: su charla con Mourinho, \u00abcrecer en Fiorentina\u00bb, Messi y \u00abvolver pronto\u00bb a la Selecci\u00f3n<\/h3>\n<\/p>\n<\/section>\n<\/div>\n<div id=\"element-body-15\" class=\"sc-a7166897-0 eTTZWU\" readability=\"32\">\n<section readability=\"4\"><picture><img alt=\"A pesar de los ingresos de Juli\u00e1n y el Cuti, el Atl\u00e9tico de Madrid se llev\u00f3 una paliza ante el Bilbao\" loading=\"lazy\" width=\"290\" height=\"290\" decoding=\"async\" data-nimg=\"1\" src=\"http:\/\/hoycordobaweb.com\/wp-content\/uploads\/2026\/09\/simeone-y-la-goleada-que-sufrio-en-atletico-madrid-de-la-autocritica-a-la-contundente-respuesta-por-julian-alvarez-8.jpg\"><\/picture>\n<p><span>Mir\u00e1 tambi\u00e9n<\/span><\/p>\n<hr>\n<h3>A pesar de los ingresos de Juli\u00e1n y el Cuti, el Atl\u00e9tico de Madrid se llev\u00f3 una paliza ante el Bilbao<\/h3>\n<\/p>\n<\/section>\n<\/div>\n","protected":false},"excerpt":{"rendered":"<p>Athletic Bilbao gan\u00f3, gust\u00f3 y gole\u00f3 en San Mam\u00e9s al Atl\u00e9tico Madrid por la cuarta fecha de LaLiga, en el partido que cont\u00f3 con la titularidad de Giuliano, los ingresos de Juli\u00e1n \u00c1lvarez, Cuti Romero y la suplencia de Juan Musso. Y en conferencia de prensa, el que se mostr\u00f3 muy autocr\u00edtico fue Diego Simeone. [&hellip;]<\/p>\n","protected":false},"author":1,"featured_media":141184,"comment_status":"open","ping_status":"closed","sticky":false,"template":"","format":"standard","meta":[],"categories":[16],"tags":[],"_links":{"self":[{"href":"http:\/\/hoycordobaweb.com\/index.php\/wp-json\/wp\/v2\/posts\/141183"}],"collection":[{"href":"http:\/\/hoycordobaweb.com\/index.php\/wp-json\/wp\/v2\/posts"}],"about":[{"href":"http:\/\/hoycordobaweb.com\/index.php\/wp-json\/wp\/v2\/types\/post"}],"author":[{"embeddable":true,"href":"http:\/\/hoycordobaweb.com\/index.php\/wp-json\/wp\/v2\/users\/1"}],"replies":[{"embeddable":true,"href":"http:\/\/hoycordobaweb.com\/index.php\/wp-json\/wp\/v2\/comments?post=141183"}],"version-history":[{"count":0,"href":"http:\/\/hoycordobaweb.com\/index.php\/wp-json\/wp\/v2\/posts\/141183\/revisions"}],"wp:featuredmedia":[{"embeddable":true,"href":"http:\/\/hoycordobaweb.com\/index.php\/wp-json\/wp\/v2\/media\/141184"}],"wp:attachment":[{"href":"http:\/\/hoycordobaweb.com\/index.php\/wp-json\/wp\/v2\/media?parent=141183"}],"wp:term":[{"taxonomy":"category","embeddable":true,"href":"http:\/\/hoycordobaweb.com\/index.php\/wp-json\/wp\/v2\/categories?post=141183"},{"taxonomy":"post_tag","embeddable":true,"href":"http:\/\/hoycordobaweb.com\/index.php\/wp-json\/wp\/v2\/tags?post=141183"}],"curies":[{"name":"wp","href":"https:\/\/api.w.org\/{rel}","templated":true}]}}