{"id":141181,"date":"2026-09-05T18:33:25","date_gmt":"2026-09-05T18:33:25","guid":{"rendered":"https:\/\/www.ole.com.ar\/boca-juniors\/extranjeros-boca-gimnasia-mendoza-reclamo-velez-copa-argentina_0_8dJKkbx7BG.html"},"modified":"2026-09-05T18:33:25","modified_gmt":"2026-09-05T18:33:25","slug":"boca-no-pone-a-los-seis-extranjeros-ante-gimnasia-tras-el-reclamo-de-velez","status":"publish","type":"post","link":"http:\/\/hoycordobaweb.com\/index.php\/2026\/09\/05\/boca-no-pone-a-los-seis-extranjeros-ante-gimnasia-tras-el-reclamo-de-velez\/","title":{"rendered":"Boca no pone a los seis extranjeros ante Gimnasia tras el reclamo de V\u00e9lez"},"content":{"rendered":"<p><img src=\"http:\/\/hoycordobaweb.com\/wp-content\/uploads\/2026\/09\/boca-no-pone-a-los-seis-extranjeros-ante-gimnasia-tras-el-reclamo-de-velez.jpg\"><\/p>\n<div id=\"element-body-0\" class=\"sc-df222161-0 hNvwjb\" readability=\"34.075117370892\">\n<p>El <strong>reclamo de <a href=\"https:\/\/www.ole.com.ar\/tema\/velez.html\" title=\"V\u00e9lez\" alt=\"V\u00e9lez\" class=\"slug\">V\u00e9lez<\/a> por los seis extranjeros<\/strong> que <strong><a href=\"https:\/\/www.ole.com.ar\/tema\/boca-juniors.html\" title=\"Boca Juniors\" alt=\"Boca Juniors\" class=\"slug\">Boca<\/a><\/strong> incluy\u00f3 en la planilla del partido de <strong><a href=\"https:\/\/www.ole.com.ar\/tema\/copa-argentina.html\" title=\"Copa Argentina\" alt=\"Copa Argentina\" class=\"slug\">Copa Argentina<\/a><\/strong> sum\u00f3 este s\u00e1bado un nuevo cap\u00edtulo. Apenas tres d\u00edas despu\u00e9s de aquella clasificaci\u00f3n por penales en C\u00f3rdoba, <strong><a href=\"https:\/\/www.ole.com.ar\/tema\/rodolfo-arruabarrena.html\" title=\"Rodolfo Arruabarrena\" alt=\"Rodolfo Arruabarrena\" class=\"slug\">Rodolfo Arruabarrena<\/a> decidi\u00f3 no repetir la situaci\u00f3n<\/strong> ante Gimnasia de Mendoza: <strong>Leandro Lozano<\/strong>, uruguayo, <strong>qued\u00f3 afuera del banco de suplentes<\/strong> y el Xeneize tendr\u00e1 a cinco extranjeros a disposici\u00f3n.<\/p>\n<\/div>\n<div id=\"element-body-1\" class=\"sc-df222161-0 hNvwjb\" readability=\"40\">\n<p>El Vasco <strong>dej\u00f3 fuera de los 23 a Santiago Ascacibar, Javier Garc\u00eda y Lozano<\/strong>. As\u00ed, los extranjeros disponibles ser\u00e1n <strong>\u00c1lvaro Montero, Sebasti\u00e1n Villa, Carlos Palacios, Enner Valencia y \u00c1ngel Romero.<\/strong> Una decisi\u00f3n que inevitablemente alimentar\u00e1 una pol\u00e9mica que ya sali\u00f3 de la cancha y <strong>entr\u00f3 de lleno en el terreno reglamentario<\/strong>.<\/p>\n<\/div>\n<p><h2><strong>El cambio de Boca despu\u00e9s de V\u00e9lez<\/strong><\/h2>\n<\/p>\n<div id=\"element-body-3\" class=\"sc-df222161-0 hNvwjb\" readability=\"38\">\n<p>Ante V\u00e9lez, <strong>Boca hab\u00eda presentado seis extranjeros<\/strong>: Montero, Lozano y Villa fueron titulares; Valencia y Palacios ingresaron durante el segundo tiempo y Romero permaneci\u00f3 en el banco. Es decir, los seis estuvieron en la planilla aunque <strong>solamente cinco tuvieron participaci\u00f3n efectiva<\/strong> en el encuentro (Romero no sum\u00f3 minutos).<\/p>\n<\/div>\n<div id=\"element-body-4\" class=\"sc-df222161-0 hNvwjb\" readability=\"26.056338028169\">\n<p>Ese escenario provoc\u00f3 la reacci\u00f3n del Fort\u00edn, que <a href=\"https:\/\/www.ole.com.ar\/boca-juniors\/comunicado-oficial-velez-pidio-clasificacion-cuartos-copa-argentina-saquen-boca_0_p2CZkIGhgJ.html\" target=\"_self\" title=\"emiti\u00f3 un comunicado y directamente pidi\u00f3 los puntos por considerar que existi\u00f3 una inclusi\u00f3n indebida\" alt=\"emiti\u00f3 un comunicado y directamente pidi\u00f3 los puntos por considerar que existi\u00f3 una inclusi\u00f3n indebida\" rel=\"noopener noreferrer\">emiti\u00f3 un comunicado y directamente<\/a><strong><a href=\"https:\/\/www.ole.com.ar\/boca-juniors\/comunicado-oficial-velez-pidio-clasificacion-cuartos-copa-argentina-saquen-boca_0_p2CZkIGhgJ.html\" target=\"_self\" title=\"emiti\u00f3 un comunicado y directamente pidi\u00f3 los puntos por considerar que existi\u00f3 una inclusi\u00f3n indebida\" alt=\"emiti\u00f3 un comunicado y directamente pidi\u00f3 los puntos por considerar que existi\u00f3 una inclusi\u00f3n indebida\" rel=\"noopener noreferrer\">pidi\u00f3 los puntos por considerar que existi\u00f3 una inclusi\u00f3n indebida<\/a><\/strong>. Su objetivo es que se revierta el resultado deportivo y obtener en los escritorios la <strong>clasificaci\u00f3n a los cuartos de final de la Copa Argentina<\/strong>, instancia en la que Boca debe enfrentar a Racing.<\/p>\n<\/div>\n<div id=\"element-body-5\" class=\"sc-df222161-0 hNvwjb\" readability=\"36\">\n<p>La discusi\u00f3n gira alrededor del <strong>cupo de extranjeros<\/strong> y las distintas disposiciones reglamentarias. Mientras <strong>V\u00e9lez cuestiona que hayan sido seis los futbolistas incluidos<\/strong> en la planilla, desde Agremiados le aseguraron a <strong>Ol\u00e9 <\/strong> que <strong>Boca actu\u00f3 correctamente<\/strong> y que puede anotar a los seis cumpliendo los requisitos establecidos.<\/p>\n<\/div>\n<p><h2><strong>Lozano, el descanso y una coincidencia inevitable<\/strong><\/h2>\n<\/p>\n<div id=\"element-body-8\" class=\"sc-df222161-0 hNvwjb\" readability=\"39\">\n<p><strong>La ausencia de Lozano<\/strong>, de todos modos, tiene una explicaci\u00f3n futbol\u00edstica concreta. El uruguayo viene de <strong>recuperarse de una lesi\u00f3n y todav\u00eda no est\u00e1 al 100%<\/strong>. De hecho, antes del encuentro del mi\u00e9rcoles ante V\u00e9lez, Arruabarrena hab\u00eda anticipado que estaba para jugar \u201c60 \u00f3 65 minutos\u201d. Finalmente fue titular y termin\u00f3 disputando todo el partido.<\/p>\n<\/div>\n<div id=\"element-body-9\" class=\"sc-df222161-0 hNvwjb\" readability=\"36\">\n<p>Por eso, <strong>que descanse ante Gimnasia<\/strong> entra perfectamente dentro de la l\u00f3gica de administraci\u00f3n de cargas que viene aplicando el Vasco. M\u00e1s todav\u00eda porque Boca tendr\u00e1 muy poco margen de recuperaci\u00f3n: el martes <strong>recibir\u00e1 a San Pablo<\/strong> en la Bombonera para comenzar la serie de <strong>cuartos de final de la Copa Sudamericana<\/strong>.<\/p>\n<\/div>\n<div id=\"element-body-10\" class=\"sc-8712cf2e-1 brsVwg\"><figcaption class=\"JWvideoNota_title\">\n<p>Video: TyC Sports.<\/p>\n<\/figcaption><\/div>\n<div id=\"element-body-11\" class=\"sc-8712cf2e-1 brsVwg\" readability=\"32\"><figcaption class=\"JWvideoNota_title\" readability=\"4\">\n<p>Luego el empate sin goles en los 90 minutos, Montero tap\u00f3 dos penales (a G\u00f3mez y Silvero). @gonzalosuli @nicolaroccanarvaez<\/p>\n<\/figcaption><\/div>\n<div id=\"element-body-12\" class=\"sc-df222161-0 hNvwjb\" readability=\"36\">\n<p>Sin embargo, el momento en el que se produce la decisi\u00f3n inevitablemente alimentar\u00e1 la discusi\u00f3n. Despu\u00e9s de que V\u00e9lez cuestionara la presencia de seis extranjeros y pidiera directamente los puntos, <strong>Boca afrontar\u00e1 su primer partido posterior a aquella pol\u00e9mica con s\u00f3lo cinco a disposici\u00f3n<\/strong>.<\/p>\n<\/div>\n<div id=\"element-body-13\" class=\"sc-df222161-0 hNvwjb\" readability=\"34\">\n<p><strong>La ausencia de Lozano<\/strong> tiene argumentos f\u00edsicos y futbol\u00edsticos suficientes para explicarse por s\u00ed misma. Pero la foto ser\u00e1 diferente a la de C\u00f3rdoba y seguramente agigantar\u00e1 el debate mientras se espera la <strong>resoluci\u00f3n sobre el reclamo de V\u00e9lez<\/strong>.<\/p>\n<\/div>\n<div id=\"element-body-14\" class=\"sc-8712cf2e-1 brsVwg\"><figcaption class=\"JWvideoNota_title\">\n<p>Video: Ol\u00e9.<\/p>\n<\/figcaption><\/div>\n<div id=\"element-body-15\" class=\"sc-a7166897-0 eTTZWU\" readability=\"31.5\">\n<section readability=\"3\"><picture><img alt=\"Preguntas y respuestas de la protesta de V\u00e9lez para ganar el partido a Boca en el Tribunal por la inclusi\u00f3n de seis extranjeros\" loading=\"lazy\" width=\"290\" height=\"290\" decoding=\"async\" data-nimg=\"1\" src=\"http:\/\/hoycordobaweb.com\/wp-content\/uploads\/2026\/09\/boca-no-pone-a-los-seis-extranjeros-ante-gimnasia-tras-el-reclamo-de-velez-2.jpg\"><\/picture>\n<p><span>Mir\u00e1 tambi\u00e9n<\/span><\/p>\n<hr>\n<h3>Preguntas y respuestas de la protesta de V\u00e9lez para ganar el partido a Boca en el Tribunal por la inclusi\u00f3n de seis extranjeros<\/h3>\n<\/p>\n<\/section>\n<\/div>\n<div id=\"element-body-16\" class=\"sc-a7166897-0 eTTZWU\" readability=\"31.5\">\n<section readability=\"3\"><picture><img alt=\"Comunicado oficial: V\u00e9lez pidi\u00f3 la clasificaci\u00f3n a cuartos de la Copa Argentina y que se la saquen a Boca por la inclusi\u00f3n de seis extranjeros\" loading=\"lazy\" width=\"290\" height=\"290\" decoding=\"async\" data-nimg=\"1\" src=\"http:\/\/hoycordobaweb.com\/wp-content\/uploads\/2026\/09\/boca-no-pone-a-los-seis-extranjeros-ante-gimnasia-tras-el-reclamo-de-velez-3.jpg\"><\/picture>\n<p><span>Mir\u00e1 tambi\u00e9n<\/span><\/p>\n<hr>\n<h3>Comunicado oficial: V\u00e9lez pidi\u00f3 la clasificaci\u00f3n a cuartos de la Copa Argentina y que se la saquen a Boca por la inclusi\u00f3n de seis extranjeros<\/h3>\n<\/p>\n<\/section>\n<\/div>\n<div id=\"element-body-17\" class=\"sc-a7166897-0 eTTZWU\" readability=\"32\">\n<section readability=\"4\"><picture><img alt=\"Qui\u00e9n es Mat\u00edas Satas, el juvenil que debuta en Boca y va de titular ante Gimnasia (M)\" loading=\"lazy\" width=\"290\" height=\"290\" decoding=\"async\" data-nimg=\"1\" src=\"http:\/\/hoycordobaweb.com\/wp-content\/uploads\/2026\/09\/boca-no-pone-a-los-seis-extranjeros-ante-gimnasia-tras-el-reclamo-de-velez-4.jpg\"><\/picture>\n<p><span>Mir\u00e1 tambi\u00e9n<\/span><\/p>\n<hr>\n<h3>Qui\u00e9n es Mat\u00edas Satas, el juvenil que debuta en Boca y va de titular ante Gimnasia (M)<\/h3>\n<\/p>\n<\/section>\n<\/div>\n<div id=\"element-body-18\" class=\"sc-a7166897-0 eTTZWU\" readability=\"31.5\">\n<section readability=\"3\"><picture><img alt=\"Con ocho cambios, la formaci\u00f3n confirmada de Boca para visitar a Gimnasia de Mendoza\" loading=\"lazy\" width=\"290\" height=\"290\" decoding=\"async\" data-nimg=\"1\" src=\"http:\/\/hoycordobaweb.com\/wp-content\/uploads\/2026\/09\/boca-no-pone-a-los-seis-extranjeros-ante-gimnasia-tras-el-reclamo-de-velez-5.jpg\"><\/picture>\n<p><span>Mir\u00e1 tambi\u00e9n<\/span><\/p>\n<hr>\n<h3>Con ocho cambios, la formaci\u00f3n confirmada de Boca para visitar a Gimnasia de Mendoza<\/h3>\n<\/p>\n<\/section>\n<\/div>\n","protected":false},"excerpt":{"rendered":"<p>El reclamo de V\u00e9lez por los seis extranjeros que Boca incluy\u00f3 en la planilla del partido de Copa Argentina sum\u00f3 este s\u00e1bado un nuevo cap\u00edtulo. Apenas tres d\u00edas despu\u00e9s de aquella clasificaci\u00f3n por penales en C\u00f3rdoba, Rodolfo Arruabarrena decidi\u00f3 no repetir la situaci\u00f3n ante Gimnasia de Mendoza: Leandro Lozano, uruguayo, qued\u00f3 afuera del banco de [&hellip;]<\/p>\n","protected":false},"author":1,"featured_media":141182,"comment_status":"open","ping_status":"closed","sticky":false,"template":"","format":"standard","meta":[],"categories":[16],"tags":[],"_links":{"self":[{"href":"http:\/\/hoycordobaweb.com\/index.php\/wp-json\/wp\/v2\/posts\/141181"}],"collection":[{"href":"http:\/\/hoycordobaweb.com\/index.php\/wp-json\/wp\/v2\/posts"}],"about":[{"href":"http:\/\/hoycordobaweb.com\/index.php\/wp-json\/wp\/v2\/types\/post"}],"author":[{"embeddable":true,"href":"http:\/\/hoycordobaweb.com\/index.php\/wp-json\/wp\/v2\/users\/1"}],"replies":[{"embeddable":true,"href":"http:\/\/hoycordobaweb.com\/index.php\/wp-json\/wp\/v2\/comments?post=141181"}],"version-history":[{"count":0,"href":"http:\/\/hoycordobaweb.com\/index.php\/wp-json\/wp\/v2\/posts\/141181\/revisions"}],"wp:featuredmedia":[{"embeddable":true,"href":"http:\/\/hoycordobaweb.com\/index.php\/wp-json\/wp\/v2\/media\/141182"}],"wp:attachment":[{"href":"http:\/\/hoycordobaweb.com\/index.php\/wp-json\/wp\/v2\/media?parent=141181"}],"wp:term":[{"taxonomy":"category","embeddable":true,"href":"http:\/\/hoycordobaweb.com\/index.php\/wp-json\/wp\/v2\/categories?post=141181"},{"taxonomy":"post_tag","embeddable":true,"href":"http:\/\/hoycordobaweb.com\/index.php\/wp-json\/wp\/v2\/tags?post=141181"}],"curies":[{"name":"wp","href":"https:\/\/api.w.org\/{rel}","templated":true}]}}