{"id":141179,"date":"2026-09-05T18:44:00","date_gmt":"2026-09-05T18:44:00","guid":{"rendered":"https:\/\/www.ole.com.ar\/river-plate\/river-plate-ariel-ortega-nicolas-otamendi_0_7bvKeLx3cu.html"},"modified":"2026-09-05T18:44:00","modified_gmt":"2026-09-05T18:44:00","slug":"el-encuentro-especial-de-ortega-con-otamendi-siempre-river","status":"publish","type":"post","link":"http:\/\/hoycordobaweb.com\/index.php\/2026\/09\/05\/el-encuentro-especial-de-ortega-con-otamendi-siempre-river\/","title":{"rendered":"El encuentro especial de Ortega con Otamendi: \u00abSiempre River\u00bb"},"content":{"rendered":"<p><img src=\"http:\/\/hoycordobaweb.com\/wp-content\/uploads\/2026\/09\/el-encuentro-especial-de-ortega-con-otamendi-siempre-river.jpg\"><\/p>\n<div id=\"element-body-0\" class=\"sc-df222161-0 hNvwjb\" readability=\"32.352441613588\">\n<p>En un momento en el que <strong><a href=\"https:\/\/www.ole.com.ar\/tema\/river-plate.html\" title=\"River Plate\" alt=\"River Plate\" class=\"slug\">River<\/a><\/strong> se aferra a su \u00eddolos hist\u00f3ricos de la instituci\u00f3n, el plantel tuvo una visita especial en la previa del partido frente a Independiente Rivadavia. Porque mientras <strong><a href=\"https:\/\/www.ole.com.ar\/tema\/leonardo-ponzio.html\" title=\"Leonardo Ponzio\" alt=\"Leonardo Ponzio\" class=\"slug\">Leonardo Ponzio<\/a><\/strong> asumi\u00f3 como entrenador interino para aportar con su experiencia y <strong><a href=\"https:\/\/www.ole.com.ar\/tema\/mostaza-merlo.html\" title=\"Mostaza Merlo\" alt=\"Mostaza Merlo\" class=\"slug\">Mostaza Merlo<\/a><\/strong> se sum\u00f3 a trabajar con las Formativas, <strong><a href=\"https:\/\/www.ole.com.ar\/tema\/ariel-ortega.html\" title=\"Ariel Ortega\" alt=\"Ariel Ortega\" class=\"slug\">Ariel Arnaldo Ortega<\/a><\/strong> dijo presente y comparti\u00f3 un distendido momento junto a <strong><a href=\"https:\/\/www.ole.com.ar\/tema\/nicolas-otamendi.html\" title=\"Nicol\u00e1s Otamendi\" alt=\"Nicol\u00e1s Otamendi\" class=\"slug\">Nicol\u00e1s Otamendi<\/a><\/strong>, que incluy\u00f3 foto y una frase motivadora.<\/p>\n<\/div>\n<div id=\"element-body-1\" class=\"sc-df222161-0 hNvwjb\" readability=\"38.514925373134\">\n<p>\u00abSiempre <strong><a href=\"https:\/\/www.ole.com.ar\/tema\/river-plate.html\" title=\"River Plate\" alt=\"River Plate\" class=\"slug\">River<\/a><\/strong>\u00ab, poste\u00f3 el Burrito en su cuenta de Instagram para ilustrar la imagen con el nuevo capit\u00e1n del Millonario, una dupla que dio lugar a likes y comentarios positivos en un presente en el que, <strong>post golpazos en la Copa Argentina y la Sudamericana<\/strong>, se necesitan triunfos para poder pelear por el Clausura y escalar posiciones en la anual pensando en la clasificaci\u00f3n a la Libertadores 2027.<\/p>\n<\/div>\n<div id=\"element-body-2\" class=\"sc-df222161-0 hNvwjb\" readability=\"38\">\n<p>Aunque no tiene participaci\u00f3n a nivel dirigencial ni en las Inferiores, <strong>el #10 forma parte del d\u00eda a d\u00eda del club con su participaci\u00f3n en el Senior. <\/strong> Figura del equipo del Tap\u00f3n Gordillo que integran leyendas como el <strong>Chori Dom\u00ednguez y Joni Maidana<\/strong>, Ortega sigue regalando golazos y su magia en el predio Cantilo, siendo una inspiraci\u00f3n tanto para los j\u00f3venes talentos como para los m\u00e1s experimentados. <\/p>\n<\/div>\n<div class=\"sc-c0843421-0 iNysjD image-embed\" id=\"element-body-3\"><img alt=\"Ortega junto a Nico Otamendi. Instagram\" loading=\"lazy\" width=\"720\" height=\"100\" decoding=\"async\" data-nimg=\"1\" src=\"http:\/\/hoycordobaweb.com\/wp-content\/uploads\/2026\/09\/el-encuentro-especial-de-ortega-con-otamendi-siempre-river-2.jpg\"><span class=\"epigraphe\">Ortega junto a Nico Otamendi. Instagram<\/span><\/div>\n<p><h2><strong>Uno de los golazos de Ortega en el Senior de River<\/strong><\/h2>\n<\/p>\n<div id=\"element-body-5\" class=\"sc-8712cf2e-1 brsVwg\"><figcaption class=\"JWvideoNota_title\">\n<p>Video: prensa River<\/p>\n<\/figcaption><\/div>\n<p><h2><strong>Secretos del fen\u00f3meno Otamendi: de refuerzo a l\u00edder en 45 d\u00edas<\/strong><\/h2>\n<\/p>\n<div id=\"element-body-7\" class=\"sc-df222161-0 hNvwjb\" readability=\"38\">\n<p>Fausto Vera fue el primero en exteriorizar cu\u00e1n importante es Otamendi dentro del plantel. No hubo una consulta que le diera pie al volante central: <strong>el reconocimiento fue genuino, espont\u00e1neo. <\/strong> Y tambi\u00e9n simb\u00f3lico: el zaguero bicampe\u00f3n de Am\u00e9rica, campe\u00f3n del mundo y fan\u00e1tico de River, <strong>adopt\u00f3 con naturalidad el rol de macho alfa de un plantel que fue renovado en el \u00faltimo mercado<\/strong> y que se vio obligado a convivir con la tempestad demasiado pronto.<\/p>\n<\/div>\n<div id=\"element-body-8\" class=\"sc-df222161-0 hNvwjb\" readability=\"40\">\n<p>Otamendi no tuvo margen para aclimatarse: se sum\u00f3 al plantel, al igual que Gonzalo Montiel, tres d\u00edas despu\u00e9s de haber perdido la final del Mundial; con un pu\u00f1ado de pr\u00e1cticas con el grupo debut\u00f3 frente a Barracas en la primera fecha del Clausura -y en la segunda derrota del equipo en el semestre. Su primer triunfo fue an\u00edmico: <strong>no fue absorbido por el bucle negativo que arras\u00f3 con el ciclo de Eduardo Coudet<\/strong>, ni siquiera cuando en su segunda presentaci\u00f3n marc\u00f3 un gol en contra ante Central. Por el contrario: <strong> dio el paso al frente y traccion\u00f3 en pro de desempantanar a un River que ven\u00eda de perder a tres de sus capitanes:<\/strong> Franco Armani, Germ\u00e1n Pezzella, Juan Fernando Quintero.<\/p>\n<\/div>\n<div class=\"sc-c0843421-0 iNysjD image-embed\" id=\"element-body-9\"><img alt=\"Nicol\u00e1s Otamendi, clave en River.\" loading=\"lazy\" width=\"720\" height=\"100\" decoding=\"async\" data-nimg=\"1\" src=\"http:\/\/hoycordobaweb.com\/wp-content\/uploads\/2026\/09\/el-encuentro-especial-de-ortega-con-otamendi-siempre-river-3.jpg\"><span class=\"epigraphe\">Nicol\u00e1s Otamendi, clave en River.<\/span><\/div>\n<div id=\"element-body-10\" class=\"sc-df222161-0 hNvwjb\" readability=\"36\">\n<p>La presencia de un referente de la escala de Otamendi era necesaria de por s\u00ed para contribuir a la din\u00e1mica de integraci\u00f3n de los nueve refuerzos que llegaron entre junio y agosto. Sin embargo, el contexto llev\u00f3 a que se aceleraran los procesos de su rol. Y lo est\u00e1 haciendo: <strong>est\u00e1 siendo la cabeza de una transformaci\u00f3n del grupo para alcanzar aquel concepto de \u201cmanada\u201d<\/strong> con el que Marcelo Gallardo hab\u00eda descrito el comportamiento interno del grupo durante sus mejores a\u00f1os.<\/p>\n<\/div>\n","protected":false},"excerpt":{"rendered":"<p>En un momento en el que River se aferra a su \u00eddolos hist\u00f3ricos de la instituci\u00f3n, el plantel tuvo una visita especial en la previa del partido frente a Independiente Rivadavia. Porque mientras Leonardo Ponzio asumi\u00f3 como entrenador interino para aportar con su experiencia y Mostaza Merlo se sum\u00f3 a trabajar con las Formativas, Ariel [&hellip;]<\/p>\n","protected":false},"author":1,"featured_media":141180,"comment_status":"open","ping_status":"closed","sticky":false,"template":"","format":"standard","meta":[],"categories":[16],"tags":[],"_links":{"self":[{"href":"http:\/\/hoycordobaweb.com\/index.php\/wp-json\/wp\/v2\/posts\/141179"}],"collection":[{"href":"http:\/\/hoycordobaweb.com\/index.php\/wp-json\/wp\/v2\/posts"}],"about":[{"href":"http:\/\/hoycordobaweb.com\/index.php\/wp-json\/wp\/v2\/types\/post"}],"author":[{"embeddable":true,"href":"http:\/\/hoycordobaweb.com\/index.php\/wp-json\/wp\/v2\/users\/1"}],"replies":[{"embeddable":true,"href":"http:\/\/hoycordobaweb.com\/index.php\/wp-json\/wp\/v2\/comments?post=141179"}],"version-history":[{"count":0,"href":"http:\/\/hoycordobaweb.com\/index.php\/wp-json\/wp\/v2\/posts\/141179\/revisions"}],"wp:featuredmedia":[{"embeddable":true,"href":"http:\/\/hoycordobaweb.com\/index.php\/wp-json\/wp\/v2\/media\/141180"}],"wp:attachment":[{"href":"http:\/\/hoycordobaweb.com\/index.php\/wp-json\/wp\/v2\/media?parent=141179"}],"wp:term":[{"taxonomy":"category","embeddable":true,"href":"http:\/\/hoycordobaweb.com\/index.php\/wp-json\/wp\/v2\/categories?post=141179"},{"taxonomy":"post_tag","embeddable":true,"href":"http:\/\/hoycordobaweb.com\/index.php\/wp-json\/wp\/v2\/tags?post=141179"}],"curies":[{"name":"wp","href":"https:\/\/api.w.org\/{rel}","templated":true}]}}