{"id":141177,"date":"2026-09-05T19:02:38","date_gmt":"2026-09-05T19:02:38","guid":{"rendered":"https:\/\/www.ole.com.ar\/boxeo\/alan-chaves-perdio-titulo-ligero-omb-invicto-eridson-garcia_0_5JrbgeUdDz.html"},"modified":"2026-09-05T19:02:38","modified_gmt":"2026-09-05T19:02:38","slug":"alan-chaves-perdio-el-titulo-ligero-de-la-omb-y-el-invicto-ante-eridson-garcia","status":"publish","type":"post","link":"http:\/\/hoycordobaweb.com\/index.php\/2026\/09\/05\/alan-chaves-perdio-el-titulo-ligero-de-la-omb-y-el-invicto-ante-eridson-garcia\/","title":{"rendered":"Alan Ch\u00e1ves perdi\u00f3 el t\u00edtulo ligero de la OMB y el invicto ante Eridson Garc\u00eda"},"content":{"rendered":"<p><img src=\"http:\/\/hoycordobaweb.com\/wp-content\/uploads\/2026\/09\/alan-chaves-perdio-el-titulo-ligero-de-la-omb-y-el-invicto-ante-eridson-garcia.jpg\"><\/p>\n<div id=\"element-body-0\" class=\"sc-df222161-0 hNvwjb\" readability=\"37.680672268908\">\n<p><strong>Alan Ch\u00e1ves sufri\u00f3 en la madrugada de este viernes su primera derrota como profesional.<\/strong> El bonaerense de 25 a\u00f1os <strong>cay\u00f3 por decisi\u00f3n un\u00e1nime ante el dominicano Eridson Garc\u00eda<\/strong> en el Prudential Center de Newark, Nueva Jersey, y perdi\u00f3 el t\u00edtulo latino ligero de la <a href=\"https:\/\/www.ole.com.ar\/tema\/omb.html\" title=\"OMB\" alt=\"OMB\" class=\"slug\">OMB<\/a> que hab\u00eda conquistado en 2024 ante el sudafricano Xolisani Ndongeni (34-8, 20 KO).<\/p>\n<\/div>\n<div id=\"element-body-1\" class=\"sc-df222161-0 hNvwjb\" readability=\"41\">\n<p><strong>Ch\u00e1ves lleg\u00f3 a esta pelea con un r\u00e9cord perfecto<\/strong> de 22 triunfos, 19 de ellos por nocaut, y como segundo del ranking de la OMB. <strong>Sin embargo, tuvo una noche muy complicada ante Garc\u00eda, quien ahora ostenta un r\u00e9cord de 24-2, con 14 KO,<\/strong> aprovech\u00f3 su mayor alcance y domin\u00f3 gran parte de los diez rounds.<\/p>\n<\/div>\n<div class=\"sc-c0843421-0 iNysjD image-embed\" id=\"element-body-2\"><img alt=\"El gesto de Alan Ch\u00e1ves tras ser derribado por el dominicano Eridson Garc\u00eda.\n(DAZNBoxing en X). \" loading=\"lazy\" width=\"720\" height=\"100\" decoding=\"async\" data-nimg=\"1\" src=\"http:\/\/hoycordobaweb.com\/wp-content\/uploads\/2026\/09\/alan-chaves-perdio-el-titulo-ligero-de-la-omb-y-el-invicto-ante-eridson-garcia-2.jpg\"><span class=\"epigraphe\">El gesto de Alan Ch\u00e1ves tras ser derribado por el dominicano Eridson Garc\u00eda.<br \/>\n(DAZNBoxing en X). <\/span><\/div>\n<p><h2>As\u00ed fue la derrota de Alan Ch\u00e1ves donde perdi\u00f3 el t\u00edtulo latino ligero de la OMB<\/h2>\n<\/p>\n<div id=\"element-body-4\" class=\"sc-df222161-0 hNvwjb\" readability=\"37\">\n<p><strong>El dominicano marc\u00f3 diferencias desde temprano y derrib\u00f3 por primera vez a Veneno en el segundo asalto<\/strong> con una r\u00e1pida combinaci\u00f3n. El argentino logr\u00f3 recuperarse, aunque qued\u00f3 con un sangrado en la nariz que lo acompa\u00f1\u00f3 durante buena parte del combate. <strong>En el quinto volvi\u00f3 a pasarla mal: Garc\u00eda lo mand\u00f3 dos veces m\u00e1s a la lona, <\/strong> primero con otra combinaci\u00f3n y luego con un gancho al h\u00edgado.<\/p>\n<\/div>\n<div id=\"element-body-5\" class=\"sc-df222161-0 hNvwjb\" readability=\"36\">\n<p>Pese al castigo recibido, Ch\u00e1ves consigui\u00f3 mantenerse en pelea y llegar a los \u00faltimos rounds. <strong>Ya en el noveno, un derechazo corto del dominicano provoc\u00f3 la cuarta ca\u00edda del bonaerense<\/strong> y termin\u00f3 de sentenciar un combate que estaba ampliamente inclinado a favor de Garc\u00eda.<\/p>\n<\/div>\n<div class=\"sc-c0843421-0 iNysjD image-embed\" id=\"element-body-6\"><img alt=\"El festejo del dominicano Eridson Garc\u00eda junto a su equipo tras el triunfo ante Alan Ch\u00e1ves.\n(@eridsongarciabox en IG).\" loading=\"lazy\" width=\"720\" height=\"100\" decoding=\"async\" data-nimg=\"1\" src=\"http:\/\/hoycordobaweb.com\/wp-content\/uploads\/2026\/09\/alan-chaves-perdio-el-titulo-ligero-de-la-omb-y-el-invicto-ante-eridson-garcia-3.jpg\"><span class=\"epigraphe\">El festejo del dominicano Eridson Garc\u00eda junto a su equipo tras el triunfo ante Alan Ch\u00e1ves.<br \/>\n(@eridsongarciabox en IG).<\/span><\/div>\n<div id=\"element-body-7\" class=\"sc-df222161-0 hNvwjb\" readability=\"41\">\n<p><strong>No hubo sorpresas en las tarjetas:<\/strong> Jacklyn Atkins marc\u00f3 99-87, Wayne Hedgpeth 99-88 y Ronald McNair 98-88, <strong>todas a favor del dominicano,<\/strong> <strong>que se qued\u00f3 con el cintur\u00f3n latino ligero de la OMB <\/strong> y elev\u00f3 su r\u00e9cord a 24 victorias, 14 por nocaut, y dos derrotas. <strong>De esta manera, Ch\u00e1ves perdi\u00f3 el invicto<\/strong> despu\u00e9s de haber ganado sus \u00faltimas cinco peleas por nocaut y recibi\u00f3 un duro golpe en su camino hacia una oportunidad mundialista. <\/p>\n<\/div>\n<div id=\"element-body-8\" class=\"sc-a7166897-0 eTTZWU\" readability=\"31.5\">\n<section readability=\"3\"><picture><img alt=\"Urgente: a poco de la qualy, ya cambia la parrilla del GP de Monza\" loading=\"lazy\" width=\"290\" height=\"290\" decoding=\"async\" data-nimg=\"1\" src=\"http:\/\/hoycordobaweb.com\/wp-content\/uploads\/2026\/09\/alan-chaves-perdio-el-titulo-ligero-de-la-omb-y-el-invicto-ante-eridson-garcia-4.jpg\"><\/picture>\n<p><span>Mir\u00e1 tambi\u00e9n<\/span><\/p>\n<hr>\n<h3>Urgente: a poco de la qualy, ya cambia la parrilla del GP de Monza<\/h3>\n<\/p>\n<\/section>\n<\/div>\n<div id=\"element-body-9\" class=\"sc-a7166897-0 eTTZWU\" readability=\"31.5\">\n<section readability=\"3\"><picture><img alt=\"Video: la reacci\u00f3n de Briatore y del equipo tras la sorpresiva pole de Gasly en Monza\" loading=\"lazy\" width=\"290\" height=\"290\" decoding=\"async\" data-nimg=\"1\" src=\"http:\/\/hoycordobaweb.com\/wp-content\/uploads\/2026\/09\/alan-chaves-perdio-el-titulo-ligero-de-la-omb-y-el-invicto-ante-eridson-garcia-5.jpg\"><\/picture>\n<p><span>Mir\u00e1 tambi\u00e9n<\/span><\/p>\n<hr>\n<h3>Video: la reacci\u00f3n de Briatore y del equipo tras la sorpresiva pole de Gasly en Monza<\/h3>\n<\/p>\n<\/section>\n<\/div>\n<div id=\"element-body-10\" class=\"sc-a7166897-0 eTTZWU\" readability=\"31.5\">\n<section readability=\"3\"><picture><img alt=\"Saldo positivo: Mattia Colnaghi y Nicol\u00e1s Varrone en la carrera Sprint de la F\u00f3rmula 3 y F\u00f3rmula 2\" loading=\"lazy\" width=\"290\" height=\"290\" decoding=\"async\" data-nimg=\"1\" src=\"http:\/\/hoycordobaweb.com\/wp-content\/uploads\/2026\/09\/alan-chaves-perdio-el-titulo-ligero-de-la-omb-y-el-invicto-ante-eridson-garcia-6.jpg\"><\/picture>\n<p><span>Mir\u00e1 tambi\u00e9n<\/span><\/p>\n<hr>\n<h3>Saldo positivo: Mattia Colnaghi y Nicol\u00e1s Varrone en la carrera Sprint de la F\u00f3rmula 3 y F\u00f3rmula 2<\/h3>\n<\/p>\n<\/section>\n<\/div>\n","protected":false},"excerpt":{"rendered":"<p>Alan Ch\u00e1ves sufri\u00f3 en la madrugada de este viernes su primera derrota como profesional. El bonaerense de 25 a\u00f1os cay\u00f3 por decisi\u00f3n un\u00e1nime ante el dominicano Eridson Garc\u00eda en el Prudential Center de Newark, Nueva Jersey, y perdi\u00f3 el t\u00edtulo latino ligero de la OMB que hab\u00eda conquistado en 2024 ante el sudafricano Xolisani Ndongeni [&hellip;]<\/p>\n","protected":false},"author":1,"featured_media":141178,"comment_status":"open","ping_status":"closed","sticky":false,"template":"","format":"standard","meta":[],"categories":[16],"tags":[],"_links":{"self":[{"href":"http:\/\/hoycordobaweb.com\/index.php\/wp-json\/wp\/v2\/posts\/141177"}],"collection":[{"href":"http:\/\/hoycordobaweb.com\/index.php\/wp-json\/wp\/v2\/posts"}],"about":[{"href":"http:\/\/hoycordobaweb.com\/index.php\/wp-json\/wp\/v2\/types\/post"}],"author":[{"embeddable":true,"href":"http:\/\/hoycordobaweb.com\/index.php\/wp-json\/wp\/v2\/users\/1"}],"replies":[{"embeddable":true,"href":"http:\/\/hoycordobaweb.com\/index.php\/wp-json\/wp\/v2\/comments?post=141177"}],"version-history":[{"count":0,"href":"http:\/\/hoycordobaweb.com\/index.php\/wp-json\/wp\/v2\/posts\/141177\/revisions"}],"wp:featuredmedia":[{"embeddable":true,"href":"http:\/\/hoycordobaweb.com\/index.php\/wp-json\/wp\/v2\/media\/141178"}],"wp:attachment":[{"href":"http:\/\/hoycordobaweb.com\/index.php\/wp-json\/wp\/v2\/media?parent=141177"}],"wp:term":[{"taxonomy":"category","embeddable":true,"href":"http:\/\/hoycordobaweb.com\/index.php\/wp-json\/wp\/v2\/categories?post=141177"},{"taxonomy":"post_tag","embeddable":true,"href":"http:\/\/hoycordobaweb.com\/index.php\/wp-json\/wp\/v2\/tags?post=141177"}],"curies":[{"name":"wp","href":"https:\/\/api.w.org\/{rel}","templated":true}]}}