{"id":141170,"date":"2026-09-04T20:13:19","date_gmt":"2026-09-04T20:13:19","guid":{"rendered":"https:\/\/ladecimaweb.com\/?p=34534"},"modified":"2026-09-04T20:13:19","modified_gmt":"2026-09-04T20:13:19","slug":"conmocion-en-villa-el-libertador-por-la-muerte-de-una-nina-tras-ser-atacada-por-dogos","status":"publish","type":"post","link":"http:\/\/hoycordobaweb.com\/index.php\/2026\/09\/04\/conmocion-en-villa-el-libertador-por-la-muerte-de-una-nina-tras-ser-atacada-por-dogos\/","title":{"rendered":"Conmoci\u00f3n en Villa El Libertador por la muerte de una ni\u00f1a tras ser atacada por dogos"},"content":{"rendered":"<div class=\"boldgrid-section\">\n<div class=\"container\">\n<div class=\"row\">\n<div class=\"col-lg-12 col-md-12 col-xs-12 col-sm-12\">\n<p class=\"\" data-start=\"134\" data-end=\"389\">Una ni\u00f1a de 2 a\u00f1os muere luego de ser atacada por <strong data-start=\"184\" data-end=\"208\">dos dogos argentinos<\/strong> en una vivienda de calle Neiva al 5900, en barrio Villa El Libertador. El hecho ocurre durante la ma\u00f1ana del jueves y provoca una tragedia que ahora es investigada por la Justicia.<\/p>\n<p class=\"\" data-start=\"391\" data-end=\"800\">La menor&nbsp;sufre m\u00faltiples mordeduras en la cabeza, abdomen y miembros superiores e inferiores. Es trasladada de urgencia al Hospital Pr\u00edncipe de Asturias, donde ingresa en <strong data-start=\"610\" data-end=\"638\">paro cardiorrespiratorio<\/strong>. Los m\u00e9dicos logran reanimarla y estabilizarla inicialmente, pero posteriormente es derivada al Hospital de Ni\u00f1os, donde finalmente se confirma su fallecimiento.<\/p>\n<p class=\"\" data-start=\"802\" data-end=\"1060\">Durante el ataque tambi\u00e9n resulta herida una mujer de 34 a\u00f1os, t\u00eda de la ni\u00f1a, con lesiones en la cabeza, nuca y hombro. Seg\u00fan la informaci\u00f3n policial, los dos perros \u2014una hembra de 10 a\u00f1os y un macho de 8\u2014 se encontraban dentro del domicilio de la familiar.<\/p>\n<p class=\"\" data-start=\"1062\" data-end=\"1288\" data-is-last-node=\"\" data-is-only-node=\"\">Tras el episodio, personal policial retira a ambos animales de la vivienda y los pone <strong data-start=\"1148\" data-end=\"1180\">a disposici\u00f3n de la Justicia<\/strong>. La investigaci\u00f3n busca establecer c\u00f3mo se produjo el ataque y las circunstancias que rodearon la tragedia.<\/p>\n<p data-start=\"1062\" data-end=\"1288\" data-is-last-node=\"\" data-is-only-node=\"\">&nbsp;<\/p>\n<div class=\"ubm_banner\"><a href=\"https:\/\/www.facebook.com\/share\/12F68yg5H3H\/\" target=\"_self\" rel=\"dofollow noopener noreferrer\"><img decoding=\"async\" src=\"http:\/\/hoycordobaweb.com\/wp-content\/uploads\/2026\/09\/conmocion-en-villa-el-libertador-por-la-muerte-de-una-nina-tras-ser-atacada-por-dogos.gif\" alt=\"\"><\/a><\/div>\n<\/div>\n<\/div>\n<\/div>\n<\/div>\n<p>La entrada <a href=\"https:\/\/ladecimaweb.com\/conmocion-en-villa-el-libertador-por-la-muerte-de-una-nina-tras-ser-atacada-por-dogos\/\">Conmoci\u00f3n en Villa El Libertador por la muerte de una ni\u00f1a tras ser atacada por dogos<\/a> se public\u00f3 primero en <a href=\"https:\/\/ladecimaweb.com\">LaDecima<\/a>.<\/p>\n","protected":false},"excerpt":{"rendered":"<p>Una ni\u00f1a de 2 a\u00f1os muere luego de ser atacada por dos dogos argentinos en una vivienda de calle Neiva al 5900, en barrio Villa El Libertador. El hecho ocurre durante la ma\u00f1ana del jueves y provoca una tragedia que ahora es investigada por la Justicia. La menor&nbsp;sufre m\u00faltiples mordeduras en la cabeza, abdomen y [&hellip;]<\/p>\n","protected":false},"author":1,"featured_media":0,"comment_status":"closed","ping_status":"closed","sticky":false,"template":"","format":"standard","meta":[],"categories":[32],"tags":[],"_links":{"self":[{"href":"http:\/\/hoycordobaweb.com\/index.php\/wp-json\/wp\/v2\/posts\/141170"}],"collection":[{"href":"http:\/\/hoycordobaweb.com\/index.php\/wp-json\/wp\/v2\/posts"}],"about":[{"href":"http:\/\/hoycordobaweb.com\/index.php\/wp-json\/wp\/v2\/types\/post"}],"author":[{"embeddable":true,"href":"http:\/\/hoycordobaweb.com\/index.php\/wp-json\/wp\/v2\/users\/1"}],"replies":[{"embeddable":true,"href":"http:\/\/hoycordobaweb.com\/index.php\/wp-json\/wp\/v2\/comments?post=141170"}],"version-history":[{"count":0,"href":"http:\/\/hoycordobaweb.com\/index.php\/wp-json\/wp\/v2\/posts\/141170\/revisions"}],"wp:attachment":[{"href":"http:\/\/hoycordobaweb.com\/index.php\/wp-json\/wp\/v2\/media?parent=141170"}],"wp:term":[{"taxonomy":"category","embeddable":true,"href":"http:\/\/hoycordobaweb.com\/index.php\/wp-json\/wp\/v2\/categories?post=141170"},{"taxonomy":"post_tag","embeddable":true,"href":"http:\/\/hoycordobaweb.com\/index.php\/wp-json\/wp\/v2\/tags?post=141170"}],"curies":[{"name":"wp","href":"https:\/\/api.w.org\/{rel}","templated":true}]}}