{"id":141167,"date":"2026-09-05T16:11:46","date_gmt":"2026-09-05T16:11:46","guid":{"rendered":"http:\/\/hoycordobaweb.com\/index.php\/2026\/09\/05\/el-uruguayo-miguel-merentiel-no-sera-titular-en-boca-juniors-este-sabado-en-un-partido-clave\/"},"modified":"2026-09-05T16:11:46","modified_gmt":"2026-09-05T16:11:46","slug":"el-uruguayo-miguel-merentiel-no-sera-titular-en-boca-juniors-este-sabado-en-un-partido-clave","status":"publish","type":"post","link":"http:\/\/hoycordobaweb.com\/index.php\/2026\/09\/05\/el-uruguayo-miguel-merentiel-no-sera-titular-en-boca-juniors-este-sabado-en-un-partido-clave\/","title":{"rendered":"El uruguayo Miguel Merentiel no ser\u00e1 titular en Boca Juniors este s\u00e1bado en un partido clave"},"content":{"rendered":"<p>Miguel Merentiel no ser\u00e1 de la partida ante Gimnasia de Mendoza, l\u00edder en soledad de la zona A del Torneo Clausura argentino. &#8230; <b>F\u00daTBOL ARGENTINO<\/b> Boca&nbsp;&#8230; <\/p>\n","protected":false},"excerpt":{"rendered":"<p>Miguel Merentiel no ser\u00e1 de la partida ante Gimnasia de Mendoza, l\u00edder en soledad de la zona A del Torneo Clausura argentino. &#8230; F\u00daTBOL ARGENTINO Boca&nbsp;&#8230;<\/p>\n","protected":false},"author":1,"featured_media":0,"comment_status":"closed","ping_status":"closed","sticky":false,"template":"","format":"standard","meta":[],"categories":[22],"tags":[],"_links":{"self":[{"href":"http:\/\/hoycordobaweb.com\/index.php\/wp-json\/wp\/v2\/posts\/141167"}],"collection":[{"href":"http:\/\/hoycordobaweb.com\/index.php\/wp-json\/wp\/v2\/posts"}],"about":[{"href":"http:\/\/hoycordobaweb.com\/index.php\/wp-json\/wp\/v2\/types\/post"}],"author":[{"embeddable":true,"href":"http:\/\/hoycordobaweb.com\/index.php\/wp-json\/wp\/v2\/users\/1"}],"replies":[{"embeddable":true,"href":"http:\/\/hoycordobaweb.com\/index.php\/wp-json\/wp\/v2\/comments?post=141167"}],"version-history":[{"count":0,"href":"http:\/\/hoycordobaweb.com\/index.php\/wp-json\/wp\/v2\/posts\/141167\/revisions"}],"wp:attachment":[{"href":"http:\/\/hoycordobaweb.com\/index.php\/wp-json\/wp\/v2\/media?parent=141167"}],"wp:term":[{"taxonomy":"category","embeddable":true,"href":"http:\/\/hoycordobaweb.com\/index.php\/wp-json\/wp\/v2\/categories?post=141167"},{"taxonomy":"post_tag","embeddable":true,"href":"http:\/\/hoycordobaweb.com\/index.php\/wp-json\/wp\/v2\/tags?post=141167"}],"curies":[{"name":"wp","href":"https:\/\/api.w.org\/{rel}","templated":true}]}}