{"id":141163,"date":"2026-09-05T14:00:28","date_gmt":"2026-09-05T14:00:28","guid":{"rendered":"https:\/\/www.espinof.com\/anime\/bleach-se-desmarco-otros-animes-como-naruto-one-piece-decision-tremendamente-inusual-su-titulo-no-tiene-nada-que-ver-historia"},"modified":"2026-09-05T14:00:28","modified_gmt":"2026-09-05T14:00:28","slug":"bleach-se-desmarco-de-otros-animes-como-naruto-o-one-piece-con-una-decision-tremendamente-inusual-su-titulo-no-tiene-nada-que-ver-con-la-historia","status":"publish","type":"post","link":"http:\/\/hoycordobaweb.com\/index.php\/2026\/09\/05\/bleach-se-desmarco-de-otros-animes-como-naruto-o-one-piece-con-una-decision-tremendamente-inusual-su-titulo-no-tiene-nada-que-ver-con-la-historia\/","title":{"rendered":"&#8216;Bleach&#8217; se desmarc\u00f3 de otros animes como &#8216;Naruto&#8217; o &#8216;One Piece&#8217; con una decisi\u00f3n tremendamente inusual: su t\u00edtulo no tiene nada que ver con la historia"},"content":{"rendered":"<p>En la d\u00e9cada de los 2000 lleg\u00f3 el <strong>Big Three del anime<\/strong> formado por &#8216;<a href=\"https:\/\/www.espinof.com\/listas\/one-piece-todas-sagas-arcos-anime-que-episodios-incluyen\">One Piece<\/a>&#8216;, &#8216;<a href=\"https:\/\/www.espinof.com\/anime\/que-orden-ver-naruto-todo-anime-sus-peliculas-ovas-para-no-perdernos-sola-mision-ninjas-villa-oculta-hoja\">Naruto<\/a>&#8216; y&nbsp;&#8216;<a href=\"https:\/\/www.espinof.com\/listas\/como-ver-bleach-relleno-que-capitulos-anime-original-nos-podemos-saltar-no-perdernos-nada-historia-ichigo\">Bleach<\/a>&#8216;. Aunque se agrupaba a las tres series por el \u00e9xito que amasaban y el tremendo impacto cultural que tuvieron, en realidad eran bastante diferentes entre s\u00ed. &#8216;<strong>Bleach<\/strong>&#8216; a menudo se mucho m\u00e1s de las otras dos, tanto por tem\u00e1tica como por su propio protagonista, pero<strong> la mayor diferencia estaba en su propio nombre.&nbsp;<\/strong><\/p>\n<p><!-- BREAK 1 --> <\/p>\n<h2>Ariel, Mimos\u00edn, e Ichigo Kurosaki<\/h2>\n<p>Lo habitual es que los nombres de los mangas y animes nos den pistas sobre su trama. En <strong>&#8216;One Piece&#8217; y &#8216;Dragon Ball&#8217;<\/strong> tenemos algunos de los elementos m\u00e1s importantes de la historia, los tesoros que buscan sus protagonistas. &#8216;<strong>Naruto&#8217; o &#8216;Sailor Moon<\/strong>&#8216; directamente hace referencia a sus personajes principales, pero con &#8216;Bleach&#8217; la cosa se complica.<\/p>\n<p><!-- BREAK 2 --><\/p>\n<div class=\"article-asset article-asset-normal article-asset-center\">\n<div class=\"desvio-container\">\n<div class=\"desvio\">\n<div class=\"desvio-figure js-desvio-figure\"> <a href=\"https:\/\/www.espinof.com\/anime\/eslabon-perdido-anime-como-bleach-conecto-a-akira-toriyama-cazadores-demonios-kimetsu-no-yaiba\" class=\"pivot-outboundlink\" data-vars-post-title=\"Sin 'Dragon Ball' no habr\u00edamos tenido los bombazos de 'Kimetsu no Yaiba' y 'Jujutsu Kaisen'. Pero todo fue gracias a otro anime que hizo de puente\"> <img loading=\"lazy\" alt=\"Sin 'Dragon Ball' no habr\u00edamos tenido los bombazos de 'Kimetsu no Yaiba' y 'Jujutsu Kaisen'. Pero todo fue gracias a otro anime que hizo de puente\" width=\"375\" height=\"142\" src=\"http:\/\/hoycordobaweb.com\/wp-content\/uploads\/2026\/09\/bleach-se-desmarco-de-otros-animes-como-naruto-o-one-piece-con-una-decision-tremendamente-inusual-su-titulo-no-tiene-nada-que-ver-con-la-historia.jpg\"> <\/a> <\/div><\/div><\/div>\n<\/div>\n<p>Al fin y al cabo, el protagonista es <strong>Ichigo Kurosaki<\/strong> y la trama gira en torno al conflicto de los Shinigami contra los Hollows (y los Arrancar, y los Quincy&#8230;), algo que de entrada no tiene nada que ver con el t\u00edtulo de &#8216;Bleach&#8217;. Pero en realidad hace referencia a los Shinigami y la ropa que llevan.<\/p>\n<p><!-- BREAK 3 --> <\/p>\n<p>Los Shinigami son una organizaci\u00f3n que se encarga de guiar a las almas de los difuntos al otro mundo, y son f\u00e1cilmente reconocibles por sus uniformes negros. Originalmente Tite Kubo pens\u00f3 en el t\u00edtulo \u00ab<strong>Black<\/strong>\u00bb para la historia, <strong>haciendo hincapi\u00e9 en la importancia de los Shinigami<\/strong>, pero le parec\u00eda demasiado simple y quiso cambiarlo a \u00abWhite\u00bb.&nbsp;<\/p>\n<div class=\"article-asset-image article-asset-normal article-asset-center\">\n<div class=\"asset-content\"> <img class=\"centro_sinmarco\" height=\"900\" width=\"1600\" loading=\"lazy\" decoding=\"async\" sizes=\"100vw\" fetchpriority=\"high\" srcset=\"http:\/\/hoycordobaweb.com\/wp-content\/uploads\/2026\/09\/bleach-se-desmarco-de-otros-animes-como-naruto-o-one-piece-con-una-decision-tremendamente-inusual-su-titulo-no-tiene-nada-que-ver-con-la-historia-1.jpg 450w, http:\/\/hoycordobaweb.com\/wp-content\/uploads\/2026\/09\/bleach-se-desmarco-de-otros-animes-como-naruto-o-one-piece-con-una-decision-tremendamente-inusual-su-titulo-no-tiene-nada-que-ver-con-la-historia-4.jpg 681w, http:\/\/hoycordobaweb.com\/wp-content\/uploads\/2026\/09\/bleach-se-desmarco-de-otros-animes-como-naruto-o-one-piece-con-una-decision-tremendamente-inusual-su-titulo-no-tiene-nada-que-ver-con-la-historia-5.jpg 1024w, http:\/\/hoycordobaweb.com\/wp-content\/uploads\/2026\/09\/bleach-se-desmarco-de-otros-animes-como-naruto-o-one-piece-con-una-decision-tremendamente-inusual-su-titulo-no-tiene-nada-que-ver-con-la-historia-6.jpg 1366w\" src=\"http:\/\/hoycordobaweb.com\/wp-content\/uploads\/2026\/09\/bleach-se-desmarco-de-otros-animes-como-naruto-o-one-piece-con-una-decision-tremendamente-inusual-su-titulo-no-tiene-nada-que-ver-con-la-historia-1.jpg\" alt=\"Gotei 13\"> <noscript><img alt=\"Gotei 13\" class=\"centro_sinmarco\" src=\"http:\/\/hoycordobaweb.com\/wp-content\/uploads\/2026\/09\/bleach-se-desmarco-de-otros-animes-como-naruto-o-one-piece-con-una-decision-tremendamente-inusual-su-titulo-no-tiene-nada-que-ver-con-la-historia-1.jpg\"><\/noscript> <\/div>\n<\/div>\n<p>Hacer referencia al color blanco le pegaba mucho m\u00e1s, tambi\u00e9n porque los capitanes del Gotei 13 llevan chaquetas blancas y los Quincy y los Arrancar, sus grandes enemigos, visten uniformes blancos. Pero segu\u00eda teniendo poco gancho, as\u00ed que encontr\u00f3 la soluci\u00f3n en <strong>la palabra \u00abBleach\u00bb, lej\u00eda<\/strong>.<\/p>\n<p><!-- BREAK 4 --><\/p>\n<blockquote><p>\u00abSi pones \u00ablej\u00eda\u00bb, la gente lo puede asociar con el color blanco. As\u00ed es como llegamos a \u00abBleach\u00bb, dijo Tite Kubo en una entrevista con <a rel=\"noopener, noreferrer\" href=\"https:\/\/animetics.net\/2015\/01\/10\/via-anime-insider-tite-kubo-october-2008\/\">Anime Insider<\/a> en 2008.&nbsp;<\/p><\/blockquote>\n<p>No solo eso, sino que <strong>la lej\u00eda limpia y purifica<\/strong>, la misma labor que hacen los Shinigami con las almas corrompidas. En cierta manera, tambi\u00e9n hace referencia al pelo de Ichigo, que es anaranjado y parece que ha sido decolorado, al propio estilo de dibujo de Kubo, que cuenta con un contraste visual muy impactante entre blanco y negro.<\/p>\n<div class=\"article-asset article-asset-normal article-asset-center\">\n<div class=\"desvio-container\">\n<div class=\"desvio\">\n<div class=\"desvio-figure js-desvio-figure\"> <a href=\"https:\/\/www.espinof.com\/anime\/manga-que-inspiro-al-creador-bleach-para-empezar-a-dibujar-clasico-folklore-japones-que-tiene-anime-se-puede-ver-crunchyroll\" class=\"pivot-outboundlink\" data-vars-post-title=\"El manga que inspir\u00f3 al creador de 'Bleach' para empezar a dibujar, un cl\u00e1sico sobre folklore japon\u00e9s que tiene anime y se puede ver en Crunchyroll\"> <img loading=\"lazy\" alt=\"El manga que inspir\u00f3 al creador de 'Bleach' para empezar a dibujar, un cl\u00e1sico sobre folklore japon\u00e9s que tiene anime y se puede ver en Crunchyroll\" width=\"375\" height=\"142\" src=\"http:\/\/hoycordobaweb.com\/wp-content\/uploads\/2026\/09\/bleach-se-desmarco-de-otros-animes-como-naruto-o-one-piece-con-una-decision-tremendamente-inusual-su-titulo-no-tiene-nada-que-ver-con-la-historia-2.jpg\"> <\/a> <\/div><\/div><\/div>\n<\/div>\n<p>La otra explicaci\u00f3n vendr\u00eda por el amor de Tite Kubo por la banda <strong>Nirvana<\/strong>, al album debut del grupo de 1989. Esto no est\u00e1 confirmado, pero sabiendo que Kubo es muy fan del rock y se ha marcado referencias a Radiohead y Bad Religion tampoco habr\u00eda que descartarlo. Sobre todo porque <strong>reforzar\u00eda a\u00fan m\u00e1s la idea de \u00abpasar a las almas por lej\u00eda\u00bb<\/strong>, de la misma manera que Nirvana hac\u00eda referencia a desinfectar con lej\u00eda en medio de una campa\u00f1a en contra del SIDA.<\/p>\n<p><!-- BREAK 5 --><\/p>\n<p>En Espinof |&nbsp;<a href=\"https:\/\/www.espinof.com\/listas\/mejores-animes-que-se-pueden-ver-disney-plus-tokyo-revengers-bleach-ultima-gran-obra-akira-toriyama-mucho\">Los mejores animes que se pueden ver en Disney Plus: &#8216;Tokyo Revengers&#8217;, &#8216;Bleach&#8217;, la \u00faltima gran obra de Akira Toriyama y mucho m\u00e1s<\/a><\/p>\n<p>En Espinof |&nbsp;<a href=\"https:\/\/www.espinof.com\/listas\/te-quedaste-series-aqui-van-6-imprescindibles-animes-largos-que-ver-streaming-para-engancharte-durante-meses\">Si te quedaste sin series, aqu\u00ed van 6 imprescindibles animes largos que ver en streaming para engancharte durante meses<\/a><\/p>\n","protected":false},"excerpt":{"rendered":"<p>En la d\u00e9cada de los 2000 lleg\u00f3 el Big Three del anime formado por &#8216;One Piece&#8216;, &#8216;Naruto&#8216; y&nbsp;&#8216;Bleach&#8216;. Aunque se agrupaba a las tres series por el \u00e9xito que amasaban y el tremendo impacto cultural que tuvieron, en realidad eran bastante diferentes entre s\u00ed. &#8216;Bleach&#8216; a menudo se mucho m\u00e1s de las otras dos, tanto [&hellip;]<\/p>\n","protected":false},"author":1,"featured_media":141164,"comment_status":"open","ping_status":"closed","sticky":false,"template":"","format":"standard","meta":[],"categories":[10],"tags":[],"_links":{"self":[{"href":"http:\/\/hoycordobaweb.com\/index.php\/wp-json\/wp\/v2\/posts\/141163"}],"collection":[{"href":"http:\/\/hoycordobaweb.com\/index.php\/wp-json\/wp\/v2\/posts"}],"about":[{"href":"http:\/\/hoycordobaweb.com\/index.php\/wp-json\/wp\/v2\/types\/post"}],"author":[{"embeddable":true,"href":"http:\/\/hoycordobaweb.com\/index.php\/wp-json\/wp\/v2\/users\/1"}],"replies":[{"embeddable":true,"href":"http:\/\/hoycordobaweb.com\/index.php\/wp-json\/wp\/v2\/comments?post=141163"}],"version-history":[{"count":0,"href":"http:\/\/hoycordobaweb.com\/index.php\/wp-json\/wp\/v2\/posts\/141163\/revisions"}],"wp:featuredmedia":[{"embeddable":true,"href":"http:\/\/hoycordobaweb.com\/index.php\/wp-json\/wp\/v2\/media\/141164"}],"wp:attachment":[{"href":"http:\/\/hoycordobaweb.com\/index.php\/wp-json\/wp\/v2\/media?parent=141163"}],"wp:term":[{"taxonomy":"category","embeddable":true,"href":"http:\/\/hoycordobaweb.com\/index.php\/wp-json\/wp\/v2\/categories?post=141163"},{"taxonomy":"post_tag","embeddable":true,"href":"http:\/\/hoycordobaweb.com\/index.php\/wp-json\/wp\/v2\/tags?post=141163"}],"curies":[{"name":"wp","href":"https:\/\/api.w.org\/{rel}","templated":true}]}}