{"id":141157,"date":"2026-09-04T18:01:37","date_gmt":"2026-09-04T18:01:37","guid":{"rendered":"https:\/\/www.trendencias.com\/psicologia\/luis-xiv-zoolander-farmeaban-aura-existiera-palabra-explicacion-psicologica-a-que-se-ha-vuelto-a-poner-moda"},"modified":"2026-09-04T18:01:37","modified_gmt":"2026-09-04T18:01:37","slug":"luis-xiv-y-zoolander-ya-farmeaban-aura-antes-de-que-existiera-la-palabra-la-explicacion-psicologica-a-por-que-se-ha-vuelto-a-poner-de-moda","status":"publish","type":"post","link":"http:\/\/hoycordobaweb.com\/index.php\/2026\/09\/04\/luis-xiv-y-zoolander-ya-farmeaban-aura-antes-de-que-existiera-la-palabra-la-explicacion-psicologica-a-por-que-se-ha-vuelto-a-poner-de-moda\/","title":{"rendered":"Luis XIV y Zoolander ya farmeaban aura antes de que existiera la palabra. La explicaci\u00f3n psicol\u00f3gica a por qu\u00e9 se ha vuelto a poner de moda"},"content":{"rendered":"<div><img src=\"http:\/\/hoycordobaweb.com\/wp-content\/uploads\/2026\/09\/luis-xiv-y-zoolander-ya-farmeaban-aura-antes-de-que-existiera-la-palabra-la-explicacion-psicologica-a-por-que-se-ha-vuelto-a-poner-de-moda.jpg\" class=\"ff-og-image-inserted\"><\/div>\n<p>Con todo esto de farmear aura que ha hecho que los j\u00f3venes de la Generaci\u00f3n Z hayan <a href=\"https:\/\/www.trendencias.com\/redes-sociales\/les-dijimos-que-hay-que-pisar-cesped-eso-estan-haciendo-batallas-farmear-aura-han-sacado-a-jovenes-a-calle\">convertido parques y plazas en su nuevo escenario<\/a>, han surgido muchas voces que lo tachan de rid\u00edculo cuando en realidad<a rel=\"noopener, noreferrer\" href=\"https:\/\/www.instagram.com\/reels\/DcqQ77utgZL\/\">&nbsp;lo que ocurre es que no lo entienden<\/a>. Y es que s\u00ed, esto es un c\u00f3digo m\u00e1s de los zetas, y boomers y millennials estamos fuer\u00edsima. Pero que sea un lenguaje para la Generaci\u00f3n Z no significa que sea algo nuevo. O que est\u00e9 fuera de toda l\u00f3gica. Farmear aura viene de lejos y tiene una explicaci\u00f3n psicol\u00f3gica.&nbsp;<\/p>\n<p><!-- BREAK 1 --> <\/p>\n<p>Como <a rel=\"noopener, noreferrer\" href=\"https:\/\/theconversation.com\/de-versalles-a-tiktok-llevamos-siglos-farmeando-aura-290373\">explicaba Sandra Bravo Dur\u00e1n<\/a>, Soci\u00f3loga y Doctora en Creatividad Aplicada, <strong>llevamos siglos farmeando aura y antes de TikTok estaba Versalles<\/strong>. \u201cLuis XIV estaba farmeando aura a escala estatal. La diferencia es que entonces hac\u00edan falta un palacio, una corte y cientos de espectadores para sostener la representaci\u00f3n. Hoy basta un m\u00f3vil con c\u00e1mara\u201d, sentenciaba.&nbsp;<\/p>\n<p>En los a\u00f1os 60, en Nueva York, esas poses, gestos y movimientos llenos de poder ya formaban parte de la comunidad LGBT+, y por eso <a href=\"https:\/\/www.trendencias.com\/hombres\/voguing-chads-existe-ahora-se-llama-farmear-aura-sus-batallas-se-extienden-como-polvora-todo-mundo\">Joel Catala asegura<\/a> que farmear aura es \u201cb\u00e1sicamente el voguing de los heteros\u201d. <a rel=\"noopener, noreferrer\" href=\"https:\/\/elpais.com\/icon\/2026-09-04\/la-realidad-fue-peor-que-zoolander-la-parodia-que-profetizo-el-mundo-influencer-hace-25-anos.html\">Dice Juanjo Villalba en El Pa\u00eds<\/a> que cuando cientos de adolescentes se concentraron en Catalu\u00f1a para farmear aura, \u201cel espect\u00e1culo, a medio camino entre la performance art\u00edstica y el delirio, record\u00f3 de forma inevitable a cierta pel\u00edcula dirigida y protagonizada por Ben Stiller hace 25 a\u00f1os\u201d. \u2018<a href=\"https:\/\/www.espinof.com\/criticas\/cine-en-el-salon-zoolander-acero-azul\">Zoolander<\/a>\u2019. El acero azul, querida, tambi\u00e9n era farmear aura.&nbsp;<\/p>\n<p><!-- BREAK 2 --><\/p>\n<div class=\"article-asset-video article-asset-normal\">\n<div class=\"asset-content\">\n<p> <iframe width=\"650\" height=\"366\" src=\"\/\/www.youtube.com\/embed\/D519hT7-ytY\" allowfullscreen>[embedded content]<\/iframe> <\/p>\n<\/p><\/div>\n<\/div>\n<p><strong>L<\/strong><strong>o nuevo de este concepto no es la b\u00fasqueda de estatus, sino llevar la cuenta del mismo<\/strong>. Lo novedoso es convertir el carisma o la presencia en un marcador num\u00e9rico y p\u00fablico, y es lo m\u00e1s l\u00f3gico si pensamos en la generaci\u00f3n que lo est\u00e1 llevando a cabo: los zetas y <a href=\"https:\/\/www.trendencias.com\/familia-maternidad-y-ninos\/adolescentes-hoy-no-gen-z-sino-alfa-como-esta-nueva-generacion-criada-millennials\">los alpha<\/a>. Los j\u00f3venes de ambas generaciones son digitales y nativos de una econom\u00eda de la atenci\u00f3n donde todo se mide. Se mide en likes, en views, en compartidos, en comentarios. El contexto generacional es la explicaci\u00f3n a por qu\u00e9 ahora se mide ese farmeo de aura cuando siempre se ha farmeado sin medir nada.&nbsp;<\/p>\n<p><!-- BREAK 3 --> <\/p>\n<h2>La pregunta psicol\u00f3gica de fondo: por qu\u00e9 necesitamos que alguien lleve la cuenta<\/h2>\n<p>El soci\u00f3logo Erving Goffman <a rel=\"nofollow, sponsored, noopener, noreferrer noopener\" target=\"_blank\" class=\"js-ecommerce\" id=\"link-ecommerce-1\" href=\"https:\/\/www.webedia-afilia.com\/redirect?url=https%3A%2F%2Fwww.amazon.es%2FPresentaci%25C3%25B3n-Persona-Vida-Cotidiana-SOCIOLOGIA%2Fdp%2F9505182007&amp;category=psicologia&amp;site=trendencias&amp;ecomPostExpiration=not_classified&amp;postId=656564\" data-vars-affiliate-url=\"https:\/\/www.amazon.es\/Presentaci%C3%B3n-Persona-Vida-Cotidiana-SOCIOLOGIA\/dp\/9505182007\">explicaba en los a\u00f1os 50<\/a> que <strong>toda interacci\u00f3n social es una actuaci\u00f3n<\/strong>, y que todos llevamos un personaje a la calle, al trabajo o a una cena. Antes esa actuaci\u00f3n se evaluaba en la cabeza de quien te miraba. Ahora hay un marcador como consecuencia l\u00f3gica de una generaci\u00f3n que ya med\u00eda todo lo dem\u00e1s y para la que el carisma era a\u00fan una variable sin cuantificar.&nbsp;<\/p>\n<p>La comparaci\u00f3n social es la otra pieza que se une a esa actuaci\u00f3n en una interacci\u00f3n social para convertirse en farmear aura. El psic\u00f3logo Leon Festinger <strong>asegur\u00f3 que como seres humanos<\/strong> necesitamos medirnos con otros. Todos evaluamos nuestras propias capacidades y opiniones midi\u00e9ndonos con los dem\u00e1s, sobre todo cuando no hay una regla objetiva para saber si vamos bien. El carisma no tiene una regla y durante siglos nos hemos \u201cmedido\u201d por intuici\u00f3n, pero las redes sociales ahora s\u00ed ofrecen una m\u00e9trica literal. El \u00ab+1000 de aura\u00bb no inventa la necesidad de compararse porque eso ya exist\u00eda, lo que hace es volverla literal y para los j\u00f3venes, transformarla en un juego.<\/p>\n<p><!-- BREAK 4 --> <\/p>\n<p>La psic\u00f3loga Amaya Prado, experta en Psicolog\u00eda Educativa y Psicolog\u00eda Cl\u00ednica en infancia y adolescencia, <a rel=\"noopener, noreferrer\" href=\"https:\/\/www.hola.com\/padres\/20260825919919\/farmear-aura-que-es\/\">asegura que<\/a> esto de farmear aura para los m\u00e1s j\u00f3venes, es un ensayo con la propia imagen. Permite a los adolescentes jugar con la pregunta de c\u00f3mo quieren presentarse a los dem\u00e1s y qu\u00e9 reacci\u00f3n quieren generar, es decir, es una especie de experimentaci\u00f3n de la identidad.&nbsp;<\/p>\n<p><!-- BREAK 5 --><\/p>\n<h2>El riesgo: la autoestima contingente<\/h2>\n<p>No es narcisismo sino la misma necesidad humana de siempre. Esa necesidad de gustar, de pertenecer y destacar, pero pasada por el \u00fanico sistema de recompensas que estas generaciones conoce, el de la pantalla. Y es aqu\u00ed donde radica el riesgo. La <a rel=\"noopener, noreferrer\" href=\"https:\/\/www.gemmapsicologaclinica.com\/en-que-consiste-la-autoestima-contingente\/\">autoestima contingente<\/a>, un t\u00e9rmino relativamente nuevo de la psicolog\u00eda que hace referencia a una <strong>autoestima fr\u00e1gil que fluct\u00faa su rendimiento dependiendo de condicionamientos externos <\/strong>como la aprobaci\u00f3n, el rendimiento o la imagen en vez de sostenerse en algo m\u00e1s estable, es la autoestima que se promueve farmeando aura.&nbsp;<\/p>\n<p>Cuando convertimos el carisma en un marcador completamente p\u00fablico (a trav\u00e9s de las redes), ese marcador solo existe si hay audiencia. No existe \u00abaura\u00bb en privado, solo cuando otros te ven. Y cuando nuestro propio valor necesita espectadores para confirmarse, dejamos de lado una parte necesaria de la autoestima que no depende de otros, sino de nosotros mismos. El riesgo es que en su cabeza solo exista la idea de que el valor es algo que se demuestra y se cuenta.<\/p>\n<p><!-- BREAK 6 --> <\/p>\n<p>Pero tambi\u00e9n hay una lectura mucho menos alarmista y es que esto de farmear aura es, sobre todo, juego colectivo. Es gente reuni\u00e9ndose en parques, ri\u00e9ndose de s\u00ed misma y compitiendo sin ning\u00fan riesgo, <strong>usando referencias que solo entiende su tribu y perteneciendo<\/strong>, algo que ansiamos cada uno de los seres humanos que habitamos este planeta.&nbsp;<\/p>\n<p><!-- BREAK 7 --><\/p>\n<p>Fotos | Zoolander, Picryl, TikTok <a rel=\"noopener, noreferrer\" href=\"https:\/\/www.tiktok.com\/@chekoaguilarmx\/video\/7675805137826221330\">@chekoaguilarmx<\/a> y <a rel=\"noopener, noreferrer\" href=\"https:\/\/www.tiktok.com\/@overtime\/video\/7679924385255263501\">@overtime<\/a><\/p>\n<p>En Trendencias | <a href=\"https:\/\/www.trendencias.com\/psicologia\/violeta-acedo-herrera-psicologa-dejar-foto-whatsapp-forma-autopresentacion-transmite-estabilidad-poca-preocupacion-exposicion-digital\">Qu\u00e9 dice de ti tu foto del WhatsApp seg\u00fan una psic\u00f3loga: \u201cSeleccionamos determinados elementos de nosotros mismos para generar una impresi\u00f3n en los dem\u00e1s\u201d<\/a><\/p>\n<p><!-- BREAK 8 --><\/p>\n<p>En Xataka | <a href=\"https:\/\/www.xataka.com\/magnet\/extraordinario-no-se-hace-todos-dias-mueven-olivo-500-anos-6-000-kilos-para-plantarlo-jardin-particular\">\u00abEs extraordinario, no se hace todos los d\u00edas\u00bb: mueven un olivo de 500 a\u00f1os y 6.000 kilos para plantarlo en un jard\u00edn particular<\/a><\/p>\n<p>En DAP | <a href=\"https:\/\/www.directoalpaladar.com\/viajes\/iba-a-ser-articulo-mejor-bocadillo-jamon-mundo-dabiz-munoz-me-ha-parecido-demasiado-caro-para-escribir\">Iba a ser un art\u00edculo sobre el \u201cmejor bocadillo de jam\u00f3n del mundo\u201d de Dabiz Mu\u00f1oz, pero me ha parecido demasiado caro hasta para escribir sobre \u00e9l<\/a><\/p>\n<p><!-- BREAK 9 --> <\/p>\n","protected":false},"excerpt":{"rendered":"<p>Con todo esto de farmear aura que ha hecho que los j\u00f3venes de la Generaci\u00f3n Z hayan convertido parques y plazas en su nuevo escenario, han surgido muchas voces que lo tachan de rid\u00edculo cuando en realidad&nbsp;lo que ocurre es que no lo entienden. Y es que s\u00ed, esto es un c\u00f3digo m\u00e1s de los [&hellip;]<\/p>\n","protected":false},"author":1,"featured_media":141158,"comment_status":"closed","ping_status":"closed","sticky":false,"template":"","format":"standard","meta":[],"categories":[],"tags":[],"_links":{"self":[{"href":"http:\/\/hoycordobaweb.com\/index.php\/wp-json\/wp\/v2\/posts\/141157"}],"collection":[{"href":"http:\/\/hoycordobaweb.com\/index.php\/wp-json\/wp\/v2\/posts"}],"about":[{"href":"http:\/\/hoycordobaweb.com\/index.php\/wp-json\/wp\/v2\/types\/post"}],"author":[{"embeddable":true,"href":"http:\/\/hoycordobaweb.com\/index.php\/wp-json\/wp\/v2\/users\/1"}],"replies":[{"embeddable":true,"href":"http:\/\/hoycordobaweb.com\/index.php\/wp-json\/wp\/v2\/comments?post=141157"}],"version-history":[{"count":0,"href":"http:\/\/hoycordobaweb.com\/index.php\/wp-json\/wp\/v2\/posts\/141157\/revisions"}],"wp:featuredmedia":[{"embeddable":true,"href":"http:\/\/hoycordobaweb.com\/index.php\/wp-json\/wp\/v2\/media\/141158"}],"wp:attachment":[{"href":"http:\/\/hoycordobaweb.com\/index.php\/wp-json\/wp\/v2\/media?parent=141157"}],"wp:term":[{"taxonomy":"category","embeddable":true,"href":"http:\/\/hoycordobaweb.com\/index.php\/wp-json\/wp\/v2\/categories?post=141157"},{"taxonomy":"post_tag","embeddable":true,"href":"http:\/\/hoycordobaweb.com\/index.php\/wp-json\/wp\/v2\/tags?post=141157"}],"curies":[{"name":"wp","href":"https:\/\/api.w.org\/{rel}","templated":true}]}}