{"id":141143,"date":"2026-09-04T18:25:51","date_gmt":"2026-09-04T18:25:51","guid":{"rendered":"https:\/\/www.ole.com.ar\/messi\/messi-listo-afrontar-primer-partido-anuncio-retiro-seleccion_0_yVep2HEyFR.html"},"modified":"2026-09-04T18:25:51","modified_gmt":"2026-09-04T18:25:51","slug":"messi-listo-para-afrontar-su-primer-partido-tras-el-anuncio-de-retiro-en-la-seleccion","status":"publish","type":"post","link":"http:\/\/hoycordobaweb.com\/index.php\/2026\/09\/04\/messi-listo-para-afrontar-su-primer-partido-tras-el-anuncio-de-retiro-en-la-seleccion\/","title":{"rendered":"Messi, listo para afrontar su primer partido tras el anuncio de retiro en la Selecci\u00f3n"},"content":{"rendered":"<p><img src=\"http:\/\/hoycordobaweb.com\/wp-content\/uploads\/2026\/09\/messi-listo-para-afrontar-su-primer-partido-tras-el-anuncio-de-retiro-en-la-seleccion.jpg\"><\/p>\n<div id=\"element-body-0\" class=\"sc-df222161-0 hNvwjb\" readability=\"35.801822323462\">\n<p>Desde aquel <strong>anuncio de retiro de la Selecci\u00f3n Argentina<\/strong> que tuvo lugar el lunes y que conmocion\u00f3 al mundo, fueron d\u00edas de much\u00edsimo cari\u00f1o y, seguramente, tambi\u00e9n de much\u00edsimas sensaciones encontradas para <strong><a href=\"https:\/\/www.ole.com.ar\/tema\/lionel-messi.html\" title=\"Lionel Messi\" alt=\"Lionel Messi\" class=\"slug\">Lionel Messi<\/a>.<\/strong> Pero el astro contin\u00faa entren\u00e1ndose en el Inter Miami y este s\u00e1bado <strong>afrontar\u00e1 su primer partido tras la noticia<\/strong>; ser\u00e1 ante el Atlanta United de su ex director t\u00e9cnico y coterr\u00e1neo, <a href=\"https:\/\/www.ole.com.ar\/tema\/gerardo-martino.html\" title=\"Gerardo Martino\" alt=\"Gerardo Martino\" class=\"slug\">Gerardo el Tata Martino.<\/a><\/p>\n<\/div>\n<div id=\"element-body-1\" class=\"sc-df222161-0 hNvwjb\" readability=\"27.5871886121\">\n<p>De hecho, el Tata, quien dirigi\u00f3 a Leo tambi\u00e9n en el Barcelona y en la Albiceleste, <a href=\"https:\/\/www.ole.com.ar\/futbol-internacional\/mls\/tata-martino-retiro-messi-seleccion_0_Pr5lyCIQ44.html\" target=\"_blank\" title=\"se refiri\u00f3 en la previa a este encuentro a esa decisi\u00f3n que tom\u00f3 la Pulga,\" alt=\"se refiri\u00f3 en la previa a este encuentro a esa decisi\u00f3n que tom\u00f3 la Pulga,\" rel=\"noopener noreferrer\">se refiri\u00f3 en la previa a este encuentro a esa decisi\u00f3n que tom\u00f3 la Pulga,<\/a> de quien se\u00f1al\u00f3 que <strong>ya no merece \u00abm\u00e1s demanda\u00bb<\/strong> y que ahora debe <strong>enfocarse en \u00abdisfrutar la vida\u00bb y en \u00abdescansar\u00bb<\/strong>.<\/p>\n<\/div>\n<div id=\"element-body-2\" class=\"sc-df222161-0 hNvwjb\" readability=\"35\">\n<p><strong>\u00abNos marc\u00f3 el camino de la historia del f\u00fatbol\u00bb<\/strong>, aport\u00f3 tambi\u00e9n este viernes en conferencia de prensa el entrenador interino del Inter Miami, <strong>Guillermo Hoyos<\/strong>.<\/p>\n<\/div>\n<div id=\"element-body-3\" class=\"sc-df222161-0 hNvwjb\" readability=\"41\">\n<p>\u00abHoy estamos muy melanc\u00f3licos y muy dolidos con esta situaci\u00f3n porque lo queremos tanto y lo queremos ver siempre con los colores de la Selecci\u00f3n, realmente nos dio much\u00edsimas cosas, nos ense\u00f1\u00f3 amor por el pa\u00eds y no quedan palabras para agradecer\u00bb, a\u00f1adi\u00f3 Hoyos, quien <strong>ser\u00e1 reemplazado en el cargo por Cristian Kily Gonz\u00e1lez<\/strong>, de gran relaci\u00f3n con Messi, cuando este reciba la aprobaci\u00f3n de la documentaci\u00f3n necesaria.<\/p>\n<\/div>\n<div class=\"sc-c0843421-0 iNysjD image-embed\" id=\"element-body-4\"><img alt=\"Messi en el Inter Miami.\" loading=\"lazy\" width=\"720\" height=\"100\" decoding=\"async\" data-nimg=\"1\" src=\"http:\/\/hoycordobaweb.com\/wp-content\/uploads\/2026\/09\/messi-listo-para-afrontar-su-primer-partido-tras-el-anuncio-de-retiro-en-la-seleccion-2.jpg\"><span class=\"epigraphe\">Messi en el Inter Miami.<\/span><\/div>\n<div id=\"element-body-5\" class=\"sc-df222161-0 hNvwjb\" readability=\"40\">\n<p>Leo, por su parte, tratar\u00e1 de tener otro partido extraordinario -lo normal para \u00e9l- en pos de <strong>acercar al Inter Miami, escolta con 42 unidades, a la punta<\/strong>, que es del Nashville, l\u00edder en soledad con 52.<\/p>\n<\/div>\n<div id=\"element-body-6\" class=\"sc-df222161-0 hNvwjb\" readability=\"37\">\n<p>El Diez, de 39 a\u00f1os, viene de hacer ni m\u00e1s ni menos que <strong>cuatro goles en el \u00faltimo partido con el Inter Miami<\/strong>: fue en el 7-1 frente a Montreal, dos d\u00edas antes de que brinde la noticia de su <strong>retiro de la Selecci\u00f3n<\/strong>.<\/p>\n<\/div>\n<div id=\"element-body-7\" class=\"sc-8712cf2e-1 brsVwg\"><figcaption class=\"JWvideoNota_title\">\n<p>Video: Apple TV<\/p>\n<\/figcaption><\/div>\n<div id=\"element-body-8\" class=\"sc-df222161-0 hNvwjb\" readability=\"44\">\n<p>Un retiro que, como le pidieron todos los argentinos y Ol\u00e9, que lanz\u00f3 el hashtag #PorLa\u00daltimadeLeo, deber\u00eda tener un adi\u00f3s en cancha. Una \u00faltima funci\u00f3n de su zurda m\u00e1gica. Y ese deseo de verlo por \u00faltima vez con la Selecci\u00f3n <strong>podr\u00eda darse en los amistosos de la fecha FIFA<\/strong> (21 de septiembre &#8211; 6 de octubre). A\u00fan no hay rivales confirmados -la AFA inform\u00f3 que los anunciar\u00e1 el pr\u00f3ximo lunes 6 de septiembre-, pero se espera que sean dos y que ambos partidos, claro, <strong>se jueguen en el pa\u00eds<\/strong>. Y que Messi, si as\u00ed lo desea, pueda tener esa despedida inolvidable, con el cari\u00f1o de todo su pueblo.<\/p>\n<\/div>\n<div class=\"sc-c0843421-0 iNysjD image-embed\" id=\"element-body-10\"><img alt=\"Messi merece el adi\u00f3s ante su gente. (Foto: Reuters)\" loading=\"lazy\" width=\"720\" height=\"100\" decoding=\"async\" data-nimg=\"1\" src=\"http:\/\/hoycordobaweb.com\/wp-content\/uploads\/2026\/09\/messi-listo-para-afrontar-su-primer-partido-tras-el-anuncio-de-retiro-en-la-seleccion-3.jpg\"><span class=\"epigraphe\">Messi merece el adi\u00f3s ante su gente. (Foto: Reuters)<\/span><\/div>\n<p><h2><strong>Cu\u00e1ndo y a qu\u00e9 hora se enfrentar\u00e1n el Inter Miami de Messi y el Atlanta United<\/strong><\/h2>\n<\/p>\n<div id=\"element-body-12\" class=\"sc-df222161-0 hNvwjb\" readability=\"37\">\n<p>El <strong>partido entre el Inter Miami de Messi y el Atlanta United<\/strong> del Tata Martino tendr\u00e1 lugar <strong>este s\u00e1bado 5 de septiembre a las 20:30<\/strong> (hora argentina), en el Nu Stadium. Ser\u00e1 <strong>transmitido por la pantalla de Apple TV<\/strong> y se podr\u00e1 seguir tambi\u00e9n el minuto a minuto a trav\u00e9s de la web de Ol\u00e9, como siempre.<\/p>\n<\/div>\n<div id=\"element-body-13\" class=\"sc-a7166897-0 eTTZWU\" readability=\"32\">\n<section readability=\"4\"><picture><img alt=\"El Tata Martino y el retiro de Messi de la Selecci\u00f3n: &quot;Ya no requiere m\u00e1s demanda, requiere disfrutar la vida&quot;\" loading=\"lazy\" width=\"290\" height=\"290\" decoding=\"async\" data-nimg=\"1\" src=\"http:\/\/hoycordobaweb.com\/wp-content\/uploads\/2026\/09\/messi-listo-para-afrontar-su-primer-partido-tras-el-anuncio-de-retiro-en-la-seleccion-4.jpg\"><\/picture>\n<p><span>Mir\u00e1 tambi\u00e9n<\/span><\/p>\n<hr>\n<h3>El Tata Martino y el retiro de Messi de la Selecci\u00f3n: \u00abYa no requiere m\u00e1s demanda, requiere disfrutar la vida\u00bb<\/h3>\n<\/p>\n<\/section>\n<\/div>\n<div id=\"element-body-14\" class=\"sc-a7166897-0 eTTZWU\" readability=\"31.5\">\n<section readability=\"3\"><picture><img alt=\"Dias de definiciones para la Selecci\u00f3n: convocados, rivales y negociaciones\" loading=\"lazy\" width=\"290\" height=\"290\" decoding=\"async\" data-nimg=\"1\" src=\"http:\/\/hoycordobaweb.com\/wp-content\/uploads\/2026\/09\/messi-listo-para-afrontar-su-primer-partido-tras-el-anuncio-de-retiro-en-la-seleccion-5.jpg\"><\/picture>\n<p><span>Mir\u00e1 tambi\u00e9n<\/span><\/p>\n<hr>\n<h3>Dias de definiciones para la Selecci\u00f3n: convocados, rivales y negociaciones<\/h3>\n<\/p>\n<\/section>\n<\/div>\n<div id=\"element-body-15\" class=\"sc-a7166897-0 eTTZWU\" readability=\"31.5\">\n<section readability=\"3\"><picture><img alt=\"El contundente resultado de la encuesta de Ol\u00e9: \u00bfd\u00f3nde deber\u00eda jugar Messi su \u00faltimo partido con la Selecci\u00f3n?\" loading=\"lazy\" width=\"290\" height=\"290\" decoding=\"async\" data-nimg=\"1\" src=\"http:\/\/hoycordobaweb.com\/wp-content\/uploads\/2026\/09\/messi-listo-para-afrontar-su-primer-partido-tras-el-anuncio-de-retiro-en-la-seleccion-6.jpg\"><\/picture>\n<p><span>Mir\u00e1 tambi\u00e9n<\/span><\/p>\n<hr>\n<h3>El contundente resultado de la encuesta de Ol\u00e9: \u00bfd\u00f3nde deber\u00eda jugar Messi su \u00faltimo partido con la Selecci\u00f3n?<\/h3>\n<\/p>\n<\/section>\n<\/div>\n","protected":false},"excerpt":{"rendered":"<p>Desde aquel anuncio de retiro de la Selecci\u00f3n Argentina que tuvo lugar el lunes y que conmocion\u00f3 al mundo, fueron d\u00edas de much\u00edsimo cari\u00f1o y, seguramente, tambi\u00e9n de much\u00edsimas sensaciones encontradas para Lionel Messi. Pero el astro contin\u00faa entren\u00e1ndose en el Inter Miami y este s\u00e1bado afrontar\u00e1 su primer partido tras la noticia; ser\u00e1 ante [&hellip;]<\/p>\n","protected":false},"author":1,"featured_media":141144,"comment_status":"open","ping_status":"closed","sticky":false,"template":"","format":"standard","meta":[],"categories":[16],"tags":[],"_links":{"self":[{"href":"http:\/\/hoycordobaweb.com\/index.php\/wp-json\/wp\/v2\/posts\/141143"}],"collection":[{"href":"http:\/\/hoycordobaweb.com\/index.php\/wp-json\/wp\/v2\/posts"}],"about":[{"href":"http:\/\/hoycordobaweb.com\/index.php\/wp-json\/wp\/v2\/types\/post"}],"author":[{"embeddable":true,"href":"http:\/\/hoycordobaweb.com\/index.php\/wp-json\/wp\/v2\/users\/1"}],"replies":[{"embeddable":true,"href":"http:\/\/hoycordobaweb.com\/index.php\/wp-json\/wp\/v2\/comments?post=141143"}],"version-history":[{"count":0,"href":"http:\/\/hoycordobaweb.com\/index.php\/wp-json\/wp\/v2\/posts\/141143\/revisions"}],"wp:featuredmedia":[{"embeddable":true,"href":"http:\/\/hoycordobaweb.com\/index.php\/wp-json\/wp\/v2\/media\/141144"}],"wp:attachment":[{"href":"http:\/\/hoycordobaweb.com\/index.php\/wp-json\/wp\/v2\/media?parent=141143"}],"wp:term":[{"taxonomy":"category","embeddable":true,"href":"http:\/\/hoycordobaweb.com\/index.php\/wp-json\/wp\/v2\/categories?post=141143"},{"taxonomy":"post_tag","embeddable":true,"href":"http:\/\/hoycordobaweb.com\/index.php\/wp-json\/wp\/v2\/tags?post=141143"}],"curies":[{"name":"wp","href":"https:\/\/api.w.org\/{rel}","templated":true}]}}