{"id":141141,"date":"2026-09-04T18:34:43","date_gmt":"2026-09-04T18:34:43","guid":{"rendered":"https:\/\/www.ole.com.ar\/futbol-internacional\/italia\/genoa-serie-nico-paz-maximo-perrone-italia_0_aCERBOJxPo.html"},"modified":"2026-09-04T18:34:43","modified_gmt":"2026-09-04T18:34:43","slug":"con-nico-paz-y-perrone-de-titulares-el-como-visita-al-genoa","status":"publish","type":"post","link":"http:\/\/hoycordobaweb.com\/index.php\/2026\/09\/04\/con-nico-paz-y-perrone-de-titulares-el-como-visita-al-genoa\/","title":{"rendered":"Con Nico Paz y Perrone de titulares, el Como visita al Genoa"},"content":{"rendered":"<p><img src=\"http:\/\/hoycordobaweb.com\/wp-content\/uploads\/2026\/09\/con-nico-paz-y-perrone-de-titulares-el-como-visita-al-genoa.jpg\"><\/p>\n<div id=\"element-body-0\" class=\"sc-df222161-0 hNvwjb\" readability=\"29.544117647059\">\n<p><strong>El <a href=\"https:\/\/www.ole.com.ar\/tema\/como.html\" title=\"Como\" alt=\"Como\" class=\"slug\">Como<\/a> visita este viernes a las 15.45 (hora Argentina) al <a href=\"https:\/\/www.ole.com.ar\/tema\/genoa.html\" title=\"Genoa\" alt=\"Genoa\" class=\"slug\">Genoa<\/a> por la fecha 3 de la <a href=\"https:\/\/www.ole.com.ar\/tema\/serie-a.html\" title=\"Serie A\" alt=\"Serie A\" class=\"slug\">Serie A<\/a>.<\/strong> Y otra vez habr\u00e1 presencia de dos argentinos en el conjunto de <a href=\"https:\/\/www.ole.com.ar\/tema\/cesc-fabregas.html\" title=\"Cesc F\u00e1bregas\" alt=\"Cesc F\u00e1bregas\" class=\"slug\">Cesc F\u00e1bregas<\/a>: <strong><a href=\"https:\/\/www.ole.com.ar\/tema\/maximo-perrone.html\" title=\"M\u00e1ximo Perrone\" alt=\"M\u00e1ximo Perrone\" class=\"slug\">M\u00e1ximo Perrone<\/a><\/strong> volver\u00e1 a la titularidad tras entrar en el segundo tiempo en la victoria 2-1 ante el N\u00e1poles y <strong><a href=\"https:\/\/www.ole.com.ar\/tema\/nicolas-paz.html\" title=\"Nicol\u00e1s Paz\" alt=\"Nicol\u00e1s Paz\" class=\"slug\">Nico Paz<\/a><\/strong> ser\u00e1 titular por tercera vez consecutiva.<\/p>\n<\/div>\n<div id=\"element-body-1\" class=\"sc-df222161-0 hNvwjb\" readability=\"38\">\n<p>Los del norte de Italia est\u00e1n <strong>ubicados en el 8\u00b0 puesto con 4 puntos<\/strong>, en la primera fecha rescataron un empate 1-1 ante Udinese, y en la segunda vencieron a los subcampeones de la temporada anterior. Del otro lado, <strong>Genoa est\u00e1 16\u00b0, sin puntos<\/strong>.<\/p>\n<\/div>\n<p><h2>Las alineaciones<\/h2>\n<\/p>\n<p><h3>Genoa (3-5-2)<\/h3>\n<\/p>\n<div id=\"element-body-4\" class=\"sc-df222161-0 hNvwjb\" readability=\"42\">\n<p><strong>Titulares<\/strong>: Bijlow, Marcandalli, Ostig\u00e5rd, Vasquez; Sabelli, Sow, Frendrup, Baldanzi, Ellertsson, Osmajic, Colombo.<\/p>\n<\/div>\n<div id=\"element-body-5\" class=\"sc-df222161-0 hNvwjb\">\n<p><strong>DT<\/strong>: De Rossi<\/p>\n<\/div>\n<div id=\"element-body-6\" class=\"sc-df222161-0 hNvwjb\" readability=\"45\">\n<p><strong>Suplentes<\/strong>: Stolz, Sommariva, Doucoure, Otoa, Puczka, Mitaj, Wiafe, Amorim, Meichtry, Traor\u00e8 Jr., Ehizibue, El Shaarawy, Vitinha y Messias.<\/p>\n<\/div>\n<p><h3>Como (4-2-3-1)<\/h3>\n<\/p>\n<div id=\"element-body-8\" class=\"sc-df222161-0 hNvwjb\" readability=\"42\">\n<p><strong>Titulares<\/strong>: Butez, Couto, Ram\u00f3n, Chalobah, Valle, Perrone, Da Cunha, Diao, Nico Paz, Baturina y Douvikas.<\/p>\n<\/div>\n<div id=\"element-body-9\" class=\"sc-df222161-0 hNvwjb\">\n<p><strong>DT<\/strong>: Fabregas<\/p>\n<\/div>\n<div id=\"element-body-10\" class=\"sc-df222161-0 hNvwjb\" readability=\"46\">\n<p><strong>Suplentes<\/strong>: Vigorito, Sanchez, Kaiki, Kambwala, Smolcic, Dossena, Goldaniga, Kempf, Lahdo, J. Rodriguez, Ricci, Caqueret, Milla, Liberali y Kean.<\/p>\n<\/div>\n<p><h2>Las estad\u00edsticas del partido<\/h2>\n<\/p>\n<div id=\"element-body-13\" class=\"sc-a7166897-0 eTTZWU\" readability=\"31.5\">\n<section readability=\"3\"><picture><img alt=\"Reconocimiento para Nico Paz en Italia: \u00bfqu\u00e9 premio gan\u00f3 el volante de la Selecci\u00f3n Argentina?\" loading=\"lazy\" width=\"290\" height=\"290\" decoding=\"async\" data-nimg=\"1\" src=\"http:\/\/hoycordobaweb.com\/wp-content\/uploads\/2026\/09\/con-nico-paz-y-perrone-de-titulares-el-como-visita-al-genoa-2.jpg\"><\/picture>\n<p><span>Mir\u00e1 tambi\u00e9n<\/span><\/p>\n<hr>\n<h3>Reconocimiento para Nico Paz en Italia: \u00bfqu\u00e9 premio gan\u00f3 el volante de la Selecci\u00f3n Argentina?<\/h3>\n<\/p>\n<\/section>\n<\/div>\n<div id=\"element-body-14\" class=\"sc-a7166897-0 eTTZWU\" readability=\"31.5\">\n<section readability=\"3\"><picture><img alt=\"Barajar y dar de nuevo: Juli\u00e1n \u00c1lvarez volvi\u00f3 a ser convocado en Atl\u00e9tico de Madrid \" loading=\"lazy\" width=\"290\" height=\"290\" decoding=\"async\" data-nimg=\"1\" src=\"http:\/\/hoycordobaweb.com\/wp-content\/uploads\/2026\/09\/con-nico-paz-y-perrone-de-titulares-el-como-visita-al-genoa-3.jpg\"><\/picture>\n<p><span>Mir\u00e1 tambi\u00e9n<\/span><\/p>\n<hr>\n<h3>Barajar y dar de nuevo: Juli\u00e1n \u00c1lvarez volvi\u00f3 a ser convocado en Atl\u00e9tico de Madrid<br \/>\n<\/h3>\n<\/p>\n<\/section>\n<\/div>\n<div id=\"element-body-15\" class=\"sc-a7166897-0 eTTZWU\" readability=\"31.5\">\n<section readability=\"3\"><picture><img alt=\"Cambio de aires en Chelsea: la decisi\u00f3n que tom\u00f3 Dibu Mart\u00ednez antes de enfrentar al Arsenal\" loading=\"lazy\" width=\"290\" height=\"290\" decoding=\"async\" data-nimg=\"1\" src=\"http:\/\/hoycordobaweb.com\/wp-content\/uploads\/2026\/09\/con-nico-paz-y-perrone-de-titulares-el-como-visita-al-genoa-4.jpg\"><\/picture>\n<p><span>Mir\u00e1 tambi\u00e9n<\/span><\/p>\n<hr>\n<h3>Cambio de aires en Chelsea: la decisi\u00f3n que tom\u00f3 Dibu Mart\u00ednez antes de enfrentar al Arsenal<\/h3>\n<\/p>\n<\/section>\n<\/div>\n","protected":false},"excerpt":{"rendered":"<p>El Como visita este viernes a las 15.45 (hora Argentina) al Genoa por la fecha 3 de la Serie A. Y otra vez habr\u00e1 presencia de dos argentinos en el conjunto de Cesc F\u00e1bregas: M\u00e1ximo Perrone volver\u00e1 a la titularidad tras entrar en el segundo tiempo en la victoria 2-1 ante el N\u00e1poles y Nico [&hellip;]<\/p>\n","protected":false},"author":1,"featured_media":141142,"comment_status":"open","ping_status":"closed","sticky":false,"template":"","format":"standard","meta":[],"categories":[16],"tags":[],"_links":{"self":[{"href":"http:\/\/hoycordobaweb.com\/index.php\/wp-json\/wp\/v2\/posts\/141141"}],"collection":[{"href":"http:\/\/hoycordobaweb.com\/index.php\/wp-json\/wp\/v2\/posts"}],"about":[{"href":"http:\/\/hoycordobaweb.com\/index.php\/wp-json\/wp\/v2\/types\/post"}],"author":[{"embeddable":true,"href":"http:\/\/hoycordobaweb.com\/index.php\/wp-json\/wp\/v2\/users\/1"}],"replies":[{"embeddable":true,"href":"http:\/\/hoycordobaweb.com\/index.php\/wp-json\/wp\/v2\/comments?post=141141"}],"version-history":[{"count":0,"href":"http:\/\/hoycordobaweb.com\/index.php\/wp-json\/wp\/v2\/posts\/141141\/revisions"}],"wp:featuredmedia":[{"embeddable":true,"href":"http:\/\/hoycordobaweb.com\/index.php\/wp-json\/wp\/v2\/media\/141142"}],"wp:attachment":[{"href":"http:\/\/hoycordobaweb.com\/index.php\/wp-json\/wp\/v2\/media?parent=141141"}],"wp:term":[{"taxonomy":"category","embeddable":true,"href":"http:\/\/hoycordobaweb.com\/index.php\/wp-json\/wp\/v2\/categories?post=141141"},{"taxonomy":"post_tag","embeddable":true,"href":"http:\/\/hoycordobaweb.com\/index.php\/wp-json\/wp\/v2\/tags?post=141141"}],"curies":[{"name":"wp","href":"https:\/\/api.w.org\/{rel}","templated":true}]}}