{"id":141135,"date":"2026-09-04T18:54:08","date_gmt":"2026-09-04T18:54:08","guid":{"rendered":"https:\/\/www.ole.com.ar\/futbol-internacional\/desafio-especial-marcelo-gallardo-seleccion-ecuador-cortar-sequia-90-anos_0_voFlcSGzjL.html"},"modified":"2026-09-04T18:54:08","modified_gmt":"2026-09-04T18:54:08","slug":"el-desafio-especial-de-gallardo-en-ecuador-buscara-cortar-una-sequia-de-casi-90-anos","status":"publish","type":"post","link":"http:\/\/hoycordobaweb.com\/index.php\/2026\/09\/04\/el-desafio-especial-de-gallardo-en-ecuador-buscara-cortar-una-sequia-de-casi-90-anos\/","title":{"rendered":"El desaf\u00edo especial de Gallardo en Ecuador: buscar\u00e1 cortar una sequ\u00eda de casi 90 a\u00f1os&#8230;"},"content":{"rendered":"<p><img src=\"http:\/\/hoycordobaweb.com\/wp-content\/uploads\/2026\/09\/el-desafio-especial-de-gallardo-en-ecuador-buscara-cortar-una-sequia-de-casi-90-anos.jpg\"><\/p>\n<div id=\"element-body-0\" class=\"sc-df222161-0 hNvwjb\" readability=\"33.679487179487\">\n<p>Tras semanas de negociaciones, <strong>Marcelo Gallardo <\/strong> lleg\u00f3 a un acuerdo para ser el <a href=\"https:\/\/www.ole.com.ar\/futbol-internacional\/marcelo-gallardo-acuerdo-verbal-entrenador-ecuador_0_GF9IZeo2My.html\" target=\"_blank\" title=\"nuevo entrenador de Ecuador.\" alt=\"nuevo entrenador de Ecuador.\" rel=\"noopener noreferrer\">nuevo entrenador de Ecuador.<\/a> As\u00ed, el Mu\u00f1eco tendr\u00e1 su primera experiencia a nivel selecciones y encarar\u00e1 un desaf\u00edo especial: <strong>buscar cortar una sequ\u00eda de t\u00edtulos que lleva casi 90 a\u00f1os <\/strong> y que tiene a los hinchas desesperados.<\/p>\n<\/div>\n<div id=\"element-body-1\" class=\"sc-df222161-0 hNvwjb\" readability=\"40\">\n<p>La Tri, como se conoce al seleccionado que tendr\u00e1 como DT al ex River, j <strong>ug\u00f3 su primer partido en 1938<\/strong>, cuando empat\u00f3 1-1 ante Bolivia. Desde entonces jam\u00e1s pudo dar una vuelta ol\u00edmpica, ni tampoco disput\u00f3 una final. <strong>Su mejor ubicaci\u00f3n en torneos es el cuarto puesto de la Copa Am\u00e9rica 1993,<\/strong> campeonato en el que fueron locales.<\/p>\n<\/div>\n<div id=\"element-body-2\" class=\"sc-df222161-0 hNvwjb\" readability=\"38\">\n<p>Pese al crecimiento sostenido de las \u00faltimas dos d\u00e9cadas, <strong>Ecuador es una de las dos selecciones de Conmebol que no tienen t\u00edtulos oficiales (la otra es Venezuela) a nivel Absoluto<\/strong>. La \u00fanica vuelta la dieron el Sudamericano Sub 20 de 2019, en el que se destac\u00f3 Gonzalo Plata, quien ser\u00e1 dirigido por MG.<\/p>\n<\/div>\n<div class=\"sc-c0843421-0 iNysjD image-embed\" id=\"element-body-3\"><img alt=\"Gallardo dirigir\u00e1 a Ecuador. \" loading=\"lazy\" width=\"720\" height=\"100\" decoding=\"async\" data-nimg=\"1\" src=\"http:\/\/hoycordobaweb.com\/wp-content\/uploads\/2026\/09\/el-desafio-especial-de-gallardo-en-ecuador-buscara-cortar-una-sequia-de-casi-90-anos-2.jpg\"><span class=\"epigraphe\">Gallardo dirigir\u00e1 a Ecuador. <\/span><\/div>\n<p><h2><strong>La Copa Am\u00e9rica 2028, el gran objetivo<\/strong><\/h2>\n<\/p>\n<div id=\"element-body-5\" class=\"sc-df222161-0 hNvwjb\" readability=\"30.501492537313\">\n<p>Con Sebasti\u00e1n Beccacece en el banco de suplentes, Ecuador lleg\u00f3 al <strong>Mundial 2026<\/strong> con la meta de <a href=\"https:\/\/www.ole.com.ar\/ecuador\/la-tri\/entrevista-sebastian-beccacece-hacer-mejor-mundial-historia-ecuador_0_dVJBJLnOvK.html\" target=\"_blank\" title=\"hacer la mejor Copa de su historia\" alt=\"hacer la mejor Copa de su historia\" rel=\"noopener noreferrer\">hacer la mejor Copa de su historia<\/a>. Sin embargo, no cumpli\u00f3 ese objetivo: aunque dio el batacazo de ganarle a Alemania en la fase de grupos, <a href=\"https:\/\/www.ole.com.ar\/ecuador\/la-tri\/mexico-vs-ecuador-16avos-final-mundial-2026-hoy-vivo-hora-ver-tv-alineaciones-resultado-video-goles-clasificado-octavos_0_Cf0iuALnpC.html\" target=\"_blank\" title=\"cay\u00f3 contra M\u00e9xico en 16avos de final\" alt=\"cay\u00f3 contra M\u00e9xico en 16avos de final\" rel=\"noopener noreferrer\">cay\u00f3 contra M\u00e9xico en 16avos de final<\/a>, en un cotejo en el que fue superado de principio a fin.<\/p>\n<\/div>\n<div id=\"element-body-6\" class=\"sc-df222161-0 hNvwjb\" readability=\"38\">\n<p>Para poder hacer el mejor Mundial de su historia, el list\u00f3n de La Tri era llegar hasta los cuartos de final. Es que en 2006, con otra gran generaci\u00f3n de futbolistas, Ecuador hab\u00eda llegado hasta octavos, instancia en la que perdi\u00f3 ante Inglaterra.<\/p>\n<\/div>\n<div id=\"element-body-7\" class=\"sc-df222161-0 hNvwjb\" readability=\"37\">\n<p>A\u00fan lejos del nivel de los candidatos al gran torneo de la FIFA, <strong>el objetivo m\u00e1s realista para el nuevo equipo de Gallardo ser\u00e1 la Copa Am\u00e9rica 2028<\/strong>, que deber\u00eda jugarse en Ecuador, aunque las \u00faltimas versiones indican que el certamen volver\u00e1 a celebrarse en Estados Unidos.<\/p>\n<\/div>\n<div class=\"sc-c0843421-0 iNysjD image-embed\" id=\"element-body-8\"><img alt=\"Ecuador busca su primer t\u00edtulo. \" loading=\"lazy\" width=\"720\" height=\"100\" decoding=\"async\" data-nimg=\"1\" src=\"http:\/\/hoycordobaweb.com\/wp-content\/uploads\/2026\/09\/el-desafio-especial-de-gallardo-en-ecuador-buscara-cortar-una-sequia-de-casi-90-anos-3.jpg\"><span class=\"epigraphe\">Ecuador busca su primer t\u00edtulo. <\/span><\/div>\n<div id=\"element-body-9\" class=\"sc-df222161-0 hNvwjb\" readability=\"38.321022727273\">\n<p>En la Copa Am\u00e9rica de 2024, La Tri estuvo muy cerca de darle un golpazo a la Scaloneta. En los cuartos de final, <a href=\"https:\/\/www.ole.com.ar\/ecuador\/internacional\/seleccion-ecuador-vs-argentina-copa-america-cuartos-final-hoy-vivo-hora-tele-alineaciones-resultado-videos-goles_0_QraWy7Zuh5.html\" target=\"_blank\" title=\"casi vence a Argentina:\" alt=\"casi vence a Argentina:\" rel=\"noopener noreferrer\">casi vence a Argentina:<\/a> <strong>Jordy Caicedo<\/strong>, actual delantero de Hurac\u00e1n, tuvo una chance clar\u00edsima para poner el 2-1 en la \u00faltima pelota del partido. Finalmente, ese equipo dirigido por el espa\u00f1ol F\u00e9lix S\u00e1nchez Bas, <strong>cay\u00f3 en los penales.<\/strong><\/p>\n<\/div>\n<p><h2><strong>El desaf\u00edo de hacer engranar a las estrellas<\/strong><\/h2>\n<\/p>\n<div id=\"element-body-11\" class=\"sc-df222161-0 hNvwjb\" readability=\"39\">\n<p>Otro de los desaf\u00edos que tendr\u00e1 el Mu\u00f1eco en esta nueva aventura ser\u00e1 <strong>hacer engranar a una selecci\u00f3n que hasta ahora tuvo m\u00e1s nombre que juego. <\/strong> Con la impresionante f\u00e1brica de talentos que es la cantera de <strong>Independiente del Valle<\/strong>, Ecuador cuenta con jugadores en equipos top de Europa: <strong> Mois\u00e9s Caicedo (Chelsea), Willian Pacho (PSG), Piero Hincapi\u00e9 (Arsenal)<\/strong>, entre otros.<\/p>\n<\/div>\n<div id=\"element-body-12\" class=\"sc-df222161-0 hNvwjb\" readability=\"38\">\n<p>Sin embargo, esta generaci\u00f3n que empez\u00f3 a tener roce internacional con Gustavo Alfaro, ya lleva dos entrenadores m\u00e1s sin convencer desde el juego: ni con S\u00e1nchez Bas ni con Beccacece alcanz\u00f3 un gran nivel. Aunque con el DT argentino tuvo un <strong> invicto de 19 partidos<\/strong> (el m\u00e1s largo de su historia), fue muy cuestionado por los hinchas por su postura muy defensiva.<\/p>\n<\/div>\n<div id=\"element-body-13\" class=\"sc-df222161-0 hNvwjb\" readability=\"29.736342042755\">\n<p>Con una defensa top y un medio que tiene a Caicedo como caudillo, una de las primeras tareas de MG ser\u00e1 encontrar un titular en un puesto clave: d <strong>eber\u00e1 reemplazar a Enner Valencia.<\/strong> El delantero de Boca <a href=\"https:\/\/www.ole.com.ar\/ecuador\/la-tri\/mensaje-despedida-enner-valencia-seleccion-ecuador_0_EWA9uZ6Zo3.html\" target=\"_blank\" title=\"se retir\u00f3 de la selecci\u00f3n tras el Mundial 2026\" alt=\"se retir\u00f3 de la selecci\u00f3n tras el Mundial 2026\" rel=\"noopener noreferrer\">se retir\u00f3 de la selecci\u00f3n tras el Mundial 2026<\/a>. Con Jordy Caicedo como opci\u00f3n, tambi\u00e9n aparece <strong>Juan Riquelme Angulo<\/strong>, un punta de 18 a\u00f1os que hace unos d\u00edas f <a href=\"https:\/\/www.ole.com.ar\/futbol-internacional\/inglaterra\/fichaje-sorpresa-inglaterra-riquelme-jugara-premier-league_0_JTFd3SkFPQ.html\" target=\"_blank\" title=\"ue comprado por el Sunderland, de la Premier League.\" alt=\"ue comprado por el Sunderland, de la Premier League.\" rel=\"noopener noreferrer\">ue comprado por el Sunderland, de la Premier League.<\/a><\/p>\n<\/div>\n<div class=\"sc-c0843421-0 iNysjD image-embed\" id=\"element-body-14\"><img alt=\"Enner Valencia se retir\u00f3.\" loading=\"lazy\" width=\"720\" height=\"100\" decoding=\"async\" data-nimg=\"1\" src=\"http:\/\/hoycordobaweb.com\/wp-content\/uploads\/2026\/09\/el-desafio-especial-de-gallardo-en-ecuador-buscara-cortar-una-sequia-de-casi-90-anos-4.jpg\"><span class=\"epigraphe\">Enner Valencia se retir\u00f3.<\/span><\/div>\n<div id=\"element-body-15\" class=\"sc-df222161-0 hNvwjb\" readability=\"38\">\n<p>Probablemente, el Mu\u00f1eco tambi\u00e9n acept\u00f3 esta propuesta por los talentos que podr\u00e1 terminar de pulir durante su ciclo. Es que los tricolores ya tienen juveniles vendidos a algunos de los clubes m\u00e1s destacados: <strong>Holger Quintero (Arsenal), Edwin Quintero (Arsenal), Justin Lerma (Borussia Dortmund) y Josu\u00e9 Caicedo (Barcelona).<\/strong><\/p>\n<\/div>\n<div id=\"element-body-16\" class=\"sc-a7166897-0 eTTZWU\" readability=\"31.5\">\n<section readability=\"3\"><picture><img alt=\"Gallardo acord\u00f3 su llegada a Ecuador: cu\u00e1ndo debutar\u00e1 y las estrellas que podr\u00e1 dirigir\" loading=\"lazy\" width=\"290\" height=\"290\" decoding=\"async\" data-nimg=\"1\" src=\"http:\/\/hoycordobaweb.com\/wp-content\/uploads\/2026\/09\/el-desafio-especial-de-gallardo-en-ecuador-buscara-cortar-una-sequia-de-casi-90-anos-5.jpg\"><\/picture>\n<p><span>Mir\u00e1 tambi\u00e9n<\/span><\/p>\n<hr>\n<h3>Gallardo acord\u00f3 su llegada a Ecuador: cu\u00e1ndo debutar\u00e1 y las estrellas que podr\u00e1 dirigir<\/h3>\n<\/p>\n<\/section>\n<\/div>\n<div id=\"element-body-17\" class=\"sc-a7166897-0 eTTZWU\" readability=\"31.5\">\n<section readability=\"3\"><picture><img alt=\"El estilo Ponzio como DT de River, con el m\u00e9todo Gallardo como modelo de conducci\u00f3n\" loading=\"lazy\" width=\"290\" height=\"290\" decoding=\"async\" data-nimg=\"1\" src=\"http:\/\/hoycordobaweb.com\/wp-content\/uploads\/2026\/09\/el-desafio-especial-de-gallardo-en-ecuador-buscara-cortar-una-sequia-de-casi-90-anos-6.jpg\"><\/picture>\n<p><span>Mir\u00e1 tambi\u00e9n<\/span><\/p>\n<hr>\n<h3>El estilo Ponzio como DT de River, con el m\u00e9todo Gallardo como modelo de conducci\u00f3n<\/h3>\n<\/p>\n<\/section>\n<\/div>\n<div id=\"element-body-18\" class=\"sc-a7166897-0 eTTZWU\" readability=\"31.5\">\n<section readability=\"3\"><picture><img alt=\"Barajar y dar de nuevo: Juli\u00e1n \u00c1lvarez volvi\u00f3 a ser convocado en Atl\u00e9tico de Madrid \" loading=\"lazy\" width=\"290\" height=\"290\" decoding=\"async\" data-nimg=\"1\" src=\"http:\/\/hoycordobaweb.com\/wp-content\/uploads\/2026\/09\/el-desafio-especial-de-gallardo-en-ecuador-buscara-cortar-una-sequia-de-casi-90-anos-7.jpg\"><\/picture>\n<p><span>Mir\u00e1 tambi\u00e9n<\/span><\/p>\n<hr>\n<h3>Barajar y dar de nuevo: Juli\u00e1n \u00c1lvarez volvi\u00f3 a ser convocado en Atl\u00e9tico de Madrid<br \/>\n<\/h3>\n<\/p>\n<\/section>\n<\/div>\n<div id=\"element-body-19\" class=\"sc-a7166897-0 eTTZWU\" readability=\"31.5\">\n<section readability=\"3\"><picture><img alt=\"La cargada de Gremio a Inter luego de eliminarlo de la Copa de Brasil que incluy\u00f3 un vals de 15\" loading=\"lazy\" width=\"290\" height=\"290\" decoding=\"async\" data-nimg=\"1\" src=\"http:\/\/hoycordobaweb.com\/wp-content\/uploads\/2026\/09\/el-desafio-especial-de-gallardo-en-ecuador-buscara-cortar-una-sequia-de-casi-90-anos-8.jpg\"><\/picture>\n<p><span>Mir\u00e1 tambi\u00e9n<\/span><\/p>\n<hr>\n<h3>La cargada de Gremio a Inter luego de eliminarlo de la Copa de Brasil que incluy\u00f3 un vals de 15<\/h3>\n<\/p>\n<\/section>\n<\/div>\n<div id=\"element-body-20\" class=\"sc-a7166897-0 eTTZWU\" readability=\"31\">\n<section readability=\"2\"><picture><img alt=\"Pol\u00e9mica en Paraguay: pretenden que varios clubes hist\u00f3ricos cambien sus nombres\" loading=\"lazy\" width=\"290\" height=\"290\" decoding=\"async\" data-nimg=\"1\" src=\"http:\/\/hoycordobaweb.com\/wp-content\/uploads\/2026\/09\/el-desafio-especial-de-gallardo-en-ecuador-buscara-cortar-una-sequia-de-casi-90-anos-9.jpg\"><\/picture>\n<p><span>Mir\u00e1 tambi\u00e9n<\/span><\/p>\n<hr>\n<h3>Pol\u00e9mica en Paraguay: pretenden que varios clubes hist\u00f3ricos cambien sus nombres<\/h3>\n<\/p>\n<\/section>\n<\/div>\n","protected":false},"excerpt":{"rendered":"<p>Tras semanas de negociaciones, Marcelo Gallardo lleg\u00f3 a un acuerdo para ser el nuevo entrenador de Ecuador. As\u00ed, el Mu\u00f1eco tendr\u00e1 su primera experiencia a nivel selecciones y encarar\u00e1 un desaf\u00edo especial: buscar cortar una sequ\u00eda de t\u00edtulos que lleva casi 90 a\u00f1os y que tiene a los hinchas desesperados. La Tri, como se conoce [&hellip;]<\/p>\n","protected":false},"author":1,"featured_media":141136,"comment_status":"open","ping_status":"closed","sticky":false,"template":"","format":"standard","meta":[],"categories":[16],"tags":[],"_links":{"self":[{"href":"http:\/\/hoycordobaweb.com\/index.php\/wp-json\/wp\/v2\/posts\/141135"}],"collection":[{"href":"http:\/\/hoycordobaweb.com\/index.php\/wp-json\/wp\/v2\/posts"}],"about":[{"href":"http:\/\/hoycordobaweb.com\/index.php\/wp-json\/wp\/v2\/types\/post"}],"author":[{"embeddable":true,"href":"http:\/\/hoycordobaweb.com\/index.php\/wp-json\/wp\/v2\/users\/1"}],"replies":[{"embeddable":true,"href":"http:\/\/hoycordobaweb.com\/index.php\/wp-json\/wp\/v2\/comments?post=141135"}],"version-history":[{"count":0,"href":"http:\/\/hoycordobaweb.com\/index.php\/wp-json\/wp\/v2\/posts\/141135\/revisions"}],"wp:featuredmedia":[{"embeddable":true,"href":"http:\/\/hoycordobaweb.com\/index.php\/wp-json\/wp\/v2\/media\/141136"}],"wp:attachment":[{"href":"http:\/\/hoycordobaweb.com\/index.php\/wp-json\/wp\/v2\/media?parent=141135"}],"wp:term":[{"taxonomy":"category","embeddable":true,"href":"http:\/\/hoycordobaweb.com\/index.php\/wp-json\/wp\/v2\/categories?post=141135"},{"taxonomy":"post_tag","embeddable":true,"href":"http:\/\/hoycordobaweb.com\/index.php\/wp-json\/wp\/v2\/tags?post=141135"}],"curies":[{"name":"wp","href":"https:\/\/api.w.org\/{rel}","templated":true}]}}