{"id":141130,"date":"2026-09-04T17:19:24","date_gmt":"2026-09-04T17:19:24","guid":{"rendered":"https:\/\/ladecimaweb.com\/?p=34532"},"modified":"2026-09-04T17:19:24","modified_gmt":"2026-09-04T17:19:24","slug":"ocho-anos-de-espera-inicia-el-juicio-contra-dos-medicos-por-la-muerte-de-catherine-alfaro-en-el-quirofano","status":"publish","type":"post","link":"http:\/\/hoycordobaweb.com\/index.php\/2026\/09\/04\/ocho-anos-de-espera-inicia-el-juicio-contra-dos-medicos-por-la-muerte-de-catherine-alfaro-en-el-quirofano\/","title":{"rendered":"Ocho a\u00f1os de espera: Inicia el juicio contra dos m\u00e9dicos por la muerte de Catherine Alfaro en el quir\u00f3fano"},"content":{"rendered":"<div class=\"boldgrid-section\">\n<div class=\"container\">\n<div class=\"row\">\n<div class=\"col-lg-12 col-md-12 col-xs-12 col-sm-12\">\n<p class=\"\" data-path-to-node=\"1\">Este 9 de septiembre a las 9 horas, la C\u00e1mara S\u00e9ptima del Crimen en Tribunales 2 dar\u00e1 inicio al juicio contra un cirujano y un anestesista, acusados del homicidio de Catherine Alfaro, joven de 18 a\u00f1os de Villa El Libertador. La fiscal\u00eda ha descartado la figura de mala praxis, elevando la causa bajo una car\u00e1tula m\u00e1s severa por el accionar m\u00e9dico ocurrido el 2 de marzo de 2018, seg\u00fan lo informado por la familia de la v\u00edctima.&nbsp;<\/p>\n<p data-path-to-node=\"2\">Aquella ma\u00f1ana, la paciente ingres\u00f3 al quir\u00f3fano para una cirug\u00eda de ligamentos en la rodilla derecha. Sin embargo, la intervenci\u00f3n nunca lleg\u00f3 a realizarse.<\/p>\n<p data-path-to-node=\"3\"><b data-path-to-node=\"3\" data-index-in-node=\"0\">Los datos claves de la acusaci\u00f3n<\/b><\/p>\n<ul class=\"\" data-path-to-node=\"4\">\n<li>\n<p data-path-to-node=\"4,0,0\"><b data-path-to-node=\"4,0,0\" data-index-in-node=\"0\">Abandono de persona:<\/b> Tras recibir la anestesia, el equipo m\u00e9dico presuntamente dej\u00f3 a la joven sola en la sala. La investigaci\u00f3n se\u00f1ala que el anestesista se retir\u00f3 para asistir una operaci\u00f3n de columna simult\u00e1nea.<\/p>\n<\/li>\n<li>\n<p data-path-to-node=\"4,1,0\"><b data-path-to-node=\"4,1,0\" data-index-in-node=\"0\">Falta de ox\u00edgeno fatal:<\/b> Sin supervisi\u00f3n, Catherine sufri\u00f3 un paro cardiorrespiratorio. Permaneci\u00f3 m\u00e1s de seis minutos sin suministro de ox\u00edgeno, lo que le provoc\u00f3 una &#8220;anoxia an\u00f3xica&#8221; irreversible y deriv\u00f3 en muerte cerebral.<\/p>\n<\/li>\n<li>\n<p data-path-to-node=\"4,2,0\"><b data-path-to-node=\"4,2,0\" data-index-in-node=\"0\">Ocultamiento de informaci\u00f3n:<\/b> Claudia, madre de la v\u00edctima, testifica que el cirujano minti\u00f3 inicialmente sobre el cuadro cl\u00ednico. Les comunic\u00f3 que la joven &#8220;estaba en coma&#8221; tras 20 minutos de intentos de reanimaci\u00f3n, pero el equipo de terapia intensiva constat\u00f3 que ya presentaba muerte cerebral al momento de intervenir.<\/p>\n<\/li>\n<\/ul>\n<p class=\"\" data-path-to-node=\"5\"><b data-path-to-node=\"5\" data-index-in-node=\"0\">El silencio de la cl\u00ednica y el impacto familiar<\/b> Durante los ocho a\u00f1os que dur\u00f3 la instrucci\u00f3n judicial, ning\u00fan directivo del centro de salud se comunic\u00f3 con los allegados.<\/p>\n<p class=\"\" data-path-to-node=\"6\">Para Claudia y los tres hermanos de la v\u00edctima \u2014vecinos de Villa El Libertador\u2014 el camino hacia el estrado estuvo marcado por la constante recolecci\u00f3n de pruebas y el rechazo de m\u00faltiples elevaciones a juicio. Sobre el desgaste del proceso, la madre relat\u00f3 el impacto \u00edntimo de la tragedia: <i data-path-to-node=\"6\" data-index-in-node=\"291\">&#8220;Dur\u00edsimos. Hasta el d\u00eda de hoy. La p\u00e9rdida de un hijo es lo m\u00e1s duro que le puede pasar al ser humano. <strong>Como familia quedamos destrozados, quedamos abatidos, desarmados y fueron 8 a\u00f1os duros&#8230; pelear y pelear para que este juicio saliera&#8221;.<\/strong><\/i><\/p>\n<p class=\"\" data-path-to-node=\"7\">Con la apertura de las audiencias, la familia mantiene una \u00fanica expectativa: que la justicia dicte una condena efectiva que responsabilice a los profesionales por el abandono en el quir\u00f3fano.<\/p>\n<p class=\"\" data-path-to-node=\"7\"><a href=\"https:\/\/ladecimaweb.com\/mala-praxis-piden-elevacion-a-juicio-la-causa-por-la-muerte-de-catherine-alfaro\/\">VER ARCHIVO<\/a><\/p>\n<p data-path-to-node=\"7\">&nbsp;<\/p>\n<div class=\"ubm_banner\"><a href=\"https:\/\/youtu.be\/DO7v8a5wIMw\" target=\"_blank\" rel=\"dofollow noopener noreferrer\"><img decoding=\"async\" src=\"http:\/\/hoycordobaweb.com\/wp-content\/uploads\/2026\/09\/ocho-anos-de-espera-inicia-el-juicio-contra-dos-medicos-por-la-muerte-de-catherine-alfaro-en-el-quirofano.gif\" width=\"800\" alt=\"\"><\/a><\/div>\n<p>&nbsp;<\/p>\n<\/div>\n<\/div>\n<\/div>\n<\/div>\n<p>La entrada <a href=\"https:\/\/ladecimaweb.com\/ocho-anos-de-espera-inicia-el-juicio-contra-dos-medicos-por-la-muerte-de-catherine-alfaro-en-el-quirofano\/\">Ocho a\u00f1os de espera: Inicia el juicio contra dos m\u00e9dicos por la muerte de Catherine Alfaro en el quir\u00f3fano<\/a> se public\u00f3 primero en <a href=\"https:\/\/ladecimaweb.com\">LaDecima<\/a>.<\/p>\n","protected":false},"excerpt":{"rendered":"<p>Este 9 de septiembre a las 9 horas, la C\u00e1mara S\u00e9ptima del Crimen en Tribunales 2 dar\u00e1 inicio al juicio contra un cirujano y un anestesista, acusados del homicidio de Catherine Alfaro, joven de 18 a\u00f1os de Villa El Libertador. La fiscal\u00eda ha descartado la figura de mala praxis, elevando la causa bajo una car\u00e1tula [&hellip;]<\/p>\n","protected":false},"author":1,"featured_media":0,"comment_status":"closed","ping_status":"closed","sticky":false,"template":"","format":"standard","meta":[],"categories":[32],"tags":[],"_links":{"self":[{"href":"http:\/\/hoycordobaweb.com\/index.php\/wp-json\/wp\/v2\/posts\/141130"}],"collection":[{"href":"http:\/\/hoycordobaweb.com\/index.php\/wp-json\/wp\/v2\/posts"}],"about":[{"href":"http:\/\/hoycordobaweb.com\/index.php\/wp-json\/wp\/v2\/types\/post"}],"author":[{"embeddable":true,"href":"http:\/\/hoycordobaweb.com\/index.php\/wp-json\/wp\/v2\/users\/1"}],"replies":[{"embeddable":true,"href":"http:\/\/hoycordobaweb.com\/index.php\/wp-json\/wp\/v2\/comments?post=141130"}],"version-history":[{"count":0,"href":"http:\/\/hoycordobaweb.com\/index.php\/wp-json\/wp\/v2\/posts\/141130\/revisions"}],"wp:attachment":[{"href":"http:\/\/hoycordobaweb.com\/index.php\/wp-json\/wp\/v2\/media?parent=141130"}],"wp:term":[{"taxonomy":"category","embeddable":true,"href":"http:\/\/hoycordobaweb.com\/index.php\/wp-json\/wp\/v2\/categories?post=141130"},{"taxonomy":"post_tag","embeddable":true,"href":"http:\/\/hoycordobaweb.com\/index.php\/wp-json\/wp\/v2\/tags?post=141130"}],"curies":[{"name":"wp","href":"https:\/\/api.w.org\/{rel}","templated":true}]}}