{"id":141111,"date":"2026-09-03T13:01:38","date_gmt":"2026-09-03T13:01:38","guid":{"rendered":"https:\/\/www.mujerhoy.com\/moda\/tendencias\/color-rojo-tendencia-otono-2026-20260903102134-nt.html"},"modified":"2026-09-03T13:01:38","modified_gmt":"2026-09-03T13:01:38","slug":"es-oficial-el-rojo-es-el-color-que-veras-por-todas-partes-en-otono-y-estas-prendas-te-van-a-encantar","status":"publish","type":"post","link":"http:\/\/hoycordobaweb.com\/index.php\/2026\/09\/03\/es-oficial-el-rojo-es-el-color-que-veras-por-todas-partes-en-otono-y-estas-prendas-te-van-a-encantar\/","title":{"rendered":"Es oficial: el rojo es el color que ver\u00e1s por todas partes en oto\u00f1o y estas prendas te van a encantar"},"content":{"rendered":"<p><!-- AUTHOR --><\/p>\n<div class=\"voc-author-timesocial \">\n<!-- AUTHOR --><\/p>\n<div class=\"voc-author-timesocial__signature \">\n<!-- IMAGE AUTHOR -->\n<picture class=\"voc-image-signature\">\n<img class=\"voc-image-signature__img\" src=\"http:\/\/hoycordobaweb.com\/wp-content\/uploads\/2026\/09\/es-oficial-el-rojo-es-el-color-que-veras-por-todas-partes-en-otono-y-estas-prendas-te-van-a-encantar.jpg\" alt=\"Gemma Cano\">\n<\/picture>\n<!-- INFO AUTHOR --><\/p>\n<div class=\"voc-author-timesocial__info\" data-mrf-recirculation=\"Autor\">\n<div class=\"voc-author-info\">\n<author><br \/>\n<a class=\"voc-author\" href=\"https:\/\/www.mujerhoy.com\/autor\/gemma-cano-1220.html\">Gemma Cano<\/a><br \/>\n<\/author><br \/>\n<!-- TIME --><br \/>\n<time datetime=\"2026-09-03T13:01:38Z\" data-timestamp><br \/>\nPublicado \u00b7 <span data-voc-date-modified-short> 3 de septiembre de 2026, 15:01 h <\/span><br \/>\n<\/time>\n<\/div>\n<\/div>\n<\/div><\/div>\n<p> <!-- COMPONENTS --><\/p>\n<p class=\"voc-paragraph\">Con la llegada del mes de septiembre, siempre surgen <strong>nuevas tendencias<\/strong> que quieren posicionarse en primera l\u00ednea de cualquier armario. Y en cuanto a colores, el rojo, es el tono que no deber\u00edamos pasar por alto durante los pr\u00f3ximos meses de oto\u00f1o. <\/p>\n<p class=\"voc-paragraph\">Nuestras marcas favoritas han convertido a este tono en una propuesta completamente renovada, que <strong>se adapta perfectamente a nuestro estilo diario<\/strong> para los d\u00edas de entretiempo. Y el mejor ejemplo de ello lo tenemos en esta selecci\u00f3n de prendas y accesorios reci\u00e9n llegada a tienda.<\/p>\n<div class=\"v-c-cmp v-c-cmp--t1 \">\n<div class=\"v-cmp-rld v-cmp-rld--2 \">\n<div class=\"v-cnt-m v-cnt-m--m\">\n<div class=\"v-cnt-m__c\">\n<div class=\"v-cnt-m__w v-cnt-m__w--1\">\n<p class=\"v-cnt-m__t\">\nTAMBI\u00c9N TE INTERESA\n<\/p>\n<\/div>\n<\/div>\n<\/div>\n<div class=\"v-g v-g--2-c v-g--bdr-min-xs\">\n<div class=\"v-g__c \">\n<article class=\"v-a v-a--cmp-rld v-a--cmp-rld-2 v-a--p-l\">\n<div class=\"v-a-img-c\">\n<figure class=\"v-a-fig\">\n<a href=\"https:\/\/www.mujerhoy.com\/moda\/no-te-pierdas\/bolso-baguette-fendi-favorito-generacion-z-donde-comprarlo-mas-barato-20260827163933-nt.html#vtm_modulosEngag=mod-rel:moda:noticia:1:cmp:2-not\" class=\"v-a-link\" title=\"Por qu\u00e9 el bolso tipo baguette triunfa entre la Gen Z y los m\u00e1s bonitos de la temporada\"><br \/>\n<img loading=\"lazy\" class=\"v-a-img\" src=\"http:\/\/hoycordobaweb.com\/wp-content\/uploads\/2026\/09\/es-oficial-el-rojo-es-el-color-que-veras-por-todas-partes-en-otono-y-estas-prendas-te-van-a-encantar-1.jpg\" alt=\"Por qu\u00e9 el bolso tipo baguette triunfa entre la Gen Z y los m\u00e1s bonitos de la temporada\"><br \/>\n<\/a><br \/>\n<\/figure>\n<\/div>\n<\/article>\n<\/div>\n<div class=\"v-g__c \">\n<article class=\"v-a v-a--cmp-rld v-a--cmp-rld-2 v-a--p-l\">\n<div class=\"v-a-img-c\">\n<figure class=\"v-a-fig\">\n<a href=\"https:\/\/www.mujerhoy.com\/moda\/no-te-pierdas\/vestidos-midi-entretiempo-nueva-coleccion-zara-compras-septiembre-20260828092352-nt.html#vtm_modulosEngag=mod-rel:moda:noticia:2:cmp:2-not\" class=\"v-a-link\" title=\"Los primeros vestidos de entretiempo que llevar\u00e1s durante el mes de septiembre\"><br \/>\n<img loading=\"lazy\" class=\"v-a-img\" src=\"http:\/\/hoycordobaweb.com\/wp-content\/uploads\/2026\/09\/es-oficial-el-rojo-es-el-color-que-veras-por-todas-partes-en-otono-y-estas-prendas-te-van-a-encantar-2.jpg\" alt=\"Los primeros vestidos de entretiempo que llevar\u00e1s durante el mes de septiembre\"><br \/>\n<\/a><br \/>\n<\/figure>\n<\/div>\n<\/article>\n<\/div>\n<\/div>\n<\/div>\n<\/div>\n<div class=\"v-c-cmp \">\n<div class=\"v-cmp-m v-cmp-m--t1\">\n<article class=\"v-a v-a--cmp-m v-c-cmp--m-p\">\n<div class=\"v-a-img-c v-a-img-c--fw-xs\">\n<div class=\"v-a-fig\">\n<div class=\"v-a-link\">\n<img loading=\"lazy\" src=\"http:\/\/hoycordobaweb.com\/wp-content\/uploads\/2026\/09\/es-oficial-el-rojo-es-el-color-que-veras-por-todas-partes-en-otono-y-estas-prendas-te-van-a-encantar-3.jpg\" class=\"v-a-img\" width=\"650\" height=\"975\" alt data-voc-vtm-id=\"in-text-traffic\">\n<\/div>\n<\/div>\n<\/div>\n<\/article>\n<\/div>\n<\/div>\n<p class=\"voc-paragraph\">\u00bfQu\u00e9 nos proponen para esta nueva estaci\u00f3n que acaba de arrancar? En Zara, Mango, Massimo Dutti o H&amp;M encontrar\u00e1s las mejores opciones de la temporada: <a href=\"https:\/\/www.mujerhoy.com\/moda\/no-te-pierdas\/chaquetas-entalladas-prenda-estrella-septiembre-americanas-favorecedoras-20260827100933-nt.html\" target=\"_self\" data-voc-vtm-id=\"in-text-traffic\" data-mrf-link=\"www.mujerhoy.com\" rel=\"noopener noreferrer\">chaquetas<\/a> de punto, jers\u00e9is de todo tipo, <a href=\"https:\/\/www.mujerhoy.com\/moda\/no-te-pierdas\/pantalones-balloon-tendencias-entretiempo-20260825093136-nt.html\" target=\"_self\" data-voc-vtm-id=\"in-text-traffic\" data-mrf-link=\"www.mujerhoy.com\" rel=\"noopener noreferrer\">pantalones<\/a> con pinzas, camisas fluidas y mucho m\u00e1s. \u00a1Todo al rojo!<\/p>\n<div class=\"v-c-cmp \">\n<div class=\"v-cmp-m v-cmp-m--t1\">\n<article class=\"v-a v-a--cmp-m v-c-cmp--m-p\">\n<div class=\"v-a-img-c v-a-img-c--fw-xs\">\n<div class=\"v-a-fig\">\n<div class=\"v-a-link\">\n<img loading=\"lazy\" src=\"http:\/\/hoycordobaweb.com\/wp-content\/uploads\/2026\/09\/es-oficial-el-rojo-es-el-color-que-veras-por-todas-partes-en-otono-y-estas-prendas-te-van-a-encantar-4.jpg\" class=\"v-a-img\" width=\"650\" height=\"975\" alt=\"Chaqueta de punto de Zara (29,95 euros)\" data-voc-vtm-id=\"in-text-traffic\">\n<\/div><figcaption class=\"v-fc\">\n<span class=\"v-fc__t\"><br \/>\nChaqueta de punto de Zara (29,95 euros)<br \/>\n<\/span><br \/>\n<\/figcaption><\/div>\n<\/div>\n<\/article>\n<\/div>\n<\/div>\n<p><h3 class=\"v-cmp-suh\">\nChaqueta de punto de Zara (29,95 euros)<br \/>\n<\/h3>\n<\/p>\n<p class=\"voc-paragraph\">Las propuestas de punto m\u00e1s vers\u00e1tiles del oto\u00f1o las encontrar\u00e1s en entre las novedades de Zara. Apuesta por dise\u00f1os con detalles especiales como este c\u00e1rdigan con botones.<\/p>\n<div class=\"v-c-cmp v-c-cmp--s\">\n<div class=\"v-cmp-m \">\n<article class=\"v-a v-a--cmp-m v-c-cmp--m-z\">\n<div class=\"v-a-img-c \">\n<div class=\"v-a-fig\">\n<button class=\"v-a-link\" popovertarget=\"photo-495\"><br \/>\n<img loading=\"lazy\" src=\"http:\/\/hoycordobaweb.com\/wp-content\/uploads\/2026\/09\/es-oficial-el-rojo-es-el-color-que-veras-por-todas-partes-en-otono-y-estas-prendas-te-van-a-encantar-5.jpg\" class=\"v-a-img\" width=\"650\" height=\"650\" alt=\"Bolso rojo de H&amp;M (39,99 euros)\" data-voc-vtm-id=\"in-text-traffic\"> <\/button><figcaption class=\"v-fc\">\n<span class=\"v-fc__t\"><br \/>\nBolso rojo de H&amp;M (39,99 euros)<br \/>\n<\/span><br \/>\n<\/figcaption><\/div>\n<\/div>\n<div id=\"photo-495\" popover class=\"v-mdl v-mdl--fw\">\n<button class=\"v-x\" popovertarget=\"photo-495\" popovertargetaction=\"hide\"><br \/>\n<span class=\"v-i\"><br \/>\n<svg width=\"24\" height=\"23.996\" viewBox=\"0 0 24 23.996\">\n<path data-name=\"Uni\u00f3n 29\" d=\"M12,14.03,2.031,24,0,21.963,9.968,12,0,2.033,2.031,0,12,9.966,21.969,0,24,2.033,14.032,12,24,21.963,21.969,24Z\" \/>\n<\/svg><br \/>\n<\/span><br \/>\n<\/button><\/p>\n<div class=\"v-mdl__c\">\n<div class=\"v-mdl__w\">\n<img loading=\"lazy\" src=\"http:\/\/hoycordobaweb.com\/wp-content\/uploads\/2026\/09\/es-oficial-el-rojo-es-el-color-que-veras-por-todas-partes-en-otono-y-estas-prendas-te-van-a-encantar-5.jpg\" class=\"v-mdl__img-z\" width=\"650\" height=\"650\" alt>\n<\/div>\n<\/div>\n<\/div>\n<p><span class=\"v-bdp\"><\/span><br \/>\n<\/article>\n<\/div>\n<\/div>\n<p><h3 class=\"v-cmp-suh\">\nBolso rojo de H&amp;M (39,99 euros)<br \/>\n<\/h3>\n<\/p>\n<p class=\"voc-paragraph\">Un color de plena tendencia que elevar\u00e1 cualquier de tu armario de oto\u00f1o. El bolso rojo es la mejor alternativa al cl\u00e1sico dise\u00f1o negro. El ante le a\u00f1ade un toque de sofisticaci\u00f3n a este accesorio.<\/p>\n<div class=\"v-c-cmp \">\n<div class=\"v-cmp-m v-cmp-m--t1\">\n<article class=\"v-a v-a--cmp-m v-c-cmp--m-p\">\n<div class=\"v-a-img-c v-a-img-c--fw-xs\">\n<div class=\"v-a-fig\">\n<div class=\"v-a-link\">\n<img loading=\"lazy\" src=\"http:\/\/hoycordobaweb.com\/wp-content\/uploads\/2026\/09\/es-oficial-el-rojo-es-el-color-que-veras-por-todas-partes-en-otono-y-estas-prendas-te-van-a-encantar-6.jpg\" class=\"v-a-img\" width=\"650\" height=\"975\" alt=\"Vestido rojo de H&amp;M (69,99 euros)\" data-voc-vtm-id=\"in-text-traffic\">\n<\/div><figcaption class=\"v-fc\">\n<span class=\"v-fc__t\"><br \/>\nVestido rojo de H&amp;M (69,99 euros)<br \/>\n<\/span><br \/>\n<\/figcaption><\/div>\n<\/div>\n<\/article>\n<\/div>\n<\/div>\n<p><h3 class=\"v-cmp-suh\">\nVestido rojo de H&amp;M (69,99 euros)<br \/>\n<\/h3>\n<\/p>\n<p class=\"voc-paragraph\">Los tonos rojos se han vuelto m\u00e1s oto\u00f1ales que nunca para aliarse con este tipo de prendas a medio camino entre la americana y el vestido. La propuesta m\u00e1s elegante de la nueva temporada de esta firma sueca apuesta por un dise\u00f1o que podr\u00e1s llevar de dos formas diferentes.<\/p>\n<div class=\"v-c-cmp \">\n<div class=\"v-cmp-m v-cmp-m--t1\">\n<article class=\"v-a v-a--cmp-m v-c-cmp--m-p\">\n<div class=\"v-a-img-c v-a-img-c--fw-xs\">\n<div class=\"v-a-fig\">\n<div class=\"v-a-link\">\n<img loading=\"lazy\" src=\"http:\/\/hoycordobaweb.com\/wp-content\/uploads\/2026\/09\/es-oficial-el-rojo-es-el-color-que-veras-por-todas-partes-en-otono-y-estas-prendas-te-van-a-encantar-7.jpg\" class=\"v-a-img\" width=\"650\" height=\"975\" alt=\"Jersey rojo de S\u00e9zane (125 euros)\" data-voc-vtm-id=\"in-text-traffic\">\n<\/div><figcaption class=\"v-fc\">\n<span class=\"v-fc__t\"><br \/>\nJersey rojo de S\u00e9zane (125 euros)<br \/>\n<\/span><br \/>\n<\/figcaption><\/div>\n<\/div>\n<\/article>\n<\/div>\n<\/div>\n<p><h3 class=\"v-cmp-suh\">\nJersey rojo de S\u00e9zane (125 euros)<br \/>\n<\/h3>\n<\/p>\n<p class=\"voc-paragraph\">Los jers\u00e9is con ochos son una de las tendencias que resurge cada oto\u00f1o para completar nuestro armario diario. Ll\u00e9valo con un par de vaqueros rectos para conseguir un look imbatible.<\/p>\n<div class=\"v-c-cmp \">\n<div class=\"v-cmp-m v-cmp-m--t1\">\n<article class=\"v-a v-a--cmp-m v-c-cmp--m-p\">\n<div class=\"v-a-img-c v-a-img-c--fw-xs\">\n<div class=\"v-a-fig\">\n<div class=\"v-a-link\">\n<img loading=\"lazy\" src=\"http:\/\/hoycordobaweb.com\/wp-content\/uploads\/2026\/09\/es-oficial-el-rojo-es-el-color-que-veras-por-todas-partes-en-otono-y-estas-prendas-te-van-a-encantar-8.jpg\" class=\"v-a-img\" width=\"650\" height=\"975\" alt=\"Sudadera roja de Zara (29,99 euros)\" data-voc-vtm-id=\"in-text-traffic\">\n<\/div><figcaption class=\"v-fc\">\n<span class=\"v-fc__t\"><br \/>\nSudadera roja de Zara (29,99 euros)<br \/>\n<\/span><br \/>\n<\/figcaption><\/div>\n<\/div>\n<\/article>\n<\/div>\n<\/div>\n<p><h3 class=\"v-cmp-suh\">\nSudadera roja de Zara (29,99 euros)<br \/>\n<\/h3>\n<\/p>\n<p class=\"voc-paragraph\">Es una de las prendas m\u00e1s originales de la nueva temporada de oto\u00f1o de la firma sueca. Si te gusta no te lo pienses demasiado, porque ya est\u00e1 a punto de agotarse. Ll\u00e9valo co un vestido blanco de manga larga.<\/p>\n<div class=\"v-c-cmp \">\n<div class=\"v-cmp-m v-cmp-m--t1\">\n<article class=\"v-a v-a--cmp-m v-c-cmp--m-p\">\n<div class=\"v-a-img-c v-a-img-c--fw-xs\">\n<div class=\"v-a-fig\">\n<div class=\"v-a-link\">\n<img loading=\"lazy\" src=\"http:\/\/hoycordobaweb.com\/wp-content\/uploads\/2026\/09\/es-oficial-el-rojo-es-el-color-que-veras-por-todas-partes-en-otono-y-estas-prendas-te-van-a-encantar-9.jpg\" class=\"v-a-img\" width=\"650\" height=\"975\" alt=\"Chaqueta corta de Massimo Dutti (89,99 euros)\" data-voc-vtm-id=\"in-text-traffic\">\n<\/div><figcaption class=\"v-fc\">\n<span class=\"v-fc__t\"><br \/>\nChaqueta corta de Massimo Dutti (89,99 euros)<br \/>\n<\/span><br \/>\n<\/figcaption><\/div>\n<\/div>\n<\/article>\n<\/div>\n<\/div>\n<p><h3 class=\"v-cmp-suh\">\nChaqueta corta de Massimo Dutti (89,99 euros)<br \/>\n<\/h3>\n<\/p>\n<p class=\"voc-paragraph\">La mejor propuesta para los primeros d\u00edas de entretiempo la encontrar\u00e1s entre las novedades de esta firma. Una chaqueta de color rojo que podr\u00e1s llevar de mil y un formas durante los meses de oto\u00f1o.<\/p>\n<div class=\"v-c-cmp v-c-cmp--t1 \">\n<div class=\"v-cmp-rld v-cmp-rld--2 \">\n<div class=\"v-cnt-m v-cnt-m--m\">\n<div class=\"v-cnt-m__c\">\n<div class=\"v-cnt-m__w v-cnt-m__w--1\">\n<p class=\"v-cnt-m__t\">\nTAMBI\u00c9N TE INTERESA\n<\/p>\n<\/div>\n<\/div>\n<\/div>\n<div class=\"v-g v-g--2-c v-g--bdr-min-xs\">\n<div class=\"v-g__c \">\n<article class=\"v-a v-a--cmp-rld v-a--cmp-rld-2 v-a--p-l\">\n<div class=\"v-a-img-c\">\n<figure class=\"v-a-fig\">\n<a href=\"https:\/\/www.mujerhoy.com\/moda\/no-te-pierdas\/chaquetas-ligeras-vestidos-prendas-entretiempo-merece-pena-20260815141016-nt.html#vtm_modulosEngag=mod-rel:moda:noticia:1:cmp:2-not\" class=\"v-a-link\" title=\"De las chaquetas ligeras a los vestidos: las prendas de entretiempo que merece la pena fichar\"><br \/>\n<img loading=\"lazy\" class=\"v-a-img\" src=\"http:\/\/hoycordobaweb.com\/wp-content\/uploads\/2026\/09\/es-oficial-el-rojo-es-el-color-que-veras-por-todas-partes-en-otono-y-estas-prendas-te-van-a-encantar-10.jpg\" alt=\"De las chaquetas ligeras a los vestidos: las prendas de entretiempo que merece la pena fichar\"><br \/>\n<\/a><br \/>\n<\/figure>\n<\/div>\n<\/article>\n<\/div>\n<div class=\"v-g__c \">\n<article class=\"v-a v-a--cmp-rld v-a--cmp-rld-2 v-a--p-l\">\n<div class=\"v-a-img-c\">\n<figure class=\"v-a-fig\">\n<a href=\"https:\/\/www.mujerhoy.com\/moda\/no-te-pierdas\/rojo-color-favorece-manual-uso-ideas-looks-20260602181545-nt.html#vtm_modulosEngag=mod-rel:moda:noticia:2:cmp:2-not\" class=\"v-a-link\" title=\"\u00bfEs el rojo el color que m\u00e1s favorece del mundo? Manual de uso del mejor truco de estilo\"><br \/>\n<img loading=\"lazy\" class=\"v-a-img\" src=\"http:\/\/hoycordobaweb.com\/wp-content\/uploads\/2026\/09\/es-oficial-el-rojo-es-el-color-que-veras-por-todas-partes-en-otono-y-estas-prendas-te-van-a-encantar-11.jpg\" alt=\"\u00bfEs el rojo el color que m\u00e1s favorece del mundo? Manual de uso del mejor truco de estilo\"><br \/>\n<\/a><br \/>\n<\/figure>\n<\/div>\n<\/article>\n<\/div>\n<\/div>\n<\/div>\n<\/div>\n<div class=\"media_block\"><\/div>\n","protected":false},"excerpt":{"rendered":"<p>Gemma Cano Publicado \u00b7 3 de septiembre de 2026, 15:01 h Con la llegada del mes de septiembre, siempre surgen nuevas tendencias que quieren posicionarse en primera l\u00ednea de cualquier armario. Y en cuanto a colores, el rojo, es el tono que no deber\u00edamos pasar por alto durante los pr\u00f3ximos meses de oto\u00f1o. Nuestras marcas [&hellip;]<\/p>\n","protected":false},"author":1,"featured_media":141112,"comment_status":"closed","ping_status":"closed","sticky":false,"template":"","format":"standard","meta":[],"categories":[],"tags":[],"_links":{"self":[{"href":"http:\/\/hoycordobaweb.com\/index.php\/wp-json\/wp\/v2\/posts\/141111"}],"collection":[{"href":"http:\/\/hoycordobaweb.com\/index.php\/wp-json\/wp\/v2\/posts"}],"about":[{"href":"http:\/\/hoycordobaweb.com\/index.php\/wp-json\/wp\/v2\/types\/post"}],"author":[{"embeddable":true,"href":"http:\/\/hoycordobaweb.com\/index.php\/wp-json\/wp\/v2\/users\/1"}],"replies":[{"embeddable":true,"href":"http:\/\/hoycordobaweb.com\/index.php\/wp-json\/wp\/v2\/comments?post=141111"}],"version-history":[{"count":0,"href":"http:\/\/hoycordobaweb.com\/index.php\/wp-json\/wp\/v2\/posts\/141111\/revisions"}],"wp:featuredmedia":[{"embeddable":true,"href":"http:\/\/hoycordobaweb.com\/index.php\/wp-json\/wp\/v2\/media\/141112"}],"wp:attachment":[{"href":"http:\/\/hoycordobaweb.com\/index.php\/wp-json\/wp\/v2\/media?parent=141111"}],"wp:term":[{"taxonomy":"category","embeddable":true,"href":"http:\/\/hoycordobaweb.com\/index.php\/wp-json\/wp\/v2\/categories?post=141111"},{"taxonomy":"post_tag","embeddable":true,"href":"http:\/\/hoycordobaweb.com\/index.php\/wp-json\/wp\/v2\/tags?post=141111"}],"curies":[{"name":"wp","href":"https:\/\/api.w.org\/{rel}","templated":true}]}}