{"id":141109,"date":"2026-09-03T16:00:00","date_gmt":"2026-09-03T16:00:00","guid":{"rendered":"https:\/\/www.mujerhoy.com\/moda\/basicos-chaquetas-alamares-instagram-zara-20260903083052-nt.html"},"modified":"2026-09-03T16:00:00","modified_gmt":"2026-09-03T16:00:00","slug":"las-chaquetas-de-entretiempo-mas-apetecibles-de-la-temporada-son-las-de-alamares","status":"publish","type":"post","link":"http:\/\/hoycordobaweb.com\/index.php\/2026\/09\/03\/las-chaquetas-de-entretiempo-mas-apetecibles-de-la-temporada-son-las-de-alamares\/","title":{"rendered":"Las chaquetas de entretiempo m\u00e1s apetecibles de la temporada son las de alamares"},"content":{"rendered":"<p><!-- AUTHOR --><\/p>\n<div class=\"voc-author-timesocial \">\n<!-- AUTHOR --><\/p>\n<div class=\"voc-author-timesocial__signature \">\n<!-- IMAGE AUTHOR -->\n<picture class=\"voc-image-signature\">\n<img class=\"voc-image-signature__img\" src=\"http:\/\/hoycordobaweb.com\/wp-content\/uploads\/2026\/09\/las-chaquetas-de-entretiempo-mas-apetecibles-de-la-temporada-son-las-de-alamares.jpg\" alt=\"Gemma Cano\">\n<\/picture>\n<!-- INFO AUTHOR --><\/p>\n<div class=\"voc-author-timesocial__info\" data-mrf-recirculation=\"Autor\">\n<div class=\"voc-author-info\">\n<author><br \/>\n<a class=\"voc-author\" href=\"https:\/\/www.mujerhoy.com\/autor\/gemma-cano-1220.html\">Gemma Cano<\/a><br \/>\n<\/author><br \/>\n<!-- TIME --><br \/>\n<time datetime=\"2026-09-03T16:00:00Z\" data-timestamp><br \/>\nPublicado \u00b7 <span data-voc-date-modified-short> 3 de septiembre de 2026, 18:00 h <\/span><br \/>\n<\/time>\n<\/div>\n<\/div>\n<\/div><\/div>\n<p> <!-- COMPONENTS --><\/p>\n<p class=\"voc-paragraph\">Con la llegada de los d\u00edas de entretiempo, nuestras ganas de descubrir nuevas tendencias est\u00e1n creciendo por momentos. Y nunca deber\u00edamos pasar por alto el poder de introducir <strong>una prenda de plena de tendencia<\/strong> en nuestro fondo de armario de oto\u00f1o. \u00bfQu\u00e9 propuesta deber\u00edamos elegir para triunfar esta temporada? <\/p>\n<p class=\"voc-paragraph\">Si ahora mismo solo pudi\u00e9ramos elegir un dise\u00f1o, nos quedar\u00edamos con la <a href=\"https:\/\/www.mujerhoy.com\/moda\/no-te-pierdas\/chaquetas-ligeras-vestidos-prendas-entretiempo-merece-pena-20260815141016-nt.html\" target=\"_self\" data-voc-vtm-id=\"in-text-traffic\" data-mrf-link=\"www.mujerhoy.com\" rel=\"noopener noreferrer\">chaqueta<\/a> de alamares. Una prenda a medio camino entre el estilo militar y el oriental que lo tiene todo: es muy vers\u00e1til, con un toque elegante y se adapta a todos los estilos y edades. <\/p>\n<div class=\"v-c-cmp v-c-cmp--t1 \">\n<div class=\"v-cmp-rld v-cmp-rld--2 \">\n<div class=\"v-cnt-m v-cnt-m--m\">\n<div class=\"v-cnt-m__c\">\n<div class=\"v-cnt-m__w v-cnt-m__w--1\">\n<p class=\"v-cnt-m__t\">\nTAMBI\u00c9N TE INTERESA\n<\/p>\n<\/div>\n<\/div>\n<\/div>\n<div class=\"v-g v-g--2-c v-g--bdr-min-xs\">\n<div class=\"v-g__c \">\n<article class=\"v-a v-a--cmp-rld v-a--cmp-rld-2 v-a--p-l\">\n<div class=\"v-a-img-c\">\n<figure class=\"v-a-fig\">\n<a href=\"https:\/\/www.mujerhoy.com\/moda\/tendencias\/chaquetas-entretiempo-otono-barata-nuevo-instagram-basicos-zara-20260823095843-nt.html#vtm_modulosEngag=mod-rel:moda:noticia:1:cmp:2-not\" class=\"v-a-link\" title=\"Las primeras chaquetas de entretiempo ya est\u00e1n aqu\u00ed (y estas son nuestras favoritas)\"><br \/>\n<img loading=\"lazy\" class=\"v-a-img\" src=\"http:\/\/hoycordobaweb.com\/wp-content\/uploads\/2026\/09\/las-chaquetas-de-entretiempo-mas-apetecibles-de-la-temporada-son-las-de-alamares-1.jpg\" alt=\"Las primeras chaquetas de entretiempo ya est\u00e1n aqu\u00ed (y estas son nuestras favoritas)\"><br \/>\n<\/a><br \/>\n<\/figure>\n<\/div>\n<\/article>\n<\/div>\n<div class=\"v-g__c \">\n<article class=\"v-a v-a--cmp-rld v-a--cmp-rld-2 v-a--p-l\">\n<div class=\"v-a-img-c\">\n<figure class=\"v-a-fig\">\n<a href=\"https:\/\/www.mujerhoy.com\/moda\/no-te-pierdas\/cazadora-cuero-tendencia-otono-comprar-ahora-20260830002941-nt.html#vtm_modulosEngag=mod-rel:moda:noticia:2:cmp:2-not\" class=\"v-a-link\" title=\"Si vas a comprar una cazadora de cuero este oto\u00f1o, el mejor momento para hacerlo es ahora\"><br \/>\n<img loading=\"lazy\" class=\"v-a-img\" src=\"http:\/\/hoycordobaweb.com\/wp-content\/uploads\/2026\/09\/las-chaquetas-de-entretiempo-mas-apetecibles-de-la-temporada-son-las-de-alamares-2.jpg\" alt=\"Si vas a comprar una cazadora de cuero este oto\u00f1o, el mejor momento para hacerlo es ahora\"><br \/>\n<\/a><br \/>\n<\/figure>\n<\/div>\n<\/article>\n<\/div>\n<\/div>\n<\/div>\n<\/div>\n<div class=\"v-c-cmp \">\n<div class=\"v-cmp-m v-cmp-m--t1\">\n<article class=\"v-a v-a--cmp-m v-c-cmp--m-p\">\n<div class=\"v-a-img-c v-a-img-c--fw-xs\">\n<div class=\"v-a-fig\">\n<div class=\"v-a-link\">\n<img loading=\"lazy\" src=\"http:\/\/hoycordobaweb.com\/wp-content\/uploads\/2026\/09\/las-chaquetas-de-entretiempo-mas-apetecibles-de-la-temporada-son-las-de-alamares-3.jpg\" class=\"v-a-img\" width=\"650\" height=\"975\" alt data-voc-vtm-id=\"in-text-traffic\">\n<\/div>\n<\/div>\n<\/div>\n<\/article>\n<\/div>\n<\/div>\n<p class=\"voc-paragraph\">Y nuestras tiendas favoritas han decidi\u00f3 encumbrar esta prenda de cara a los pr\u00f3ximos d\u00edas de <a href=\"https:\/\/www.mujerhoy.com\/moda\/tendencias\/tendencia-bailarinas-de-ante-otono-20260901154509-nt.html\" target=\"_self\" data-voc-vtm-id=\"in-text-traffic\" data-mrf-link=\"www.mujerhoy.com\" rel=\"noopener noreferrer\">oto\u00f1o<\/a>. Ahora mismo hay un mont\u00f3n de dise\u00f1os disponibles dentro de las secciones de \u00faltima semana de Zara, Mango y H&amp;M. \u00bfQuieres descubrir las chaquetas m\u00e1s bonitas? \u00a1Sigue leyendo!<\/p>\n<p class=\"voc-paragraph\">\u00bfQu\u00e9 cortes y colores deber\u00edas incluir, s\u00ed o s\u00ed, en tu armario de oto\u00f1o? Crudo, rosa empolvado, azul marino, camel o blanco son algunos de los tonos m\u00e1s deseados. En cuanto a los dise\u00f1os, las chaquetas cortan dominan ahora mismo las calles. <\/p>\n<div class=\"v-c-cmp \">\n<div class=\"v-cmp-m v-cmp-m--t1\">\n<article class=\"v-a v-a--cmp-m v-c-cmp--m-p\">\n<div class=\"v-a-img-c v-a-img-c--fw-xs\">\n<div class=\"v-a-fig\">\n<div class=\"v-a-link\">\n<img loading=\"lazy\" src=\"http:\/\/hoycordobaweb.com\/wp-content\/uploads\/2026\/09\/las-chaquetas-de-entretiempo-mas-apetecibles-de-la-temporada-son-las-de-alamares-4.jpg\" class=\"v-a-img\" width=\"650\" height=\"975\" alt data-voc-vtm-id=\"in-text-traffic\">\n<\/div>\n<\/div>\n<\/div>\n<\/article>\n<\/div>\n<\/div>\n<p class=\"voc-paragraph\">Aunque ahora mismo hay muchas propuestas que han llamado nuestra atenci\u00f3n, esta chaqueta de entretiempo es una de los m\u00e1s especiales de la temporada. Una propuesta muy elegante que te resolver\u00e1 mil y un look de oto\u00f1o. Conseguir\u00e1s el look m\u00e1s sofisticado de la temporada sin mucho esfuerzo.<\/p>\n<div class=\"v-c-cmp \">\n<div class=\"v-cmp-m v-cmp-m--t1\">\n<article class=\"v-a v-a--cmp-m v-c-cmp--m-p\">\n<div class=\"v-a-img-c v-a-img-c--fw-xs\">\n<div class=\"v-a-fig\">\n<div class=\"v-a-link\">\n<img loading=\"lazy\" src=\"http:\/\/hoycordobaweb.com\/wp-content\/uploads\/2026\/09\/las-chaquetas-de-entretiempo-mas-apetecibles-de-la-temporada-son-las-de-alamares-5.jpg\" class=\"v-a-img\" width=\"650\" height=\"975\" alt data-voc-vtm-id=\"in-text-traffic\">\n<\/div>\n<\/div>\n<\/div>\n<\/article>\n<\/div>\n<\/div>\n<p class=\"voc-paragraph\">\u00bfC\u00f3mo combinarla para la vuelta a la rutina? <strong>Ll\u00e9vala con tus looks b\u00e1sicos favoritos<\/strong>, como los de camiseta blanca y pantalones de estilo chino. Tambi\u00e9n podr\u00e1s llevarla en total look, eligiendo un modelo satinado de estilo oriental. \u00bfLos accesorios? Deber\u00edan pasar a un segundo plano.<\/p>\n<div class=\"v-c-cmp \">\n<div class=\"v-cmp-m v-cmp-m--t1\">\n<article class=\"v-a v-a--cmp-m v-c-cmp--m-p\">\n<div class=\"v-a-img-c v-a-img-c--fw-xs\">\n<div class=\"v-a-fig\">\n<div class=\"v-a-link\">\n<img loading=\"lazy\" src=\"http:\/\/hoycordobaweb.com\/wp-content\/uploads\/2026\/09\/las-chaquetas-de-entretiempo-mas-apetecibles-de-la-temporada-son-las-de-alamares-6.jpg\" class=\"v-a-img\" width=\"650\" height=\"975\" alt=\"Chaqueta de ante de Zara (39,99 euros)\" data-voc-vtm-id=\"in-text-traffic\">\n<\/div><figcaption class=\"v-fc\">\n<span class=\"v-fc__t\"><br \/>\nChaqueta de ante de Zara (39,99 euros)<br \/>\n<\/span><br \/>\n<\/figcaption><\/div>\n<\/div>\n<\/article>\n<\/div>\n<\/div>\n<p><h3 class=\"v-cmp-suh\">\nChaqueta de ante de Zara (39,99 euros)<br \/>\n<\/h3>\n<\/p>\n<p class=\"voc-paragraph\">El premio al dise\u00f1o m\u00e1s deseado de la nueva temporada se lo lleva esta bonita chaqueta de ante de color camel. Un dise\u00f1o hecho para acaparar todas las miradas. Ll\u00e9valo con tus vaqueros favoritos.<\/p>\n<div class=\"v-c-cmp v-c-cmp--s\">\n<div class=\"v-cmp-m \">\n<article class=\"v-a v-a--cmp-m v-c-cmp--m-z\">\n<div class=\"v-a-img-c \">\n<div class=\"v-a-fig\">\n<button class=\"v-a-link\" popovertarget=\"photo-452\"><br \/>\n<img loading=\"lazy\" src=\"http:\/\/hoycordobaweb.com\/wp-content\/uploads\/2026\/09\/las-chaquetas-de-entretiempo-mas-apetecibles-de-la-temporada-son-las-de-alamares-7.jpg\" class=\"v-a-img\" width=\"650\" height=\"650\" alt=\"Chaqueta estampada de Mango (99,99 euros)\" data-voc-vtm-id=\"in-text-traffic\"> <\/button><figcaption class=\"v-fc\">\n<span class=\"v-fc__t\"><br \/>\nChaqueta estampada de Mango (99,99 euros)<br \/>\n<\/span><br \/>\n<\/figcaption><\/div>\n<\/div>\n<div id=\"photo-452\" popover class=\"v-mdl v-mdl--fw\">\n<button class=\"v-x\" popovertarget=\"photo-452\" popovertargetaction=\"hide\"><br \/>\n<span class=\"v-i\"><br \/>\n<svg width=\"24\" height=\"23.996\" viewBox=\"0 0 24 23.996\">\n<path data-name=\"Uni\u00f3n 29\" d=\"M12,14.03,2.031,24,0,21.963,9.968,12,0,2.033,2.031,0,12,9.966,21.969,0,24,2.033,14.032,12,24,21.963,21.969,24Z\" \/>\n<\/svg><br \/>\n<\/span><br \/>\n<\/button><\/p>\n<div class=\"v-mdl__c\">\n<div class=\"v-mdl__w\">\n<img loading=\"lazy\" src=\"http:\/\/hoycordobaweb.com\/wp-content\/uploads\/2026\/09\/las-chaquetas-de-entretiempo-mas-apetecibles-de-la-temporada-son-las-de-alamares-7.jpg\" class=\"v-mdl__img-z\" width=\"650\" height=\"650\" alt>\n<\/div>\n<\/div>\n<\/div>\n<p><span class=\"v-bdp\"><\/span><br \/>\n<\/article>\n<\/div>\n<\/div>\n<p><h3 class=\"v-cmp-suh\">\nChaqueta estampada de Mango (99,99 euros)<br \/>\n<\/h3>\n<\/p>\n<p class=\"voc-paragraph\">Todav\u00eda quedan unos d\u00edas para que comience oficialmente el oto\u00f1o, pero ya est\u00e1n aqu\u00ed los dise\u00f1os de nueva temporada. Apuesta por una chaqueta con estampado jacquard y alamares.<\/p>\n<div class=\"v-c-cmp v-c-cmp--s\">\n<div class=\"v-cmp-m \">\n<article class=\"v-a v-a--cmp-m v-c-cmp--m-z\">\n<div class=\"v-a-img-c \">\n<div class=\"v-a-fig\">\n<button class=\"v-a-link\" popovertarget=\"photo-38\"><br \/>\n<img loading=\"lazy\" src=\"http:\/\/hoycordobaweb.com\/wp-content\/uploads\/2026\/09\/las-chaquetas-de-entretiempo-mas-apetecibles-de-la-temporada-son-las-de-alamares-8.jpg\" class=\"v-a-img\" width=\"650\" height=\"650\" alt=\"Chaqueta azul marino de H&amp;M (39,99 euros)\" data-voc-vtm-id=\"in-text-traffic\"> <\/button><figcaption class=\"v-fc\">\n<span class=\"v-fc__t\"><br \/>\nChaqueta azul marino de H&amp;M (39,99 euros)<br \/>\n<\/span><br \/>\n<\/figcaption><\/div>\n<\/div>\n<div id=\"photo-38\" popover class=\"v-mdl v-mdl--fw\">\n<button class=\"v-x\" popovertarget=\"photo-38\" popovertargetaction=\"hide\"><br \/>\n<span class=\"v-i\"><br \/>\n<svg width=\"24\" height=\"23.996\" viewBox=\"0 0 24 23.996\">\n<path data-name=\"Uni\u00f3n 29\" d=\"M12,14.03,2.031,24,0,21.963,9.968,12,0,2.033,2.031,0,12,9.966,21.969,0,24,2.033,14.032,12,24,21.963,21.969,24Z\" \/>\n<\/svg><br \/>\n<\/span><br \/>\n<\/button><\/p>\n<div class=\"v-mdl__c\">\n<div class=\"v-mdl__w\">\n<img loading=\"lazy\" src=\"http:\/\/hoycordobaweb.com\/wp-content\/uploads\/2026\/09\/las-chaquetas-de-entretiempo-mas-apetecibles-de-la-temporada-son-las-de-alamares-8.jpg\" class=\"v-mdl__img-z\" width=\"650\" height=\"650\" alt>\n<\/div>\n<\/div>\n<\/div>\n<p><span class=\"v-bdp\"><\/span><br \/>\n<\/article>\n<\/div>\n<\/div>\n<p><h3 class=\"v-cmp-suh\">\nChaqueta azul marino de H&amp;M (39,99 euros)<br \/>\n<\/h3>\n<\/p>\n<p class=\"voc-paragraph\">Y de cara a los pr\u00f3ximos meses de oto\u00f1o, nada mejor que incorporar a tu armario una bonita chaqueta. Un dise\u00f1o con alamares, que tienes que incluir, s\u00ed o s\u00ed, en tu lista de deseos de entretiempo. Imprescindible.<\/p>\n<div class=\"v-c-cmp \">\n<div class=\"v-cmp-m v-cmp-m--t1\">\n<article class=\"v-a v-a--cmp-m v-c-cmp--m-p\">\n<div class=\"v-a-img-c v-a-img-c--fw-xs\">\n<div class=\"v-a-fig\">\n<div class=\"v-a-link\">\n<img loading=\"lazy\" src=\"http:\/\/hoycordobaweb.com\/wp-content\/uploads\/2026\/09\/las-chaquetas-de-entretiempo-mas-apetecibles-de-la-temporada-son-las-de-alamares-9.jpg\" class=\"v-a-img\" width=\"650\" height=\"975\" alt=\"Chaqueta de ante de Zara (39,99 euros)\" data-voc-vtm-id=\"in-text-traffic\">\n<\/div><figcaption class=\"v-fc\">\n<span class=\"v-fc__t\"><br \/>\nChaqueta de ante de Zara (39,99 euros)<br \/>\n<\/span><br \/>\n<\/figcaption><\/div>\n<\/div>\n<\/article>\n<\/div>\n<\/div>\n<p><h3 class=\"v-cmp-suh\">\nChaqueta de ante de Zara (39,99 euros)<br \/>\n<\/h3>\n<\/p>\n<p class=\"voc-paragraph\">Este tipo de prendas se al\u00edan muy bien con los colores t\u00edpicamente oto\u00f1ales como el verde caqui. Este dise\u00f1o de Zara ya est\u00e1 a punto de agotarse.<\/p>\n<div class=\"v-c-cmp \">\n<div class=\"v-cmp-m v-cmp-m--t1\">\n<article class=\"v-a v-a--cmp-m v-c-cmp--m-p\">\n<div class=\"v-a-img-c v-a-img-c--fw-xs\">\n<div class=\"v-a-fig\">\n<div class=\"v-a-link\">\n<img loading=\"lazy\" src=\"http:\/\/hoycordobaweb.com\/wp-content\/uploads\/2026\/09\/las-chaquetas-de-entretiempo-mas-apetecibles-de-la-temporada-son-las-de-alamares-10.jpg\" class=\"v-a-img\" width=\"650\" height=\"975\" alt=\"Chaqueta jacquard de Zara (59,99 euros)\" data-voc-vtm-id=\"in-text-traffic\">\n<\/div><figcaption class=\"v-fc\">\n<span class=\"v-fc__t\"><br \/>\nChaqueta jacquard de Zara (59,99 euros)<br \/>\n<\/span><br \/>\n<\/figcaption><\/div>\n<\/div>\n<\/article>\n<\/div>\n<\/div>\n<p><h3 class=\"v-cmp-suh\">\nChaqueta jacquard de Zara (59,99 euros)<br \/>\n<\/h3>\n<\/p>\n<p class=\"voc-paragraph\">Y hemos dejado para el final el dise\u00f1o m\u00e1s especial de todos. Una chaqueta satinada que pondr\u00e1 una nota especial a todos tus looks de nueva temporada. \u00a1No la dejes escapar!<\/p>\n<div class=\"v-c-cmp v-c-cmp--t1 \">\n<div class=\"v-cmp-rld v-cmp-rld--2 \">\n<div class=\"v-cnt-m v-cnt-m--m\">\n<div class=\"v-cnt-m__c\">\n<div class=\"v-cnt-m__w v-cnt-m__w--1\">\n<p class=\"v-cnt-m__t\">\nTAMBI\u00c9N TE INTERESA\n<\/p>\n<\/div>\n<\/div>\n<\/div>\n<div class=\"v-g v-g--2-c v-g--bdr-min-xs\">\n<div class=\"v-g__c \">\n<article class=\"v-a v-a--cmp-rld v-a--cmp-rld-2 v-a--p-l\">\n<div class=\"v-a-img-c\">\n<figure class=\"v-a-fig\">\n<a href=\"https:\/\/www.mujerhoy.com\/moda\/no-te-pierdas\/chaquetas-ante-entretiempo-baratas-nueva-coleccion-zara-20260901101606-nt.html#vtm_modulosEngag=mod-rel:moda:noticia:1:cmp:2-not\" class=\"v-a-link\" title=\"Las chaquetas de entretiempo que cambiar\u00e1n por completo tus looks diarios\"><br \/>\n<img loading=\"lazy\" class=\"v-a-img\" src=\"http:\/\/hoycordobaweb.com\/wp-content\/uploads\/2026\/09\/las-chaquetas-de-entretiempo-mas-apetecibles-de-la-temporada-son-las-de-alamares-11.jpg\" alt=\"Las chaquetas de entretiempo que cambiar\u00e1n por completo tus looks diarios\"><br \/>\n<\/a><br \/>\n<\/figure>\n<\/div>\n<\/article>\n<\/div>\n<div class=\"v-g__c \">\n<article class=\"v-a v-a--cmp-rld v-a--cmp-rld-2 v-a--p-l\">\n<div class=\"v-a-img-c\">\n<figure class=\"v-a-fig\">\n<a href=\"https:\/\/www.mujerhoy.com\/moda\/no-te-pierdas\/chaquetas-entalladas-prenda-estrella-septiembre-americanas-favorecedoras-20260827100933-nt.html#vtm_modulosEngag=mod-rel:moda:noticia:2:cmp:2-not\" class=\"v-a-link\" title=\"La americana entallada es la \u00fanica prenda que querr\u00e1s este oto\u00f1o\"><br \/>\n<img loading=\"lazy\" class=\"v-a-img\" src=\"http:\/\/hoycordobaweb.com\/wp-content\/uploads\/2026\/09\/las-chaquetas-de-entretiempo-mas-apetecibles-de-la-temporada-son-las-de-alamares-12.jpg\" alt=\"La americana entallada es la \u00fanica prenda que querr\u00e1s este oto\u00f1o\"><br \/>\n<\/a><br \/>\n<\/figure>\n<\/div>\n<\/article>\n<\/div>\n<\/div>\n<\/div>\n<\/div>\n<div class=\"media_block\"><\/div>\n","protected":false},"excerpt":{"rendered":"<p>Gemma Cano Publicado \u00b7 3 de septiembre de 2026, 18:00 h Con la llegada de los d\u00edas de entretiempo, nuestras ganas de descubrir nuevas tendencias est\u00e1n creciendo por momentos. Y nunca deber\u00edamos pasar por alto el poder de introducir una prenda de plena de tendencia en nuestro fondo de armario de oto\u00f1o. \u00bfQu\u00e9 propuesta deber\u00edamos [&hellip;]<\/p>\n","protected":false},"author":1,"featured_media":141110,"comment_status":"closed","ping_status":"closed","sticky":false,"template":"","format":"standard","meta":[],"categories":[],"tags":[],"_links":{"self":[{"href":"http:\/\/hoycordobaweb.com\/index.php\/wp-json\/wp\/v2\/posts\/141109"}],"collection":[{"href":"http:\/\/hoycordobaweb.com\/index.php\/wp-json\/wp\/v2\/posts"}],"about":[{"href":"http:\/\/hoycordobaweb.com\/index.php\/wp-json\/wp\/v2\/types\/post"}],"author":[{"embeddable":true,"href":"http:\/\/hoycordobaweb.com\/index.php\/wp-json\/wp\/v2\/users\/1"}],"replies":[{"embeddable":true,"href":"http:\/\/hoycordobaweb.com\/index.php\/wp-json\/wp\/v2\/comments?post=141109"}],"version-history":[{"count":0,"href":"http:\/\/hoycordobaweb.com\/index.php\/wp-json\/wp\/v2\/posts\/141109\/revisions"}],"wp:featuredmedia":[{"embeddable":true,"href":"http:\/\/hoycordobaweb.com\/index.php\/wp-json\/wp\/v2\/media\/141110"}],"wp:attachment":[{"href":"http:\/\/hoycordobaweb.com\/index.php\/wp-json\/wp\/v2\/media?parent=141109"}],"wp:term":[{"taxonomy":"category","embeddable":true,"href":"http:\/\/hoycordobaweb.com\/index.php\/wp-json\/wp\/v2\/categories?post=141109"},{"taxonomy":"post_tag","embeddable":true,"href":"http:\/\/hoycordobaweb.com\/index.php\/wp-json\/wp\/v2\/tags?post=141109"}],"curies":[{"name":"wp","href":"https:\/\/api.w.org\/{rel}","templated":true}]}}