{"id":141107,"date":"2026-09-03T18:48:40","date_gmt":"2026-09-03T18:48:40","guid":{"rendered":"http:\/\/hoycordobaweb.com\/index.php\/2026\/09\/03\/crisis-en-ceuta-en-rdc-afirmaron-que-pedro-sanchez-quedo-aislado-frente-a-marruecos\/"},"modified":"2026-09-03T18:48:40","modified_gmt":"2026-09-03T18:48:40","slug":"crisis-en-ceuta-en-rdc-afirmaron-que-pedro-sanchez-quedo-aislado-frente-a-marruecos","status":"publish","type":"post","link":"http:\/\/hoycordobaweb.com\/index.php\/2026\/09\/03\/crisis-en-ceuta-en-rdc-afirmaron-que-pedro-sanchez-quedo-aislado-frente-a-marruecos\/","title":{"rendered":"Crisis en Ceuta: en RDC afirmaron que Pedro S\u00e1nchez qued\u00f3 aislado frente a Marruecos"},"content":{"rendered":"<div class=\"media_block\"><\/div>\n<div><img src=\"http:\/\/hoycordobaweb.com\/wp-content\/uploads\/2026\/09\/crisis-en-ceuta-en-rdc-afirmaron-que-pedro-sanchez-quedo-aislado-frente-a-marruecos.jpg\" class=\"ff-og-image-inserted\"><\/div>\n<p>El presidente espa\u00f1ol <strong>Pedro S\u00e1nchez<\/strong> enfrent\u00f3 una comparecencia de unas seis horas ante el Congreso en medio de la crisis pol\u00edtica y migratoria que atraviesa Ceuta. <strong>Marcelo Molina, corresponsal de +Perfil en Espa\u00f1a<\/strong>, explic\u00f3 que el mandatario defendi\u00f3 su gesti\u00f3n y volvi\u00f3 a evitar una acusaci\u00f3n directa contra Marruecos.<\/p>\n<p>Seg\u00fan Molina, S\u00e1nchez insisti\u00f3 en que <strong>\u201cno tiene pruebas s\u00f3lidas como para acusarlo\u201d<\/strong>, pese a la aparici\u00f3n de distintos informes que se\u00f1alan responsabilidades. El presidente tambi\u00e9n defendi\u00f3 su pol\u00edtica migratoria y sostuvo que <strong>\u201ces la mejor de Europa\u201d<\/strong>, incluso al compararla con la situaci\u00f3n italiana.<\/p>\n<h2><strong>Feij\u00f3o: \u201c\u00bfQu\u00e9 sabe Marruecos de usted?\u201d<\/strong><\/h2>\n<p>Uno de los momentos de mayor tensi\u00f3n lleg\u00f3 con <strong>Alberto N\u00fa\u00f1ez Feij\u00f3o<\/strong>, l\u00edder del Partido Popular. Molina relat\u00f3 que el opositor mir\u00f3 directamente a S\u00e1nchez y lanz\u00f3: <strong>\u201c\u00bfQu\u00e9 sabe Marruecos de usted?\u201d<\/strong>.<\/p>\n<div class=\"subscription\" readability=\"6.683257918552\">\n<p> Esto no les gusta a los autoritarios <\/p>\n<div class=\"subscription__container\" readability=\"6.1467391304348\">\n<div class=\"subscription__text-wrapper\" readability=\"31.20652173913\">\n<p> El ejercicio del periodismo profesional y cr\u00edtico es un pilar fundamental de la democracia. Por eso molesta a quienes creen ser los due\u00f1os de la verdad. <\/p>\n<\/p><\/div><\/div><\/div>\n<p>Feij\u00f3o complet\u00f3 el cuestionamiento con otra frase todav\u00eda m\u00e1s fuerte: <strong>\u201cEspa\u00f1a no puede tener a un presidente bajo chantaje\u201d<\/strong>. La discusi\u00f3n volvi\u00f3 a colocar en escena el caso Pegasus y el espionaje sufrido a\u00f1os atr\u00e1s por el propio S\u00e1nchez.<\/p>\n<p>El presidente respondi\u00f3 con igual dureza y calific\u00f3 a Feij\u00f3o de <strong>\u201cruin e hip\u00f3crita\u201d<\/strong> por intentar, seg\u00fan su interpretaci\u00f3n, obtener r\u00e9dito pol\u00edtico de la crisis. Incluso se burl\u00f3 de su liderazgo interno al decirle: <strong>\u201cUsted no manda ni en su partido\u201d<\/strong>.<\/p>\n<h2><strong>Pedro S\u00e1nchez tambi\u00e9n carg\u00f3 contra Abascal<\/strong><\/h2>\n<p>La discusi\u00f3n con <strong>Santiago Abascal<\/strong> fue todav\u00eda m\u00e1s agresiva. Molina cont\u00f3 que S\u00e1nchez acus\u00f3 a Vox de promover <strong>\u201cpol\u00edticas de muerte\u201d<\/strong> y los defini\u00f3 como <strong>\u201cuna banda de pir\u00f3manos, racistas y traficantes de odio\u201d<\/strong>.<\/p>\n<p>En otro tramo, el presidente lanz\u00f3 contra los dirigentes opositores: <strong>\u201cUstedes hubieran preferido matar a miles de j\u00f3venes para evitar tener que gestionar una crisis al otro lado de la frontera\u201d<\/strong>. Abascal respondi\u00f3 tambi\u00e9n con extrema dureza y, seg\u00fan Molina, lleg\u00f3 a decirle que <strong>\u201ctodo Espa\u00f1a sabe que usted tiene la empat\u00eda de un asesino en serie\u201d<\/strong>.<\/p>\n<h2><strong>La pol\u00e9mica por la embajadora de Marruecos<\/strong><\/h2>\n<p>Otro episodio gener\u00f3 cuestionamientos durante la sesi\u00f3n. S\u00e1nchez sostuvo que la embajadora marroqu\u00ed hab\u00eda sido convocada, pero luego se conoci\u00f3 que <strong>\u201cla embajadora no estaba en Espa\u00f1a\u201d<\/strong> y que el contacto hab\u00eda sido con el encargado de negocios.<\/p>\n<p>Molina destac\u00f3 la comparaci\u00f3n realizada por la oposici\u00f3n: <strong>\u201cS\u00ed convocaron a los embajadores de Italia y Argentina, pero en el caso de Marruecos no\u201d<\/strong>. El episodio reforz\u00f3 las cr\u00edticas de quienes consideran que el Ejecutivo mantiene una actitud excesivamente cautelosa con Rabat.<\/p>\n<h2><strong>Por qu\u00e9 el \u00fanico que qued\u00f3 con la tesis de Marruecos es Pedro S\u00e1nchez<\/strong><\/h2>\n<p>El corresponsal remarc\u00f3 adem\u00e1s que el presidente qued\u00f3 pol\u00edticamente aislado respecto de la interpretaci\u00f3n de la crisis. <strong>\u201cHoy todos los aliados del Gobierno, absolutamente todos, acusaron a Marruecos\u201d<\/strong>, explic\u00f3.<\/p>\n<p>Incluso Junts, uno de los espacios decisivos para la continuidad parlamentaria del Ejecutivo, sostuvo que S\u00e1nchez estaba <strong>\u201cinhabilitado para gobernar despu\u00e9s de lo que pas\u00f3 en Ceuta\u201d<\/strong>, aunque sin retirar por ahora su apoyo. Molina sintetiz\u00f3: <strong>\u201cEl \u00fanico que qued\u00f3 con la tesis de que Marruecos, por ahora, no tiene responsabilidad, es Pedro S\u00e1nchez y los miembros del Partido Socialista\u201d<\/strong>.<\/p>\n<h2><strong>Las protestas masivas contra Pedro S\u00e1nchez por Ceuta<\/strong><\/h2>\n<p>La tensi\u00f3n institucional se traslad\u00f3 tambi\u00e9n a las calles, con movilizaciones masivas y enfrentamientos. Molina describi\u00f3 escenas poco habituales en Madrid porque se encontraron una facci\u00f3n pro marcha y otros anti marcha y subi\u00f3 la tensi\u00f3n: <strong>\u201cGases lacrim\u00f3genos y balas de goma. Un escenario no com\u00fan realmente en Espa\u00f1a\u201d<\/strong>.<\/p>\n<p>En Ceuta, mientras tanto, los habitantes siguieron la comparecencia con enorme atenci\u00f3n. <strong>\u201cLos ceut\u00edes hoy se quedaron todo el tiempo mirando, muy atentos a ver qu\u00e9 pasaba y qu\u00e9 se dec\u00eda\u201d<\/strong>, relat\u00f3 Molina.<\/p>\n<p>Para el corresponsal, la pregunta m\u00e1s grave contin\u00faa sin una respuesta definitiva: <strong>\u201c\u00bfQu\u00e9 pas\u00f3? El qu\u00e9 pas\u00f3 es algo que oficialmente todav\u00eda no se sabe\u201d<\/strong>. Y mientras S\u00e1nchez reclama pruebas antes de responsabilizar a Marruecos, la oposici\u00f3n, los informes y parte de sus propios aliados incrementan la presi\u00f3n sobre el Gobierno.<\/p>\n","protected":false},"excerpt":{"rendered":"<p>El presidente espa\u00f1ol Pedro S\u00e1nchez enfrent\u00f3 una comparecencia de unas seis horas ante el Congreso en medio de la crisis pol\u00edtica y migratoria que atraviesa Ceuta. Marcelo Molina, corresponsal de +Perfil en Espa\u00f1a, explic\u00f3 que el mandatario defendi\u00f3 su gesti\u00f3n y volvi\u00f3 a evitar una acusaci\u00f3n directa contra Marruecos. Seg\u00fan Molina, S\u00e1nchez insisti\u00f3 en que [&hellip;]<\/p>\n","protected":false},"author":1,"featured_media":141108,"comment_status":"closed","ping_status":"closed","sticky":false,"template":"","format":"standard","meta":[],"categories":[19],"tags":[3629,3628,3630,3627,288],"_links":{"self":[{"href":"http:\/\/hoycordobaweb.com\/index.php\/wp-json\/wp\/v2\/posts\/141107"}],"collection":[{"href":"http:\/\/hoycordobaweb.com\/index.php\/wp-json\/wp\/v2\/posts"}],"about":[{"href":"http:\/\/hoycordobaweb.com\/index.php\/wp-json\/wp\/v2\/types\/post"}],"author":[{"embeddable":true,"href":"http:\/\/hoycordobaweb.com\/index.php\/wp-json\/wp\/v2\/users\/1"}],"replies":[{"embeddable":true,"href":"http:\/\/hoycordobaweb.com\/index.php\/wp-json\/wp\/v2\/comments?post=141107"}],"version-history":[{"count":0,"href":"http:\/\/hoycordobaweb.com\/index.php\/wp-json\/wp\/v2\/posts\/141107\/revisions"}],"wp:featuredmedia":[{"embeddable":true,"href":"http:\/\/hoycordobaweb.com\/index.php\/wp-json\/wp\/v2\/media\/141108"}],"wp:attachment":[{"href":"http:\/\/hoycordobaweb.com\/index.php\/wp-json\/wp\/v2\/media?parent=141107"}],"wp:term":[{"taxonomy":"category","embeddable":true,"href":"http:\/\/hoycordobaweb.com\/index.php\/wp-json\/wp\/v2\/categories?post=141107"},{"taxonomy":"post_tag","embeddable":true,"href":"http:\/\/hoycordobaweb.com\/index.php\/wp-json\/wp\/v2\/tags?post=141107"}],"curies":[{"name":"wp","href":"https:\/\/api.w.org\/{rel}","templated":true}]}}