{"id":141099,"date":"2026-09-03T18:42:56","date_gmt":"2026-09-03T18:42:56","guid":{"rendered":"https:\/\/www.ole.com.ar\/futbol-internacional\/espana\/consejo-idolo-atletico-madrid-julian-alvarez-perdon-palabras_0_Lmcr2kAUwi.html"},"modified":"2026-09-03T18:42:56","modified_gmt":"2026-09-03T18:42:56","slug":"el-consejo-de-un-idolo-del-atletico-de-madrid-para-julian-alvarez-el-perdon-no-es-con-palabras","status":"publish","type":"post","link":"http:\/\/hoycordobaweb.com\/index.php\/2026\/09\/03\/el-consejo-de-un-idolo-del-atletico-de-madrid-para-julian-alvarez-el-perdon-no-es-con-palabras\/","title":{"rendered":"El consejo de un \u00eddolo del Atl\u00e9tico de Madrid para Juli\u00e1n Alvarez: \u00abEl perd\u00f3n no es con palabras&#8230;\u00bb"},"content":{"rendered":"<p><img src=\"http:\/\/hoycordobaweb.com\/wp-content\/uploads\/2026\/09\/el-consejo-de-un-idolo-del-atletico-de-madrid-para-julian-alvarez-el-perdon-no-es-con-palabras.jpg\"><\/p>\n<div id=\"element-body-0\" class=\"sc-df222161-0 hNvwjb\" readability=\"27.670487106017\">\n<p>Luego de ser protagonista de una de las novelas del <a href=\"https:\/\/www.ole.com.ar\/futbol-internacional\/10-pases-caros-mercado-pases-enzo-fernandez-caro_0_Ta99NEFzu7.html\" target=\"_blank\" title=\"mercado de pases en el f\u00fatbol europeo\" alt=\"mercado de pases en el f\u00fatbol europeo\" rel=\"noopener noreferrer\">mercado de pases en el f\u00fatbol europeo<\/a>, finalmente <strong>Juli\u00e1n Alvarez<\/strong> <a href=\"https:\/\/www.ole.com.ar\/futbol-internacional\/espana\/julian-alvarez-doble-turno-vuelve-atletico-madrid-figura-simeone_0_yQmwpdiENw.html\" target=\"_blank\" title=\"no pudo cumplir con su deseo de pasar al Barcelona\" alt=\"no pudo cumplir con su deseo de pasar al Barcelona\" rel=\"noopener noreferrer\">no pudo cumplir con su deseo de pasar al Barcelona<\/a> y se qued\u00f3 en el <strong>Atl\u00e9tico de Madrid.<\/strong> Y en las \u00faltimas horas, el delantero de la Selecci\u00f3n Argentina <strong>recibi\u00f3 un peculiar consejo de uno de los \u00eddolos que tiene el Colchonero.<\/strong><\/p>\n<\/div>\n<div id=\"element-body-1\" class=\"sc-df222161-0 hNvwjb\" readability=\"38\">\n<p>Este jueves, luego de que el cordob\u00e9s cumpla con una jornada de entrenamientos a doble turno de cara al partido contra el Athletic de Bilbao por LaLiga, el portugu\u00e9s <strong>Paulo Futre <\/strong> se grab\u00f3 y le envi\u00f3 un mensaje de aliento al ex River. Incluso, <strong> le dio la receta para volver a ganarse el cari\u00f1o de los hinchas del Aleti.<\/strong><\/p>\n<\/div>\n<div class=\"sc-c0843421-0 iNysjD image-embed\" id=\"element-body-2\"><img alt=\"Juli\u00e1n Alvarez en el Aleti. \" loading=\"lazy\" width=\"720\" height=\"100\" decoding=\"async\" data-nimg=\"1\" src=\"http:\/\/hoycordobaweb.com\/wp-content\/uploads\/2026\/09\/el-consejo-de-un-idolo-del-atletico-de-madrid-para-julian-alvarez-el-perdon-no-es-con-palabras-2.jpg\"><span class=\"epigraphe\">Juli\u00e1n Alvarez en el Aleti. <\/span><\/div>\n<p><h2><strong>El mensaje de Futre para Juli\u00e1n<\/strong><\/h2>\n<\/p>\n<div id=\"element-body-4\" class=\"sc-8712cf2e-1 brsVwg\"><figcaption class=\"JWvideoNota_title\">\n<p>(Video: Instagram)<\/p>\n<\/figcaption><\/div>\n<div id=\"element-body-5\" class=\"sc-df222161-0 hNvwjb\" readability=\"40\">\n<p>\u00abJuli\u00e1n, yo no nac\u00ed siendo del Atleti, yo soy portugu\u00e9s, llegu\u00e9 con 21 a\u00f1os, siendo campe\u00f3n de Europa y m\u00e1s tarde Bal\u00f3n de Plata. <strong> Era un potro y este potro se ha enamorado de este escudo \u00fanico<\/strong>\u201d, comenz\u00f3 Futre, en un video que public\u00f3 en su cuenta de Instagram.<\/p>\n<\/div>\n<div id=\"element-body-6\" class=\"sc-df222161-0 hNvwjb\" readability=\"40\">\n<p>\u201cEstoy convencido Juli\u00e1n, que t\u00fa tambi\u00e9n te vas a enamorar de esta afici\u00f3n \u00fanica y de este gran club. <strong>El perd\u00f3n no es con palabras, es con goles y no tengo dudas, vas a dar todo y sudar la camiseta, hasta la \u00faltima gota por este escudo, vamos campe\u00f3n<\/strong>\u00ab, complet\u00f3 el luso.<\/p>\n<\/div>\n<p><h2><strong>\u00bfQui\u00e9n es Futre?<\/strong><\/h2>\n<\/p>\n<div id=\"element-body-8\" class=\"sc-df222161-0 hNvwjb\" readability=\"34\">\n<p>Paulo Jorge dos Santos Futre naci\u00f3 el 28 de febrero de 1966 en Lisboa. Fue un extremo por izquierda que brill\u00f3 durante la d\u00e9cada del 80 y 90: es considerado uno de los futbolistas m\u00e1s talentosos de Portugal.<\/p>\n<\/div>\n<div id=\"element-body-9\" class=\"sc-df222161-0 hNvwjb\" readability=\"37\">\n<p>Aunque se form\u00f3 y debut\u00f3 el Sporting Lisboa, su explosi\u00f3n se dio en el Porto, club con el que gan\u00f3 la Champions League en la temporada 1986\/87. Tras esa actuaci\u00f3n, el Atl\u00e9tico de Madrid lo compr\u00f3 y permaneci\u00f3 en el club durante seis temporadas.<\/p>\n<\/div>\n<div id=\"element-body-10\" class=\"sc-df222161-0 hNvwjb\" readability=\"36\">\n<p>En su primer ciclo en el Aleti gan\u00f3 dos Copas del Rey, la m\u00e1s recordada es la de 1992, en la que el Colchonero venci\u00f3 al Real Madrid en la final. El luso hizo uno de los tantos en el 2-0 y desde entonces es \u00eddolo del club.<\/p>\n<\/div>\n<div id=\"element-body-11\" class=\"sc-df222161-0 hNvwjb\" readability=\"37\">\n<p>Luego de pasar por el Benfica, el Milan, la Reggiana y el Olympique Marsella, Futre cerr\u00f3 su carrera en el Aleti, a finales de los 90.<\/p>\n<\/div>\n<div class=\"sc-c0843421-0 iNysjD image-embed\" id=\"element-body-12\"><img alt=\"Futre, \u00eddolo del Aleti. \" loading=\"lazy\" width=\"720\" height=\"100\" decoding=\"async\" data-nimg=\"1\" src=\"http:\/\/hoycordobaweb.com\/wp-content\/uploads\/2026\/09\/el-consejo-de-un-idolo-del-atletico-de-madrid-para-julian-alvarez-el-perdon-no-es-con-palabras-3.jpg\"><span class=\"epigraphe\">Futre, \u00eddolo del Aleti. <\/span><\/div>\n<div id=\"element-body-13\" class=\"sc-a7166897-0 eTTZWU\" readability=\"31\">\n<section readability=\"2\"><picture><img alt=\"Cerr\u00f3 el mercado de pases: refuerzos y bajas de \u00faltimo momento\" loading=\"lazy\" width=\"290\" height=\"290\" decoding=\"async\" data-nimg=\"1\" src=\"http:\/\/hoycordobaweb.com\/wp-content\/uploads\/2026\/09\/el-consejo-de-un-idolo-del-atletico-de-madrid-para-julian-alvarez-el-perdon-no-es-con-palabras-4.jpg\"><\/picture>\n<p><span>Mir\u00e1 tambi\u00e9n<\/span><\/p>\n<hr>\n<h3>Cerr\u00f3 el mercado de pases: refuerzos y bajas de \u00faltimo momento<\/h3>\n<\/p>\n<\/section>\n<\/div>\n<div id=\"element-body-14\" class=\"sc-a7166897-0 eTTZWU\" readability=\"32\">\n<section readability=\"4\"><picture><img alt=\"Qui\u00e9n es Jonathan David, el 9 que lleg\u00f3 al Atl\u00e9tico de Madrid y que competir\u00e1 con Juli\u00e1n \u00c1lvarez\" loading=\"lazy\" width=\"290\" height=\"290\" decoding=\"async\" data-nimg=\"1\" src=\"http:\/\/hoycordobaweb.com\/wp-content\/uploads\/2026\/09\/el-consejo-de-un-idolo-del-atletico-de-madrid-para-julian-alvarez-el-perdon-no-es-con-palabras-5.jpg\"><\/picture>\n<p><span>Mir\u00e1 tambi\u00e9n<\/span><\/p>\n<hr>\n<h3>Qui\u00e9n es Jonathan David, el 9 que lleg\u00f3 al Atl\u00e9tico de Madrid y que competir\u00e1 con Juli\u00e1n \u00c1lvarez<\/h3>\n<\/p>\n<\/section>\n<\/div>\n<div id=\"element-body-15\" class=\"sc-a7166897-0 eTTZWU\" readability=\"31.5\">\n<section readability=\"3\"><picture><img alt=\"El mercado ya fue: Juli\u00e1n \u00c1lvarez hizo doble turno y vuelve al ruedo con el Atl\u00e9tico de Madrid\" loading=\"lazy\" width=\"290\" height=\"290\" decoding=\"async\" data-nimg=\"1\" src=\"http:\/\/hoycordobaweb.com\/wp-content\/uploads\/2026\/09\/el-consejo-de-un-idolo-del-atletico-de-madrid-para-julian-alvarez-el-perdon-no-es-con-palabras-6.jpg\"><\/picture>\n<p><span>Mir\u00e1 tambi\u00e9n<\/span><\/p>\n<hr>\n<h3>El mercado ya fue: Juli\u00e1n \u00c1lvarez hizo doble turno y vuelve al ruedo con el Atl\u00e9tico de Madrid<\/h3>\n<\/p>\n<\/section>\n<\/div>\n<div id=\"element-body-16\" class=\"sc-a7166897-0 eTTZWU\" readability=\"31.5\">\n<section readability=\"3\"><picture><img alt=\"\u201cSer\u00e1 un jugador importante\u201d: Mourinho habl\u00f3 sobre el futuro de Juli\u00e1n \u00c1lvarez en el Atl\u00e9tico\" loading=\"lazy\" width=\"290\" height=\"290\" decoding=\"async\" data-nimg=\"1\" src=\"http:\/\/hoycordobaweb.com\/wp-content\/uploads\/2026\/09\/el-consejo-de-un-idolo-del-atletico-de-madrid-para-julian-alvarez-el-perdon-no-es-con-palabras-7.jpg\"><\/picture>\n<p><span>Mir\u00e1 tambi\u00e9n<\/span><\/p>\n<hr>\n<h3>\u201cSer\u00e1 un jugador importante\u201d: Mourinho habl\u00f3 sobre el futuro de Juli\u00e1n \u00c1lvarez en el Atl\u00e9tico<\/h3>\n<\/p>\n<\/section>\n<\/div>\n<div id=\"element-body-17\" class=\"sc-a7166897-0 eTTZWU\" readability=\"32\">\n<section readability=\"4\"><picture><img alt=\"Lautaro Mart\u00ednez revel\u00f3 por qu\u00e9 rechaz\u00f3 ser comprado por el Barcelona: &quot;Los rumores eran ciertos, pero...&quot;\" loading=\"lazy\" width=\"290\" height=\"290\" decoding=\"async\" data-nimg=\"1\" src=\"http:\/\/hoycordobaweb.com\/wp-content\/uploads\/2026\/09\/el-consejo-de-un-idolo-del-atletico-de-madrid-para-julian-alvarez-el-perdon-no-es-con-palabras-8.jpg\"><\/picture>\n<p><span>Mir\u00e1 tambi\u00e9n<\/span><\/p>\n<hr>\n<h3>Lautaro Mart\u00ednez revel\u00f3 por qu\u00e9 rechaz\u00f3 ser comprado por el Barcelona: \u00abLos rumores eran ciertos, pero&#8230;\u00bb<\/h3>\n<\/p>\n<\/section>\n<\/div>\n","protected":false},"excerpt":{"rendered":"<p>Luego de ser protagonista de una de las novelas del mercado de pases en el f\u00fatbol europeo, finalmente Juli\u00e1n Alvarez no pudo cumplir con su deseo de pasar al Barcelona y se qued\u00f3 en el Atl\u00e9tico de Madrid. Y en las \u00faltimas horas, el delantero de la Selecci\u00f3n Argentina recibi\u00f3 un peculiar consejo de uno [&hellip;]<\/p>\n","protected":false},"author":1,"featured_media":141100,"comment_status":"open","ping_status":"closed","sticky":false,"template":"","format":"standard","meta":[],"categories":[16],"tags":[],"_links":{"self":[{"href":"http:\/\/hoycordobaweb.com\/index.php\/wp-json\/wp\/v2\/posts\/141099"}],"collection":[{"href":"http:\/\/hoycordobaweb.com\/index.php\/wp-json\/wp\/v2\/posts"}],"about":[{"href":"http:\/\/hoycordobaweb.com\/index.php\/wp-json\/wp\/v2\/types\/post"}],"author":[{"embeddable":true,"href":"http:\/\/hoycordobaweb.com\/index.php\/wp-json\/wp\/v2\/users\/1"}],"replies":[{"embeddable":true,"href":"http:\/\/hoycordobaweb.com\/index.php\/wp-json\/wp\/v2\/comments?post=141099"}],"version-history":[{"count":0,"href":"http:\/\/hoycordobaweb.com\/index.php\/wp-json\/wp\/v2\/posts\/141099\/revisions"}],"wp:featuredmedia":[{"embeddable":true,"href":"http:\/\/hoycordobaweb.com\/index.php\/wp-json\/wp\/v2\/media\/141100"}],"wp:attachment":[{"href":"http:\/\/hoycordobaweb.com\/index.php\/wp-json\/wp\/v2\/media?parent=141099"}],"wp:term":[{"taxonomy":"category","embeddable":true,"href":"http:\/\/hoycordobaweb.com\/index.php\/wp-json\/wp\/v2\/categories?post=141099"},{"taxonomy":"post_tag","embeddable":true,"href":"http:\/\/hoycordobaweb.com\/index.php\/wp-json\/wp\/v2\/tags?post=141099"}],"curies":[{"name":"wp","href":"https:\/\/api.w.org\/{rel}","templated":true}]}}