{"id":141093,"date":"2026-09-03T19:04:22","date_gmt":"2026-09-03T19:04:22","guid":{"rendered":"https:\/\/www.ole.com.ar\/maradona\/nueva-declaracion-muerte-juicio-diego-maradona-dijo-leopoldo-luque_0_cQeUwHi3Jx.html"},"modified":"2026-09-03T19:04:22","modified_gmt":"2026-09-03T19:04:22","slug":"la-nueva-declaracion-de-leopoldo-luque-en-el-juicio-por-la-muerte-de-maradona-hay-un-paciente-despues-de-la-muerte-y-otro-en-vida","status":"publish","type":"post","link":"http:\/\/hoycordobaweb.com\/index.php\/2026\/09\/03\/la-nueva-declaracion-de-leopoldo-luque-en-el-juicio-por-la-muerte-de-maradona-hay-un-paciente-despues-de-la-muerte-y-otro-en-vida\/","title":{"rendered":"La nueva declaraci\u00f3n de Leopoldo Luque en el juicio por la muerte de Maradona: \u00abHay un paciente despu\u00e9s de la muerte y otro en vida\u00bb"},"content":{"rendered":"<p><img src=\"http:\/\/hoycordobaweb.com\/wp-content\/uploads\/2026\/09\/la-nueva-declaracion-de-leopoldo-luque-en-el-juicio-por-la-muerte-de-maradona-hay-un-paciente-despues-de-la-muerte-y-otro-en-vida.jpg\"><\/p>\n<div id=\"element-body-0\" class=\"sc-df222161-0 hNvwjb\" readability=\"34.259259259259\">\n<p>Este jueves, tuvo lugar una <strong>nueva audiencia del juicio por el fallecimiento de <a href=\"https:\/\/www.ole.com.ar\/tema\/copa-diego-armando-maradona.html\" target=\"_blank\" title=\"Diego Armando Maradona\" alt=\"Diego Armando Maradona\" rel=\"noopener noreferrer\">Diego Armando Maradona<\/a>.<\/strong> Las declaraciones m\u00e1s destacadas fueron las de <strong>Leopoldo Luque<\/strong>, neurocirujano que atendi\u00f3 al astro de Villa Fiorito en la etapa final de su vida, y <strong>uno de los principales imputados en la causa.<\/strong><\/p>\n<\/div>\n<div id=\"element-body-1\" class=\"sc-df222161-0 hNvwjb\" readability=\"36\">\n<p>En el marco de la primera de seis audiencias dedicadas a la declaraci\u00f3n de los testigos de la defensa, <strong>este jueves el primero de ellos (Jos\u00e9 Antonio Maya, propuesto por los abogados de Luque) no se present\u00f3 por falta de tiempo para analizar el estudio de 170 p\u00e1ginas.<\/strong><\/p>\n<\/div>\n<div id=\"element-body-2\" class=\"sc-df222161-0 hNvwjb\" readability=\"46\">\n<p>Por su parte, la declaraci\u00f3n del neurocirujano de 45 a\u00f1os dur\u00f3 aproximadamente una hora y dej\u00f3 varias frases destacadas. \u00bb <strong>Hay un paciente despu\u00e9s de la muerte y parece otro paciente en vida<\/strong>, entonces empiezan las preguntas de por qu\u00e9 no lo vieron, qu\u00e9 pas\u00f3, c\u00f3mo no vieron las alarmas, c\u00f3mo ese paciente se encerr\u00f3 y nadie hizo nada\u00bb, abri\u00f3 Luque. En respuesta a ese interrogante, aclar\u00f3, contundente: \u00abLa respuesta es simple, <strong> el paciente que describe la Junta M\u00e9dica no es el paciente que ten\u00edamos en vida, pero no es que somos tontos, que no nos importa el paciente\u00bb.<\/strong><\/p>\n<\/div>\n<div class=\"sc-c0843421-0 iNysjD image-embed\" id=\"element-body-3\"><img alt=\"Luque junto a Maradona. (AFP)\" loading=\"lazy\" width=\"720\" height=\"100\" decoding=\"async\" data-nimg=\"1\" src=\"http:\/\/hoycordobaweb.com\/wp-content\/uploads\/2026\/09\/la-nueva-declaracion-de-leopoldo-luque-en-el-juicio-por-la-muerte-de-maradona-hay-un-paciente-despues-de-la-muerte-y-otro-en-vida-2.jpg\"><span class=\"epigraphe\">Luque junto a Maradona. (AFP)<\/span><\/div>\n<div id=\"element-body-4\" class=\"sc-df222161-0 hNvwjb\" readability=\"42\">\n<p>El especialista de salud visit\u00f3 a Diego en sus \u00faltimos d\u00edas de vida -el 17, 18, 20 y 22 de noviembre de 2020- describi\u00f3 c\u00f3mo fueron esos momentos y elogi\u00f3 la labor de quienes lo atendieron. <strong>\u00abNo quiso verme, a los enfermeros los vi atendi\u00e9ndolo. Lo vi siendo cuidado<\/strong>. Creo que le dije a Gianinna que lo vi respirando bien, para nada jam\u00e1s imagin\u00e9 el final que tuvo, jam\u00e1s se me cruz\u00f3 por la cabeza\u00bb, asegur\u00f3. \u00bb <strong>Quiero dejar en claro que no vi a ning\u00fan profesional haciendo algo malo\u00bb<\/strong>, agreg\u00f3.<\/p>\n<\/div>\n<div id=\"element-body-5\" class=\"sc-df222161-0 hNvwjb\" readability=\"39\">\n<p>Con respecto a los estudios, Luque se\u00f1al\u00f3 la diferencia con el veredicto de la Junta M\u00e9dica. <strong>\u00abNunca se detect\u00f3 ni la insuficiencia cardiaca, hep\u00e1tica ni renal.<\/strong> Los estudios daban bien y el paciente no refer\u00eda nada (&#8230;) Si escuchan los testimonios lo vieron excelente al paciente. Hace un episodio dentro de una abstinencia de querer encerrarse, no era una alarma\u00bb, record\u00f3.<\/p>\n<\/div>\n<div class=\"sc-c0843421-0 iNysjD image-embed\" id=\"element-body-6\"><img alt=\"Leopoldo Luque, en el juicio por la muerte de Maradona. (FTP)\" loading=\"lazy\" width=\"720\" height=\"100\" decoding=\"async\" data-nimg=\"1\" src=\"http:\/\/hoycordobaweb.com\/wp-content\/uploads\/2026\/09\/la-nueva-declaracion-de-leopoldo-luque-en-el-juicio-por-la-muerte-de-maradona-hay-un-paciente-despues-de-la-muerte-y-otro-en-vida-3.jpg\"><span class=\"epigraphe\">Leopoldo Luque, en el juicio por la muerte de Maradona. (FTP)<\/span><\/div>\n<p><h2><strong>El motivo por el que Luque \u00abquiso abrirse\u00bb antes de la muerte de Maradona: \u00abNo me sent\u00eda de utilidad\u00bb<\/strong><\/h2>\n<\/p>\n<div id=\"element-body-8\" class=\"sc-df222161-0 hNvwjb\" readability=\"38\">\n<p>Al ser consultado acerca de su deseo de \u00ababrirse\u00bb de la situaci\u00f3n de Diego en el \u00faltimo tramo de su vida, el m\u00e9dico habl\u00f3 acerca de su relaci\u00f3n con \u00e9l. \u00abLo quer\u00eda infinitamente. Era mentira que era un paciente m\u00e1s, estar cerca de Diego era hermoso. Eso no se puede negar. <strong>\u00bfQu\u00e9 utilidad ten\u00eda para Diego? Me nombraban como m\u00e9dico de cabecera. \u00c9l confiaba en m\u00ed cuando quer\u00eda\u00bb<\/strong>, record\u00f3.<\/p>\n<\/div>\n<div id=\"element-body-9\" class=\"sc-df222161-0 hNvwjb\" readability=\"42\">\n<p>Con respecto a su deseo de alejarse del cuidado de Maradona, Luque profundiz\u00f3: \u00bb <strong>Lo quer\u00eda dejar porque era frustrante, ten\u00eda una personalidad fuerte, me trataba bastante mal, pero lo aceptaba as\u00ed, lo quer\u00eda as\u00ed y lo aceptaba. <\/strong> No quiero que quede la imagen que le falte el respeto a \u00e9l ni a la familia, de manera privada lo hice y ped\u00ed disculpas, tuve comentarios desafortunados que no le dir\u00eda en la cara\u00bb.<\/p>\n<\/div>\n<div class=\"sc-c0843421-0 iNysjD image-embed\" id=\"element-body-10\"><img alt=\"Diego Maradona en su \u00faltimo a\u00f1o de vida. (AFP)\" loading=\"lazy\" width=\"720\" height=\"100\" decoding=\"async\" data-nimg=\"1\" src=\"http:\/\/hoycordobaweb.com\/wp-content\/uploads\/2026\/09\/la-nueva-declaracion-de-leopoldo-luque-en-el-juicio-por-la-muerte-de-maradona-hay-un-paciente-despues-de-la-muerte-y-otro-en-vida-4.jpg\"><span class=\"epigraphe\">Diego Maradona en su \u00faltimo a\u00f1o de vida. (AFP)<\/span><\/div>\n<div id=\"element-body-11\" class=\"sc-df222161-0 hNvwjb\" readability=\"42\">\n<p>Adem\u00e1s, el neurocirujano rememor\u00f3 su frustraci\u00f3n ante el caso. <strong>\u00abCuando vi que ten\u00eda un grupo de gente, de salud mental, era el momento de descansar de esa situaci\u00f3n frustrante<\/strong>. No sab\u00eda manejar un paciente alcoh\u00f3lico. No me sent\u00eda de utilidad\u00bb, explic\u00f3. Para cerrar, resalt\u00f3 que, entre los involucrados, \u00abninguno tuvo mala intenci\u00f3n\u00bb. \u00bb <strong>Todos hicimos lo mejor que se pudo<\/strong>\u00ab. concluy\u00f3.<\/p>\n<\/div>\n<p><h2><strong>\u00bfC\u00f3mo sigue el juicio por la muerte de Maradona?<\/strong><\/h2>\n<\/p>\n<div id=\"element-body-13\" class=\"sc-df222161-0 hNvwjb\" readability=\"39\">\n<p>Este jueves, tuvo lugar la audiencia 39 del proceso judicial por el fallecimiento de Diego, ante el Tribunal Oral en lo Criminal (TOC) N\u00b0 7 de San Isidro. Ante la ausencia de Jos\u00e9 Antonio Maya, <strong>se dispuso que las pr\u00f3ximas cinco audiencias se destinen a la declaraci\u00f3n de hasta 17 testigos de la defensa de Luque<\/strong>. En tanto, se confirm\u00f3 que los alegatos de cierre comenzar\u00e1n el 29 de septiembre.<\/p>\n<\/div>\n<div id=\"element-body-14\" class=\"sc-a7166897-0 eTTZWU\" readability=\"31.5\">\n<section readability=\"3\"><picture><img alt=\"La llave de la Copa Argentina: con Boca, el cuadro completo de cuartos de final\" loading=\"lazy\" width=\"290\" height=\"290\" decoding=\"async\" data-nimg=\"1\" src=\"http:\/\/hoycordobaweb.com\/wp-content\/uploads\/2026\/09\/la-nueva-declaracion-de-leopoldo-luque-en-el-juicio-por-la-muerte-de-maradona-hay-un-paciente-despues-de-la-muerte-y-otro-en-vida-5.jpg\"><\/picture>\n<p><span>Mir\u00e1 tambi\u00e9n<\/span><\/p>\n<hr>\n<h3>La llave de la Copa Argentina: con Boca, el cuadro completo de cuartos de final<\/h3>\n<\/p>\n<\/section>\n<\/div>\n<div id=\"element-body-15\" class=\"sc-a7166897-0 eTTZWU\" readability=\"32.5\">\n<section readability=\"5\"><picture><img alt=\"Primer partido confirmado en Copa Argentina: d\u00eda, horario y sede para Banfield vs Riestra, por los cuartos de final\" loading=\"lazy\" width=\"290\" height=\"290\" decoding=\"async\" data-nimg=\"1\" src=\"http:\/\/hoycordobaweb.com\/wp-content\/uploads\/2026\/09\/la-nueva-declaracion-de-leopoldo-luque-en-el-juicio-por-la-muerte-de-maradona-hay-un-paciente-despues-de-la-muerte-y-otro-en-vida-6.jpg\"><\/picture>\n<p><span>Mir\u00e1 tambi\u00e9n<\/span><\/p>\n<hr>\n<h3>Primer partido confirmado en Copa Argentina: d\u00eda, horario y sede para Banfield vs Riestra, por los cuartos de final<\/h3>\n<\/p>\n<\/section>\n<\/div>\n<div id=\"element-body-16\" class=\"sc-a7166897-0 eTTZWU\" readability=\"31\">\n<section readability=\"2\"><picture><img alt=\"Cerr\u00f3 el mercado de pases: refuerzos y bajas de \u00faltimo momento\" loading=\"lazy\" width=\"290\" height=\"290\" decoding=\"async\" data-nimg=\"1\" src=\"http:\/\/hoycordobaweb.com\/wp-content\/uploads\/2026\/09\/la-nueva-declaracion-de-leopoldo-luque-en-el-juicio-por-la-muerte-de-maradona-hay-un-paciente-despues-de-la-muerte-y-otro-en-vida-7.jpg\"><\/picture>\n<p><span>Mir\u00e1 tambi\u00e9n<\/span><\/p>\n<hr>\n<h3>Cerr\u00f3 el mercado de pases: refuerzos y bajas de \u00faltimo momento<\/h3>\n<\/p>\n<\/section>\n<\/div>\n<div id=\"element-body-17\" class=\"sc-a7166897-0 eTTZWU\" readability=\"31.5\">\n<section readability=\"3\"><picture><img alt=\"El emotivo posteo de Hern\u00e1n Feler tras relatar a su hijo en V\u00e9lez-Boca: &quot;Cumplimos un sue\u00f1o juntos&quot;\" loading=\"lazy\" width=\"290\" height=\"290\" decoding=\"async\" data-nimg=\"1\" src=\"http:\/\/hoycordobaweb.com\/wp-content\/uploads\/2026\/09\/la-nueva-declaracion-de-leopoldo-luque-en-el-juicio-por-la-muerte-de-maradona-hay-un-paciente-despues-de-la-muerte-y-otro-en-vida-8.jpg\"><\/picture>\n<p><span>Mir\u00e1 tambi\u00e9n<\/span><\/p>\n<hr>\n<h3>El emotivo posteo de Hern\u00e1n Feler tras relatar a su hijo en V\u00e9lez-Boca: \u00abCumplimos un sue\u00f1o juntos\u00bb<\/h3>\n<\/p>\n<\/section>\n<\/div>\n","protected":false},"excerpt":{"rendered":"<p>Este jueves, tuvo lugar una nueva audiencia del juicio por el fallecimiento de Diego Armando Maradona. Las declaraciones m\u00e1s destacadas fueron las de Leopoldo Luque, neurocirujano que atendi\u00f3 al astro de Villa Fiorito en la etapa final de su vida, y uno de los principales imputados en la causa. En el marco de la primera [&hellip;]<\/p>\n","protected":false},"author":1,"featured_media":141094,"comment_status":"open","ping_status":"closed","sticky":false,"template":"","format":"standard","meta":[],"categories":[16],"tags":[],"_links":{"self":[{"href":"http:\/\/hoycordobaweb.com\/index.php\/wp-json\/wp\/v2\/posts\/141093"}],"collection":[{"href":"http:\/\/hoycordobaweb.com\/index.php\/wp-json\/wp\/v2\/posts"}],"about":[{"href":"http:\/\/hoycordobaweb.com\/index.php\/wp-json\/wp\/v2\/types\/post"}],"author":[{"embeddable":true,"href":"http:\/\/hoycordobaweb.com\/index.php\/wp-json\/wp\/v2\/users\/1"}],"replies":[{"embeddable":true,"href":"http:\/\/hoycordobaweb.com\/index.php\/wp-json\/wp\/v2\/comments?post=141093"}],"version-history":[{"count":0,"href":"http:\/\/hoycordobaweb.com\/index.php\/wp-json\/wp\/v2\/posts\/141093\/revisions"}],"wp:featuredmedia":[{"embeddable":true,"href":"http:\/\/hoycordobaweb.com\/index.php\/wp-json\/wp\/v2\/media\/141094"}],"wp:attachment":[{"href":"http:\/\/hoycordobaweb.com\/index.php\/wp-json\/wp\/v2\/media?parent=141093"}],"wp:term":[{"taxonomy":"category","embeddable":true,"href":"http:\/\/hoycordobaweb.com\/index.php\/wp-json\/wp\/v2\/categories?post=141093"},{"taxonomy":"post_tag","embeddable":true,"href":"http:\/\/hoycordobaweb.com\/index.php\/wp-json\/wp\/v2\/tags?post=141093"}],"curies":[{"name":"wp","href":"https:\/\/api.w.org\/{rel}","templated":true}]}}