{"id":141090,"date":"2026-09-02T23:21:49","date_gmt":"2026-09-02T23:21:49","guid":{"rendered":"https:\/\/ladecimaweb.com\/?p=34528"},"modified":"2026-09-02T23:21:49","modified_gmt":"2026-09-02T23:21:49","slug":"milei-condiciona-su-reeleccion-a-resultados-y-ratifica-que-no-flexibilizara-el-rumbo-economico","status":"publish","type":"post","link":"http:\/\/hoycordobaweb.com\/index.php\/2026\/09\/02\/milei-condiciona-su-reeleccion-a-resultados-y-ratifica-que-no-flexibilizara-el-rumbo-economico\/","title":{"rendered":"Milei condiciona su reelecci\u00f3n a resultados y ratifica que no flexibilizar\u00e1 el rumbo econ\u00f3mico"},"content":{"rendered":"<div class=\"boldgrid-section\">\n<div class=\"container\">\n<div class=\"row\">\n<div class=\"col-lg-12 col-md-12 col-xs-12 col-sm-12\">\n<p class=\"\" data-start=\"124\" data-end=\"344\">El presidente Javier Milei asegur\u00f3 que el acompa\u00f1amiento electoral de la sociedad depender\u00e1 de que su Gobierno pueda mostrar <strong data-start=\"249\" data-end=\"273\">resultados concretos<\/strong> y sostuvo que conf\u00eda en una nueva victoria en las pr\u00f3ximas elecciones.<\/p>\n<p data-start=\"346\" data-end=\"572\">Durante un evento de la Fundaci\u00f3n Libertad y Progreso, ratific\u00f3 que <strong data-start=\"414\" data-end=\"467\">no flexibilizar\u00e1 las pol\u00edticas fiscal y monetaria<\/strong> para afrontar el a\u00f1o electoral. <em>\u201cNuestra pol\u00edtica fiscal no se negocia, y tampoco la monetaria\u201d, afirm\u00f3.<\/em><\/p>\n<p class=\"\" data-start=\"574\" data-end=\"789\">Milei destac\u00f3 adem\u00e1s la desaceleraci\u00f3n de la inflaci\u00f3n y la reducci\u00f3n de la pobreza, y asegur\u00f3 que el sector privado gener\u00f3 m\u00e1s de 600.000 empleos mientras se redujo en m\u00e1s de 70.000 la planta de empleados p\u00fablicos.<\/p>\n<p class=\"\" data-start=\"791\" data-end=\"1005\" data-is-last-node=\"\" data-is-only-node=\"\">De cara al escenario pol\u00edtico, sostuvo que una victoria oficialista permitir\u00eda avanzar hacia una mayor representaci\u00f3n parlamentaria y volvi\u00f3 a reclamar \u201cla batalla cultural\u201d para consolidar las ideas de su espacio.<\/p>\n<p class=\"\" data-start=\"791\" data-end=\"1005\" data-is-last-node=\"\" data-is-only-node=\"\">Optimista, afirm\u00f3: <em>&#8220;Cuando en octubre le volvamos a ganar, con el mismo resultado de la \u00faltima elecci\u00f3n, pasar\u00edamos a tener mayor\u00eda en Diputados y a estar a dos de la mayor\u00eda en el Senado. <strong>Yo conf\u00edo en los argentinos y creo que vamos a ganar&#8221;.<\/strong><\/em><\/p>\n<p data-start=\"791\" data-end=\"1005\" data-is-last-node=\"\" data-is-only-node=\"\">&nbsp;<\/p>\n<div class=\"ubm_banner\"><a href=\"https:\/\/youtu.be\/DO7v8a5wIMw\" target=\"_blank\" rel=\"dofollow noopener noreferrer\"><img decoding=\"async\" src=\"http:\/\/hoycordobaweb.com\/wp-content\/uploads\/2026\/09\/milei-condiciona-su-reeleccion-a-resultados-y-ratifica-que-no-flexibilizara-el-rumbo-economico.gif\" width=\"800\" alt=\"\"><\/a><\/div>\n<\/div>\n<\/div>\n<\/div>\n<\/div>\n<p>La entrada <a href=\"https:\/\/ladecimaweb.com\/milei-condiciona-su-reeleccion-a-resultados-y-ratifica-que-no-flexibilizara-el-rumbo-economico\/\">Milei condiciona su reelecci\u00f3n a resultados y ratifica que no flexibilizar\u00e1 el rumbo econ\u00f3mico<\/a> se public\u00f3 primero en <a href=\"https:\/\/ladecimaweb.com\">LaDecima<\/a>.<\/p>\n","protected":false},"excerpt":{"rendered":"<p>El presidente Javier Milei asegur\u00f3 que el acompa\u00f1amiento electoral de la sociedad depender\u00e1 de que su Gobierno pueda mostrar resultados concretos y sostuvo que conf\u00eda en una nueva victoria en las pr\u00f3ximas elecciones. Durante un evento de la Fundaci\u00f3n Libertad y Progreso, ratific\u00f3 que no flexibilizar\u00e1 las pol\u00edticas fiscal y monetaria para afrontar el a\u00f1o [&hellip;]<\/p>\n","protected":false},"author":1,"featured_media":0,"comment_status":"closed","ping_status":"closed","sticky":false,"template":"","format":"standard","meta":[],"categories":[32],"tags":[],"_links":{"self":[{"href":"http:\/\/hoycordobaweb.com\/index.php\/wp-json\/wp\/v2\/posts\/141090"}],"collection":[{"href":"http:\/\/hoycordobaweb.com\/index.php\/wp-json\/wp\/v2\/posts"}],"about":[{"href":"http:\/\/hoycordobaweb.com\/index.php\/wp-json\/wp\/v2\/types\/post"}],"author":[{"embeddable":true,"href":"http:\/\/hoycordobaweb.com\/index.php\/wp-json\/wp\/v2\/users\/1"}],"replies":[{"embeddable":true,"href":"http:\/\/hoycordobaweb.com\/index.php\/wp-json\/wp\/v2\/comments?post=141090"}],"version-history":[{"count":0,"href":"http:\/\/hoycordobaweb.com\/index.php\/wp-json\/wp\/v2\/posts\/141090\/revisions"}],"wp:attachment":[{"href":"http:\/\/hoycordobaweb.com\/index.php\/wp-json\/wp\/v2\/media?parent=141090"}],"wp:term":[{"taxonomy":"category","embeddable":true,"href":"http:\/\/hoycordobaweb.com\/index.php\/wp-json\/wp\/v2\/categories?post=141090"},{"taxonomy":"post_tag","embeddable":true,"href":"http:\/\/hoycordobaweb.com\/index.php\/wp-json\/wp\/v2\/tags?post=141090"}],"curies":[{"name":"wp","href":"https:\/\/api.w.org\/{rel}","templated":true}]}}