{"id":141083,"date":"2026-09-03T17:01:50","date_gmt":"2026-09-03T17:01:50","guid":{"rendered":"https:\/\/www.espinof.com\/reality\/david-broncano-preparado-para-despedirse-revuelta-que-suceda-elecciones-me-podria-reemplazar-morante-puebla"},"modified":"2026-09-03T17:01:50","modified_gmt":"2026-09-03T17:01:50","slug":"david-broncano-preparado-para-despedirse-de-la-revuelta-segun-lo-que-suceda-en-las-elecciones-me-podria-reemplazar-morante-de-la-puebla","status":"publish","type":"post","link":"http:\/\/hoycordobaweb.com\/index.php\/2026\/09\/03\/david-broncano-preparado-para-despedirse-de-la-revuelta-segun-lo-que-suceda-en-las-elecciones-me-podria-reemplazar-morante-de-la-puebla\/","title":{"rendered":"David Broncano, preparado para despedirse de &#8216;La Revuelta&#8217;. \u00abSeg\u00fan lo que suceda en las elecciones, me podr\u00eda reemplazar Morante de la Puebla\u00bb"},"content":{"rendered":"<p>Es inevitable ver el estado de la pol\u00edtica nacional actual y no pensar que, aunque sea por pura fatiga, el p\u00e9ndulo va a volver a cambiar en este bamboleo infinito entre izquierda y derecha. Obviamente, <strong>la probable victoria de PP y VOX en las pr\u00f3ximas elecciones nacionales del a\u00f1o que viene va a cambiar much\u00edsimas cosas<\/strong> en nuestro pa\u00eds, y una de las principales ser\u00e1 RTVE, que, a pesar de sus incre\u00edbles datos de audiencia, ya se sabe que ser\u00e1 remodelada de inicio a fin, con pr\u00e1cticamente todos los presentadores vi\u00e9ndose obligados a buscar una nueva casa y la creaci\u00f3n de una nueva parrilla acorde con los nuevos mandatarios.&nbsp;<\/p>\n<p><!-- BREAK 1 --> <\/p>\n<h2>El pachacho triste<\/h2>\n<p>Reconozco que me encanta <a href=\"https:\/\/www.espinof.com\/la-1\/que-petanca-ano-define-perfectamente-que-se-ha-convertido-revuelta-broma-interna-fabulosa-surrealista-que-fuera-no-entiende-nadie\">&#8216;La Revuelta&#8217;<\/a>, sobre todo porque es todo lo contrario de lo que sus detractores que no han visto un solo minuto creen que es. David Broncano y su equipo, a pesar de tener una ideolog\u00eda muy marcada (<a href=\"https:\/\/www.espinof.com\/humor\/vida-moderna-se-despide-1000-programas-revolucion-audiovisual-commedia-recordamos-mejores-momentos-programa-inclasificable\">&#8216;La vida moderna&#8217;<\/a> no dejaba lugar a dudas) procuran mantener un perfil blanco y atacar, si lo hacen, a todo el mundo por igual. Pero claro: <strong>hace dos veranos, su contrataci\u00f3n fue la comidilla de todas las redes sociales<\/strong>, y muchos dieron por hecho que iba a hacer un programa ultra-pol\u00edtico y \u00abadoctrinador\u00bb. Tanto, que ni siquiera importa que no lo sea.<\/p>\n<p><!-- BREAK 2 --><\/p>\n<p>Broncano, Castella, Ponce y compa\u00f1\u00eda no son tontos, y saben que es muy probable que les queden cuatro telediarios: <strong>en cuanto un bloque de derechas suba al poder, lo primero que van a hacer es eliminar &#8216;La Revuelta&#8217;<\/strong>, y as\u00ed lo ha expresado el presentador en la presentaci\u00f3n de novedades de TVE, donde ha cerciorado que teme que pueda ser la \u00faltima con \u00e9l.&nbsp;<\/p>\n<div class=\"article-asset article-asset-normal article-asset-center\">\n<div class=\"desvio-container\">\n<div class=\"desvio\">\n<div class=\"desvio-figure js-desvio-figure\"> <a href=\"https:\/\/www.espinof.com\/la-1\/revuelta-gilipollez-autoconsciente-hormiguero-no-tiene-nada-que-hacer-festival-inesperado-imbecil-david-broncano\" class=\"pivot-outboundlink\" data-vars-post-title=\"'La Revuelta' es una gilipollez autoconsciente, s\u00ed, pero 'El Hormiguero' no tiene nada que hacer contra el festival de lo inesperado y lo imb\u00e9cil de David Broncano\"> <img loading=\"lazy\" alt=\"'La Revuelta' es una gilipollez autoconsciente, s\u00ed, pero 'El Hormiguero' no tiene nada que hacer contra el festival de lo inesperado y lo imb\u00e9cil de David Broncano\" width=\"375\" height=\"142\" src=\"http:\/\/hoycordobaweb.com\/wp-content\/uploads\/2026\/09\/david-broncano-preparado-para-despedirse-de-la-revuelta-segun-lo-que-suceda-en-las-elecciones-me-podria-reemplazar-morante-de-la-puebla.jpg\"> <\/a> <\/div><\/div><\/div>\n<\/div>\n<blockquote><p>No nos enga\u00f1emos, todos sabemos lo que podr\u00eda pasar.&nbsp;Seg\u00fan lo que suceda en las elecciones en marzo, me podr\u00eda reemplazar perfectamente Morante de la Puebla en septiembre. Entonces, yo estoy nervioso real. Vamos a ver.&nbsp;Ojal\u00e1 que no suceda, pero es algo que yo tengo en mente.<\/p><\/blockquote>\n<p>Por supuesto, igual que Marc Gir\u00f3 (ese s\u00ed que es un programa pol\u00edtico, al igual que &#8216;El perro andaluz&#8217;), no tendr\u00e1 problemas en realojarse, si as\u00ed quiere, en La Sexta o La Siete. No es un programa tan caro, digan que digan los que no saben nada de presupuestos televisivos, y est\u00e1 claro que tiene un p\u00fablico fiel. <strong>Broncano sabe perfectamente que muchos necesitan ver su cabeza en una pica como s\u00edmbolo de cambio<\/strong>, por mucho que en realidad sea una cabeza de turco que, salvo en entrevistas como <a href=\"https:\/\/www.espinof.com\/reality\/revuelta-no-puede-escudarse-ser-apolitico-para-diferenciarse-hormiguero-visita-marilo-montero-acabo-batalla-campal-que-les-obligo-a-posicionarse\">la de Maril\u00f3 Montero<\/a>, rara vez se ha metido en pol\u00edtica de manera personal.&nbsp;<\/p>\n<p><!-- BREAK 3 --> <\/p>\n<div class=\"article-asset-image article-asset-normal article-asset-center\">\n<div class=\"asset-content\"> <img class=\"centro_sinmarco\" height=\"901\" width=\"1600\" loading=\"lazy\" decoding=\"async\" sizes=\"100vw\" fetchpriority=\"high\" srcset=\"http:\/\/hoycordobaweb.com\/wp-content\/uploads\/2026\/09\/david-broncano-preparado-para-despedirse-de-la-revuelta-segun-lo-que-suceda-en-las-elecciones-me-podria-reemplazar-morante-de-la-puebla-1.jpg 450w, http:\/\/hoycordobaweb.com\/wp-content\/uploads\/2026\/09\/david-broncano-preparado-para-despedirse-de-la-revuelta-segun-lo-que-suceda-en-las-elecciones-me-podria-reemplazar-morante-de-la-puebla-3.jpg 681w, http:\/\/hoycordobaweb.com\/wp-content\/uploads\/2026\/09\/david-broncano-preparado-para-despedirse-de-la-revuelta-segun-lo-que-suceda-en-las-elecciones-me-podria-reemplazar-morante-de-la-puebla-4.jpg 1024w, http:\/\/hoycordobaweb.com\/wp-content\/uploads\/2026\/09\/david-broncano-preparado-para-despedirse-de-la-revuelta-segun-lo-que-suceda-en-las-elecciones-me-podria-reemplazar-morante-de-la-puebla-5.jpg 1366w\" src=\"http:\/\/hoycordobaweb.com\/wp-content\/uploads\/2026\/09\/david-broncano-preparado-para-despedirse-de-la-revuelta-segun-lo-que-suceda-en-las-elecciones-me-podria-reemplazar-morante-de-la-puebla-1.jpg\" alt=\"Larevuelta\"> <noscript><img alt=\"Larevuelta\" class=\"centro_sinmarco\" src=\"http:\/\/hoycordobaweb.com\/wp-content\/uploads\/2026\/09\/david-broncano-preparado-para-despedirse-de-la-revuelta-segun-lo-que-suceda-en-las-elecciones-me-podria-reemplazar-morante-de-la-puebla-1.jpg\"><\/noscript> <\/div>\n<\/div>\n<p>La \u00faltima vez que fue Ignatius Farray al programa, el presentador le dijo <em>\u00abYa quiero volver a la comedia alternativa\u00bb<\/em>. Ignatius, algo desconcertado, le respondi\u00f3 <strong><em>\u00abSiempre se puede volver atr\u00e1s, siempre estamos a tiempo de tocar fondo de nuevo\u00bb<\/em><\/strong>. Y quiz\u00e1 ah\u00ed est\u00e9 la clave del futuro de &#8216;La Revuelta&#8217;: puestos a hacer una \u00faltima temporada, hacerlo por todo lo alto. Tocando fondo de manera colectiva. All right.<\/p>\n<p><!-- BREAK 4 --><\/p>\n<p>En Espinof |&nbsp;<a href=\"https:\/\/www.espinof.com\/la-1\/creo-que-revuelta-tienen-problema-su-publico-eso-no-unicos-que-se-han-equivocado-al-borrar-barreras-espectador-showman\">&#8216;La revuelta&#8217; tiene un problema con el p\u00fablico. Pero no son los \u00fanicos que se han equivocado al borrar las barreras entre espectador y showman<\/a><\/p>\n<p><!-- BREAK 5 --><\/p>\n<p>En Espinof | <a href=\"https:\/\/www.espinof.com\/listas\/mejores-series-2026\">Las mejores series de 2026<\/a><\/p>\n","protected":false},"excerpt":{"rendered":"<p>Es inevitable ver el estado de la pol\u00edtica nacional actual y no pensar que, aunque sea por pura fatiga, el p\u00e9ndulo va a volver a cambiar en este bamboleo infinito entre izquierda y derecha. Obviamente, la probable victoria de PP y VOX en las pr\u00f3ximas elecciones nacionales del a\u00f1o que viene va a cambiar much\u00edsimas [&hellip;]<\/p>\n","protected":false},"author":1,"featured_media":141084,"comment_status":"open","ping_status":"closed","sticky":false,"template":"","format":"standard","meta":[],"categories":[10],"tags":[],"_links":{"self":[{"href":"http:\/\/hoycordobaweb.com\/index.php\/wp-json\/wp\/v2\/posts\/141083"}],"collection":[{"href":"http:\/\/hoycordobaweb.com\/index.php\/wp-json\/wp\/v2\/posts"}],"about":[{"href":"http:\/\/hoycordobaweb.com\/index.php\/wp-json\/wp\/v2\/types\/post"}],"author":[{"embeddable":true,"href":"http:\/\/hoycordobaweb.com\/index.php\/wp-json\/wp\/v2\/users\/1"}],"replies":[{"embeddable":true,"href":"http:\/\/hoycordobaweb.com\/index.php\/wp-json\/wp\/v2\/comments?post=141083"}],"version-history":[{"count":0,"href":"http:\/\/hoycordobaweb.com\/index.php\/wp-json\/wp\/v2\/posts\/141083\/revisions"}],"wp:featuredmedia":[{"embeddable":true,"href":"http:\/\/hoycordobaweb.com\/index.php\/wp-json\/wp\/v2\/media\/141084"}],"wp:attachment":[{"href":"http:\/\/hoycordobaweb.com\/index.php\/wp-json\/wp\/v2\/media?parent=141083"}],"wp:term":[{"taxonomy":"category","embeddable":true,"href":"http:\/\/hoycordobaweb.com\/index.php\/wp-json\/wp\/v2\/categories?post=141083"},{"taxonomy":"post_tag","embeddable":true,"href":"http:\/\/hoycordobaweb.com\/index.php\/wp-json\/wp\/v2\/tags?post=141083"}],"curies":[{"name":"wp","href":"https:\/\/api.w.org\/{rel}","templated":true}]}}