{"id":141079,"date":"2026-09-02T18:00:00","date_gmt":"2026-09-02T18:00:00","guid":{"rendered":"https:\/\/cordobaturismo.gov.ar\/?p=903632"},"modified":"2026-09-02T18:00:00","modified_gmt":"2026-09-02T18:00:00","slug":"vino-cordoba-la-feria-la-vitivinicultura-cordobesa-celebra-su-gran-encuentro-anual","status":"publish","type":"post","link":"http:\/\/hoycordobaweb.com\/index.php\/2026\/09\/02\/vino-cordoba-la-feria-la-vitivinicultura-cordobesa-celebra-su-gran-encuentro-anual\/","title":{"rendered":"Vino C\u00f3rdoba La Feria: la vitivinicultura cordobesa celebra su gran encuentro anual"},"content":{"rendered":"<p class=\"wp-block-paragraph\">La Agencia C\u00f3rdoba Turismo acompa\u00f1a una nueva edici\u00f3n de Vino C\u00f3rdoba La Feria, el evento que se ha consolidado como uno de los principales espacios de promoci\u00f3n y difusi\u00f3n de la producci\u00f3n vitivin\u00edcola provincial. La tercera edici\u00f3n se realizar\u00e1 el pr\u00f3ximo s\u00e1bado 12 de septiembre en el Hotel Quinto Centenario de la ciudad de C\u00f3rdoba, reuniendo a 30 bodegas y m\u00e1s de 120 etiquetas que reflejan la diversidad y el crecimiento de la actividad en todo el territorio cordob\u00e9s.<\/p>\n<figure class=\"wp-block-gallery has-nested-images columns-default is-cropped wp-block-gallery-1 is-layout-flex wp-block-gallery-is-layout-flex\">\n<figure class=\"wp-block-image size-large\"><img loading=\"lazy\" fetchpriority=\"high\" decoding=\"async\" width=\"1024\" height=\"683\" data-id=\"903635\" src=\"http:\/\/hoycordobaweb.com\/wp-content\/uploads\/2026\/09\/vino-cordoba-la-feria-la-vitivinicultura-cordobesa-celebra-su-gran-encuentro-anual.jpg\" alt class=\"wp-image-903635\" srcset=\"http:\/\/hoycordobaweb.com\/wp-content\/uploads\/2026\/09\/vino-cordoba-la-feria-la-vitivinicultura-cordobesa-celebra-su-gran-encuentro-anual.jpg 1024w, http:\/\/hoycordobaweb.com\/wp-content\/uploads\/2026\/09\/vino-cordoba-la-feria-la-vitivinicultura-cordobesa-celebra-su-gran-encuentro-anual-3.jpg 300w, http:\/\/hoycordobaweb.com\/wp-content\/uploads\/2026\/09\/vino-cordoba-la-feria-la-vitivinicultura-cordobesa-celebra-su-gran-encuentro-anual-4.jpg 768w, http:\/\/hoycordobaweb.com\/wp-content\/uploads\/2026\/09\/vino-cordoba-la-feria-la-vitivinicultura-cordobesa-celebra-su-gran-encuentro-anual-5.jpg 1536w, http:\/\/hoycordobaweb.com\/wp-content\/uploads\/2026\/09\/vino-cordoba-la-feria-la-vitivinicultura-cordobesa-celebra-su-gran-encuentro-anual-6.jpg 2048w\" sizes=\"(max-width: 1024px) 100vw, 1024px\"><\/figure>\n<\/figure>\n<p class=\"wp-block-paragraph\">El encuentro propone una experiencia \u00fanica para descubrir la identidad de los vinos cordobeses, conocer a sus protagonistas y recorrer, a trav\u00e9s de cada copa, las distintas regiones productoras de la provincia. Bodegueros, en\u00f3logos, agr\u00f3nomos y productores compartir\u00e1n con el p\u00fablico las caracter\u00edsticas de sus proyectos, las particularidades de cada territorio y el potencial enotur\u00edstico que posiciona a C\u00f3rdoba como un destino cada vez m\u00e1s destacado dentro del mapa vitivin\u00edcola nacional.<\/p>\n<p class=\"wp-block-paragraph\"><strong><em>\u201cEsta feria es una oportunidad para poner en valor el crecimiento y la diversidad de nuestra vitivinicultura, pero tambi\u00e9n para mostrar todo lo que hay detr\u00e1s de cada vino: nuestros paisajes, nuestros productores y las experiencias que C\u00f3rdoba puede ofrecer a quienes nos visitan. El enoturismo es parte de una estrategia que nos permite seguir ampliando y diversificando nuestra oferta tur\u00edstica\u201d<\/em><\/strong><em>,<\/em> destac\u00f3 <strong>Dar\u00edo Capitani, presidente de la Agencia C\u00f3rdoba Turismo<\/strong><strong>.<\/strong><\/p>\n<figure class=\"wp-block-gallery has-nested-images columns-default is-cropped wp-block-gallery-2 is-layout-flex wp-block-gallery-is-layout-flex\">\n<figure class=\"wp-block-image size-large\"><img loading=\"lazy\" decoding=\"async\" width=\"1024\" height=\"683\" data-id=\"903633\" src=\"http:\/\/hoycordobaweb.com\/wp-content\/uploads\/2026\/09\/vino-cordoba-la-feria-la-vitivinicultura-cordobesa-celebra-su-gran-encuentro-anual-1.jpg\" alt class=\"wp-image-903633\" srcset=\"http:\/\/hoycordobaweb.com\/wp-content\/uploads\/2026\/09\/vino-cordoba-la-feria-la-vitivinicultura-cordobesa-celebra-su-gran-encuentro-anual-1.jpg 1024w, http:\/\/hoycordobaweb.com\/wp-content\/uploads\/2026\/09\/vino-cordoba-la-feria-la-vitivinicultura-cordobesa-celebra-su-gran-encuentro-anual-7.jpg 300w, http:\/\/hoycordobaweb.com\/wp-content\/uploads\/2026\/09\/vino-cordoba-la-feria-la-vitivinicultura-cordobesa-celebra-su-gran-encuentro-anual-8.jpg 768w, http:\/\/hoycordobaweb.com\/wp-content\/uploads\/2026\/09\/vino-cordoba-la-feria-la-vitivinicultura-cordobesa-celebra-su-gran-encuentro-anual-9.jpg 1536w, http:\/\/hoycordobaweb.com\/wp-content\/uploads\/2026\/09\/vino-cordoba-la-feria-la-vitivinicultura-cordobesa-celebra-su-gran-encuentro-anual-10.jpg 2048w\" sizes=\"(max-width: 1024px) 100vw, 1024px\"><\/figure>\n<\/figure>\n<p class=\"wp-block-paragraph\">Durante la jornada, los asistentes podr\u00e1n degustar m\u00e1s de 120 etiquetas, dialogar directamente con sus hacedores, conocer las historias detr\u00e1s de cada emprendimiento, acceder a propuestas de enoturismo y adquirir vinos de manera directa a las bodegas participantes.<\/p>\n<p class=\"wp-block-paragraph\">Como actividad especial previa a la apertura de la feria, se desarrollar\u00e1 una Master Class entre las 16:00 y las 18:00 horas, con presentaciones dedicadas a las principales regiones vitivin\u00edcolas de C\u00f3rdoba:<\/p>\n<ul class=\"wp-block-list\">\n<li><strong>Regi\u00f3n Sierras Chicas:<\/strong> Terra Camiare.<\/li>\n<li><strong>Regi\u00f3n Noroeste:<\/strong> Finca Robledo Balzarini.<\/li>\n<li><strong>Regi\u00f3n Sierras del Sur:<\/strong> Alma Minera.<\/li>\n<li><strong>Regi\u00f3n Calamuchita:<\/strong> R\u00edo del Medio.<\/li>\n<\/ul>\n<p class=\"wp-block-paragraph\">Esta capacitaci\u00f3n permitir\u00e1n profundizar en las caracter\u00edsticas productivas, paisaj\u00edsticas y tur\u00edsticas de cada zona, fortaleciendo el conocimiento sobre una actividad que contin\u00faa expandi\u00e9ndose y generando nuevas experiencias para visitantes y residentes.<\/p>\n<p class=\"wp-block-paragraph\"><strong><u>Bodegas participantes<\/u><\/strong><\/p>\n<p class=\"wp-block-paragraph\">Terra Camiare, La Caroyense, Establecimiento Di Candi, Patente X, Gavianna, Del Gredal, Finca Robledo Balzarini, Finca Bodem, Finca Vista Grande, Bodega Furfaro, R\u00edo del Medio, Sineres Espumantes, Juana Urbana, Champagnera San Lorenzo, Familia Benito, Pu Duam Vineyard, Alma Minera, Achala Wines, Ar\u00e1oz de Lamadrid, Noble de San Javier, Bodega Kirton, Viarago, La Matilde, Piedra Mora, Santos Quiroga, Sierra y Monte, Finca La Marta, Slow Wines, N\u00e9bula y Camps &amp; Chavero.<\/p>\n<p class=\"wp-block-paragraph\"><strong><u>Datos del evento<\/u><\/strong><\/p>\n<ul class=\"wp-block-list\">\n<li><strong>Evento:<\/strong> Vino C\u00f3rdoba La Feria \u2013 Tercera Edici\u00f3n<\/li>\n<li><strong>Fecha:<\/strong> S\u00e1bado 12 de septiembre de 2026<\/li>\n<li><strong>Horario de feria:<\/strong> 18:00 a 22:00 horas<\/li>\n<li><strong>Master Class:<\/strong> 16:00 a 18:00 horas<\/li>\n<li><strong>Lugar:<\/strong> Hotel Quinto Centenario, Ciudad de C\u00f3rdoba<\/li>\n<\/ul>\n<p class=\"wp-block-paragraph\">Las entradas se encuentran disponibles a trav\u00e9s de Passline: <a href=\"https:\/\/surl.li\/peobhc\">Entrada general<\/a><\/p>\n<p class=\"wp-block-paragraph\"><strong>Acreditaci\u00f3n de prensa<\/strong><\/p>\n<p class=\"wp-block-paragraph\">Los medios y periodistas interesados en cubrir el evento podr\u00e1n realizar su inscripci\u00f3n previa a trav\u00e9s del siguiente formulario:<a href=\"https:\/\/docs.google.com\/forms\/d\/1OB4l81w_TRGhoV05PBt6NyyZYswI04z6YelcBO1CI-w\/edit\">https:\/\/docs.google.com\/forms\/d\/1OB4l81w_TRGhoV05PBt6NyyZYswI04z6YelcBO1CI-w\/edit<\/a><\/p>\n<figure class=\"wp-block-gallery has-nested-images columns-default is-cropped wp-block-gallery-3 is-layout-flex wp-block-gallery-is-layout-flex\">\n<figure class=\"wp-block-image size-large\"><img loading=\"lazy\" decoding=\"async\" width=\"683\" height=\"1024\" data-id=\"903634\" src=\"http:\/\/hoycordobaweb.com\/wp-content\/uploads\/2026\/09\/vino-cordoba-la-feria-la-vitivinicultura-cordobesa-celebra-su-gran-encuentro-anual-2.jpg\" alt class=\"wp-image-903634\" srcset=\"http:\/\/hoycordobaweb.com\/wp-content\/uploads\/2026\/09\/vino-cordoba-la-feria-la-vitivinicultura-cordobesa-celebra-su-gran-encuentro-anual-2.jpg 683w, http:\/\/hoycordobaweb.com\/wp-content\/uploads\/2026\/09\/vino-cordoba-la-feria-la-vitivinicultura-cordobesa-celebra-su-gran-encuentro-anual-11.jpg 200w, http:\/\/hoycordobaweb.com\/wp-content\/uploads\/2026\/09\/vino-cordoba-la-feria-la-vitivinicultura-cordobesa-celebra-su-gran-encuentro-anual-12.jpg 768w, http:\/\/hoycordobaweb.com\/wp-content\/uploads\/2026\/09\/vino-cordoba-la-feria-la-vitivinicultura-cordobesa-celebra-su-gran-encuentro-anual-13.jpg 1024w, http:\/\/hoycordobaweb.com\/wp-content\/uploads\/2026\/09\/vino-cordoba-la-feria-la-vitivinicultura-cordobesa-celebra-su-gran-encuentro-anual-14.jpg 1365w, http:\/\/hoycordobaweb.com\/wp-content\/uploads\/2026\/09\/vino-cordoba-la-feria-la-vitivinicultura-cordobesa-celebra-su-gran-encuentro-anual-15.jpg 1707w\" sizes=\"(max-width: 683px) 100vw, 683px\"><\/figure>\n<\/figure>\n","protected":false},"excerpt":{"rendered":"<p>La Agencia C\u00f3rdoba Turismo acompa\u00f1a una nueva edici\u00f3n de Vino C\u00f3rdoba La Feria, el evento que se ha consolidado como uno de los principales espacios de promoci\u00f3n y difusi\u00f3n de la producci\u00f3n vitivin\u00edcola provincial. La tercera edici\u00f3n se realizar\u00e1 el pr\u00f3ximo s\u00e1bado 12 de septiembre en el Hotel Quinto Centenario de la ciudad de C\u00f3rdoba, [&hellip;]<\/p>\n","protected":false},"author":1,"featured_media":141080,"comment_status":"closed","ping_status":"closed","sticky":false,"template":"","format":"standard","meta":[],"categories":[19],"tags":[],"_links":{"self":[{"href":"http:\/\/hoycordobaweb.com\/index.php\/wp-json\/wp\/v2\/posts\/141079"}],"collection":[{"href":"http:\/\/hoycordobaweb.com\/index.php\/wp-json\/wp\/v2\/posts"}],"about":[{"href":"http:\/\/hoycordobaweb.com\/index.php\/wp-json\/wp\/v2\/types\/post"}],"author":[{"embeddable":true,"href":"http:\/\/hoycordobaweb.com\/index.php\/wp-json\/wp\/v2\/users\/1"}],"replies":[{"embeddable":true,"href":"http:\/\/hoycordobaweb.com\/index.php\/wp-json\/wp\/v2\/comments?post=141079"}],"version-history":[{"count":0,"href":"http:\/\/hoycordobaweb.com\/index.php\/wp-json\/wp\/v2\/posts\/141079\/revisions"}],"wp:featuredmedia":[{"embeddable":true,"href":"http:\/\/hoycordobaweb.com\/index.php\/wp-json\/wp\/v2\/media\/141080"}],"wp:attachment":[{"href":"http:\/\/hoycordobaweb.com\/index.php\/wp-json\/wp\/v2\/media?parent=141079"}],"wp:term":[{"taxonomy":"category","embeddable":true,"href":"http:\/\/hoycordobaweb.com\/index.php\/wp-json\/wp\/v2\/categories?post=141079"},{"taxonomy":"post_tag","embeddable":true,"href":"http:\/\/hoycordobaweb.com\/index.php\/wp-json\/wp\/v2\/tags?post=141079"}],"curies":[{"name":"wp","href":"https:\/\/api.w.org\/{rel}","templated":true}]}}