{"id":141072,"date":"2026-09-02T06:53:03","date_gmt":"2026-09-02T06:53:03","guid":{"rendered":"https:\/\/www.mujerhoy.com\/vivir\/ocio\/anos-secos-debut-literario-raquel-zas-ruptura-amor-deseo-femenino-20260902125518-nt.html"},"modified":"2026-09-02T06:53:03","modified_gmt":"2026-09-02T06:53:03","slug":"los-anos-secos-el-debut-literario-de-raquel-zas-que-pone-el-deseo-femenino-en-el-centro","status":"publish","type":"post","link":"http:\/\/hoycordobaweb.com\/index.php\/2026\/09\/02\/los-anos-secos-el-debut-literario-de-raquel-zas-que-pone-el-deseo-femenino-en-el-centro\/","title":{"rendered":"&#8216;Los a\u00f1os secos&#8217;, el debut literario de Raquel Zas que pone el deseo femenino en el centro"},"content":{"rendered":"<p><!-- AUTHOR --><\/p>\n<div class=\"voc-author-timesocial \">\n<!-- AUTHOR --><\/p>\n<div class=\"voc-author-timesocial__signature \">\n<!-- IMAGE AUTHOR -->\n<picture class=\"voc-image-signature\">\n<img class=\"voc-image-signature__img\" src=\"http:\/\/hoycordobaweb.com\/wp-content\/uploads\/2026\/09\/los-anos-secos-el-debut-literario-de-raquel-zas-que-pone-el-deseo-femenino-en-el-centro.jpg\" alt=\"Patricia Mart\u00edn\">\n<\/picture>\n<!-- INFO AUTHOR --> <\/div><\/div>\n<p> <!-- COMPONENTS --><\/p>\n<p class=\"voc-paragraph\">Hay<a href=\"https:\/\/www.mujerhoy.com\/autor\/patricia-martin-6724.html\" data-voc-vtm-id=\"in-text-traffic\" data-mrf-link=\"www.mujerhoy.com\"> rupturas<\/a> que no solo terminan una relaci\u00f3n: tambi\u00e9n obligan a preguntarse qui\u00e9n eres cuando desaparece la vida que hab\u00edas construido alrededor de otra persona. Eso es lo que le ocurre a Clara, la protagonista de Los a\u00f1os secos, el debut de<strong> Raquel Zas<\/strong> (Viveiro, 1989), que llega a las librer\u00edas el 2 de septiembre. Despu\u00e9s de separarse de Diego, se queda sin pareja, sin casa y, en resumen, sin la vida que hab\u00eda constru\u00eddo, y vuelve al pueblo de sus padres. All\u00ed, en medio de ese par\u00e9ntesis vital, empieza a hacerse una pregunta que sostiene toda la novela: <strong>\u00bfqu\u00e9 ocurre cuando dejas de desear? <\/strong><\/p>\n<p class=\"voc-paragraph\">A partir de ah\u00ed, Raquel Zas construye una novela que utiliza la intimidad de Clara para hablar de algo mucho m\u00e1s amplio. De lo que esperamos de las mujeres cuando hablamos de deseo, de las ideas que hemos aprendido sobre c\u00f3mo deber\u00eda funcionar <strong>nuestra vida sexual <\/strong>y de la presi\u00f3n que puede existir incluso alrededor de algo que, en principio, solo deber\u00eda pertenecernos a nosotras.<em> Los a\u00f1os secos<\/em> parte de una ruptura, pero pronto demuestra que su verdadero inter\u00e9s est\u00e1 en todo lo que aparece cuando una mujer empieza a preguntarse qu\u00e9 quiere, qu\u00e9 desea y cu\u00e1nto de todo eso ha aprendido a querer porque era lo que se esperaba de ella. <\/p>\n<div class=\"v-c-cmp v-c-cmp--t1 \">\n<div class=\"v-cmp-rld v-cmp-rld--2 \">\n<div class=\"v-cnt-m v-cnt-m--m\">\n<div class=\"v-cnt-m__c\">\n<div class=\"v-cnt-m__w v-cnt-m__w--1\">\n<p class=\"v-cnt-m__t\">\nTAMBI\u00c9N TE INTERESA\n<\/p>\n<\/div>\n<\/div>\n<\/div>\n<div class=\"v-g v-g--2-c v-g--bdr-min-xs\">\n<div class=\"v-g__c \">\n<article class=\"v-a v-a--cmp-rld v-a--cmp-rld-2 v-a--p-l\">\n<div class=\"v-a-img-c\">\n<figure class=\"v-a-fig\">\n<a href=\"https:\/\/www.mujerhoy.com\/vivir\/ocio\/libro-recorre-mitica-ruta-61-descubrir-origen-musica-20260808103346-nt.html#vtm_modulosEngag=mod-rel:vivir:noticia:1:cmp:2-not\" class=\"v-a-link\" title=\"El libro que recorre la m\u00edtica Ruta 61 para descubrir el origen de la m\u00fasica moderna\"><br \/>\n<img loading=\"lazy\" class=\"v-a-img\" src=\"http:\/\/hoycordobaweb.com\/wp-content\/uploads\/2026\/09\/los-anos-secos-el-debut-literario-de-raquel-zas-que-pone-el-deseo-femenino-en-el-centro-1.jpg\" alt=\"El libro que recorre la m\u00edtica Ruta 61 para descubrir el origen de la m\u00fasica moderna\"><br \/>\n<\/a><br \/>\n<\/figure>\n<\/div>\n<\/article>\n<\/div>\n<div class=\"v-g__c \">\n<article class=\"v-a v-a--cmp-rld v-a--cmp-rld-2 v-a--p-l\">\n<div class=\"v-a-img-c\">\n<figure class=\"v-a-fig\">\n<a href=\"https:\/\/www.mujerhoy.com\/vivir\/ocio\/novelas-romanticas-juveniles-dramas-chicos-perfectos-adictivos-off-campus-culpables-20260806153301-nt.html#vtm_modulosEngag=mod-rel:vivir:noticia:2:cmp:2-not\" class=\"v-a-link\" title=\"Amores imposibles, chicos perfectos y dramas adolescentes: por qu\u00e9 seguimos enganchados a las novelas rom\u00e1nticas juveniles\"><br \/>\n<img loading=\"lazy\" class=\"v-a-img\" src=\"http:\/\/hoycordobaweb.com\/wp-content\/uploads\/2026\/09\/los-anos-secos-el-debut-literario-de-raquel-zas-que-pone-el-deseo-femenino-en-el-centro-2.jpg\" alt=\"Amores imposibles, chicos perfectos y dramas adolescentes: por qu\u00e9 seguimos enganchados a las novelas rom\u00e1nticas juveniles\"><br \/>\n<\/a><br \/>\n<\/figure>\n<\/div>\n<\/article>\n<\/div>\n<\/div>\n<\/div>\n<\/div>\n<p><h3 class=\"v-cmp-suh\">\nUn proceso de duelo realista<br \/>\n<\/h3>\n<\/p>\n<p class=\"voc-paragraph\">Una de las cosas que m\u00e1s me ha gustado de<em> Los a\u00f1os secos <\/em>es la manera en la que Raquel Zas cuenta una ruptura. No hay aqu\u00ed una versi\u00f3n edulcorada del duelo ni esa idea de que, despu\u00e9s de llorar durante un tiempo, aparecer\u00e1 otra persona que ocupar\u00e1 el lugar de la anterior. Clara tiene que <strong>aprender a vivir con una ausencia <\/strong>que no se puede sustituir y con la sensaci\u00f3n de haber perdido, junto a Diego, buena parte de la vida que hab\u00eda imaginado para s\u00ed misma. Hay una frase en la novela que resume especialmente bien esta idea: <em>\u00abLas personas que te dejan no son reemplazables. Eso de que te volver\u00e1s a enamorar es una falacia. El amor no es sustituible\u00bb.<\/em> Y quiz\u00e1 sea precisamente eso lo que hace que su proceso resulte tan reconocible: entender que superar a alguien no significa dejar de echarlo de menos ni encontrar r\u00e1pidamente a otra persona, sino aceptar que aquello que se ha terminado no va a volver a ser igual. <\/p>\n<p class=\"voc-paragraph\">Clara es, adem\u00e1s, una de esas protagonistas con las que resulta<strong> muy f\u00e1cil identificarse<\/strong>: porque sus dudas, sus inseguridades y su manera de enfrentarse a lo que le est\u00e1 pasando resultan muy cercanas. Zas no intenta convertirla en una mujer ejemplar ni en una hero\u00edna que sale fortalecida de una ruptura, la deja estar perdida, enfadada y triste. Y mientras Clara intenta reconstruir su vida, la novela va mostrando tambi\u00e9n c\u00f3mo nos relacionamos con los dem\u00e1s cuando tenemos miedo a estar solos, cu\u00e1nto podemos llegar a confundir la costumbre con el amor y la necesidad de sentirnos queridos con el deseo. <\/p>\n<p><h3 class=\"v-cmp-suh\">\nEl deseo femenino, mucho m\u00e1s que una cuesti\u00f3n de sexo<br \/>\n<\/h3>\n<\/p>\n<p class=\"voc-paragraph\">Pero es en la relaci\u00f3n de Clara con el deseo donde<em> Los a\u00f1os secos <\/em>encuentra su verdadero centro. La novela habla de sexo, s\u00ed, pero sobre todo habla de todo lo que hemos aprendido a pensar sobre \u00e9l. Sobre c\u00f3mo deber\u00eda ser una mujer que disfruta del sexo, cu\u00e1nto deber\u00eda desear, qu\u00e9 significa no tener ganas o no sentirse como se supone que deber\u00eda sentirse. Y sobre la pregunta que aparece cuando no nos sentimos como nos han contado:<strong> \u00bfel problema soy yo?<\/strong><\/p>\n<p class=\"voc-paragraph\">Lo interesante es que Raquel Zas no intenta responderla de una manera sencilla. En lugar de decirle a Clara qu\u00e9 deber\u00eda sentir, la acompa\u00f1a mientras intenta averiguar qu\u00e9 le ocurre.<em> Los a\u00f1os secos <\/em>se mete precisamente en ese <strong>terreno inc\u00f3modo<\/strong> para preguntarse cu\u00e1nto de lo que creemos que queremos nace realmente de nosotras y cu\u00e1nto tiene que ver con todo lo que hemos aprendido sobre como una mujer tiene que desear.<\/p>\n<p class=\"voc-paragraph\">La <strong>vuelta al pueblo de sus padres <\/strong>funciona muy bien dentro de ese proceso. Clara regresa al lugar del que sali\u00f3 justo cuando siente que la vida que hab\u00eda construido se ha desmoronado, y esa vuelta sirve tambi\u00e9n para mirar de nuevo qui\u00e9n era antes de convertirse en la persona que pensaba que ten\u00eda que ser. En ese espacio aparecen la familia, las amistades y otras relaciones que funcionan como contraste con la suya, y la novela ampl\u00eda as\u00ed su mirada hacia las distintas formas en las que buscamos afecto, compa\u00f1\u00eda y refugio.<\/p>\n<p class=\"voc-paragraph\"><strong>La amistad<\/strong> tiene tambi\u00e9n un peso importante en la historia. Las amigas de Clara son, en muchos momentos, lo mejor que tiene alrededor: est\u00e1n, escuchan, opinan, acompa\u00f1an y tambi\u00e9n ponen los pies en la tierra cuando hace falta. No son un simple apoyo para la protagonista ni aparecen solo para hablar de sus problemas; tienen sus propias vidas, sus contradicciones y sus historias. Con esta historia, Zas te muestra que cuando una relaci\u00f3n de pareja se acaba, descubres que hay otros v\u00ednculos que llevan mucho m\u00e1s tiempo sosteni\u00e9ndote. Que las amigas, al final, tambi\u00e9n son una forma de amor y, muchas veces, una de las m\u00e1s importantes. <\/p>\n<p><h3 class=\"v-cmp-suh\">\nPor qu\u00e9 hay que leer Los a\u00f1os secos<br \/>\n<\/h3>\n<\/p>\n<p class=\"voc-paragraph\">Raquel Zas escribe con una <strong>claridad emocional<\/strong> que hace que la novela avance con mucha facilidad y que las reflexiones sobre el amor, el sexo, la soledad o la salud mental no parezcan colocadas ah\u00ed para que el lector saque una conclusi\u00f3n concreta. Todo pasa a trav\u00e9s de Clara y de lo que le ocurre, y eso hace que las preguntas lleguen de una manera mucho m\u00e1s natural.<\/p>\n<p class=\"voc-paragraph\"><em>Los a\u00f1os secos<\/em> es, en definitiva, <strong>una novela <\/strong>sobre una ruptura que termina hablando de muchas m\u00e1s cosas. Sobre el deseo femenino, pero tambi\u00e9n sobre la presi\u00f3n que existe alrededor de \u00e9l; sobre la necesidad de sentirnos queridos y sobre la dificultad de distinguirla del amor; sobre la amistad como refugio y sobre lo complicado que puede ser volver a encontrarnos cuando desaparece la persona alrededor de la que hab\u00edamos construido nuestra vida. <\/p>\n<p class=\"voc-paragraph\">Y, sobre todo, es una novela que plantea una pregunta que quiz\u00e1 sea bastante m\u00e1s inc\u00f3moda de lo que parece: \u00bfqu\u00e9 queda de nuestro deseo cuando dejamos de intentar cumplir con lo que se supone que deber\u00edamos desear? Raquel Zas no ofrece <strong>una respuesta cerrada<\/strong>, pero consigue algo mejor: convertir esa pregunta en una historia magn\u00e9tica, cercana y muy f\u00e1cil de reconocer. Un debut que habla de sexo para terminar hablando, en realidad, de algo mucho m\u00e1s profundo: de aprender a escucharnos cuando dejamos de tener tan claro qui\u00e9n deber\u00edamos ser. <\/p>\n<div class=\"v-c-cmp v-c-cmp--t1 \">\n<div class=\"v-cmp-rld v-cmp-rld--2 \">\n<div class=\"v-cnt-m v-cnt-m--m\">\n<div class=\"v-cnt-m__c\">\n<div class=\"v-cnt-m__w v-cnt-m__w--1\">\n<p class=\"v-cnt-m__t\">\nTAMBI\u00c9N TE INTERESA\n<\/p>\n<\/div>\n<\/div>\n<\/div>\n<div class=\"v-g v-g--2-c v-g--bdr-min-xs\">\n<div class=\"v-g__c \">\n<article class=\"v-a v-a--cmp-rld v-a--cmp-rld-2 v-a--p-l\">\n<div class=\"v-a-img-c\">\n<figure class=\"v-a-fig\">\n<a href=\"https:\/\/www.mujerhoy.com\/vivir\/ocio\/mejores-novelas-romanticas-leer-verano-diez-historias-playa-amor-20260803121405-nt.html#vtm_modulosEngag=mod-rel:vivir:noticia:1:cmp:2-not\" class=\"v-a-link\" title=\"Las mejores novelas rom\u00e1nticas para leer este verano: diez historias de amor para llevarte a la playa\"><br \/>\n<img loading=\"lazy\" class=\"v-a-img\" src=\"http:\/\/hoycordobaweb.com\/wp-content\/uploads\/2026\/09\/los-anos-secos-el-debut-literario-de-raquel-zas-que-pone-el-deseo-femenino-en-el-centro-3.jpg\" alt=\"Las mejores novelas rom\u00e1nticas para leer este verano: diez historias de amor para llevarte a la playa\"><br \/>\n<\/a><br \/>\n<\/figure>\n<\/div>\n<\/article>\n<\/div>\n<div class=\"v-g__c \">\n<article class=\"v-a v-a--cmp-rld v-a--cmp-rld-2 v-a--p-l\">\n<div class=\"v-a-img-c\">\n<figure class=\"v-a-fig\">\n<a href=\"https:\/\/www.mujerhoy.com\/vivir\/ocio\/mejores-libros-leer-vuelo-largo-novelas-enganchan-viaje-20260724124528-nt.html#vtm_modulosEngag=mod-rel:vivir:noticia:2:cmp:2-not\" class=\"v-a-link\" title=\"Los mejores libros para leer en un vuelo largo: novelas que enganchan desde la primera p\u00e1gina\"><br \/>\n<img loading=\"lazy\" class=\"v-a-img\" src=\"http:\/\/hoycordobaweb.com\/wp-content\/uploads\/2026\/09\/los-anos-secos-el-debut-literario-de-raquel-zas-que-pone-el-deseo-femenino-en-el-centro-4.jpg\" alt=\"Los mejores libros para leer en un vuelo largo: novelas que enganchan desde la primera p\u00e1gina\"><br \/>\n<\/a><br \/>\n<\/figure>\n<\/div>\n<\/article>\n<\/div>\n<\/div>\n<\/div>\n<\/div>\n","protected":false},"excerpt":{"rendered":"<p>Hay rupturas que no solo terminan una relaci\u00f3n: tambi\u00e9n obligan a preguntarse qui\u00e9n eres cuando desaparece la vida que hab\u00edas construido alrededor de otra persona. Eso es lo que le ocurre a Clara, la protagonista de Los a\u00f1os secos, el debut de Raquel Zas (Viveiro, 1989), que llega a las librer\u00edas el 2 de septiembre. [&hellip;]<\/p>\n","protected":false},"author":1,"featured_media":141073,"comment_status":"closed","ping_status":"closed","sticky":false,"template":"","format":"standard","meta":[],"categories":[],"tags":[],"_links":{"self":[{"href":"http:\/\/hoycordobaweb.com\/index.php\/wp-json\/wp\/v2\/posts\/141072"}],"collection":[{"href":"http:\/\/hoycordobaweb.com\/index.php\/wp-json\/wp\/v2\/posts"}],"about":[{"href":"http:\/\/hoycordobaweb.com\/index.php\/wp-json\/wp\/v2\/types\/post"}],"author":[{"embeddable":true,"href":"http:\/\/hoycordobaweb.com\/index.php\/wp-json\/wp\/v2\/users\/1"}],"replies":[{"embeddable":true,"href":"http:\/\/hoycordobaweb.com\/index.php\/wp-json\/wp\/v2\/comments?post=141072"}],"version-history":[{"count":0,"href":"http:\/\/hoycordobaweb.com\/index.php\/wp-json\/wp\/v2\/posts\/141072\/revisions"}],"wp:featuredmedia":[{"embeddable":true,"href":"http:\/\/hoycordobaweb.com\/index.php\/wp-json\/wp\/v2\/media\/141073"}],"wp:attachment":[{"href":"http:\/\/hoycordobaweb.com\/index.php\/wp-json\/wp\/v2\/media?parent=141072"}],"wp:term":[{"taxonomy":"category","embeddable":true,"href":"http:\/\/hoycordobaweb.com\/index.php\/wp-json\/wp\/v2\/categories?post=141072"},{"taxonomy":"post_tag","embeddable":true,"href":"http:\/\/hoycordobaweb.com\/index.php\/wp-json\/wp\/v2\/tags?post=141072"}],"curies":[{"name":"wp","href":"https:\/\/api.w.org\/{rel}","templated":true}]}}