{"id":141070,"date":"2026-09-02T16:04:00","date_gmt":"2026-09-02T16:04:00","guid":{"rendered":"https:\/\/www.mujerhoy.com\/moda\/pasarelas\/omoda-madrid-es-moda-fashion-week-cuando-es-desfile-inaugural-jardines-sabatini-agenda-calendario-20260902150316-nt.html"},"modified":"2026-09-02T16:04:00","modified_gmt":"2026-09-02T16:04:00","slug":"una-pasarela-al-aire-libre-asi-va-a-ser-la-nueva-edicion-de-omoda-madrid-es-moda","status":"publish","type":"post","link":"http:\/\/hoycordobaweb.com\/index.php\/2026\/09\/02\/una-pasarela-al-aire-libre-asi-va-a-ser-la-nueva-edicion-de-omoda-madrid-es-moda\/","title":{"rendered":"Una pasarela al aire libre: as\u00ed va a ser la nueva edici\u00f3n de OMODA Madrid es Moda"},"content":{"rendered":"<p><!-- AUTHOR --><\/p>\n<div class=\"voc-author-timesocial \">\n<!-- AUTHOR --><\/p>\n<div class=\"voc-author-timesocial__signature \">\n<!-- IMAGE AUTHOR -->\n<picture class=\"voc-image-signature\">\n<img class=\"voc-image-signature__img\" src=\"http:\/\/hoycordobaweb.com\/wp-content\/uploads\/2026\/09\/una-pasarela-al-aire-libre-asi-va-a-ser-la-nueva-edicion-de-omoda-madrid-es-moda.jpg\" alt=\"Laura Riestra Montero\">\n<\/picture>\n<!-- INFO AUTHOR --> <\/div><\/div>\n<p> <!-- COMPONENTS --><\/p>\n<p class=\"voc-paragraph\">Septiembre siempre trae nuevos comienzos. Vuelven las rutinas, los planes, las promesas y las agendas llenas con algunas de las citas m\u00e1s esperadas del calendario. Entre ellas, <strong>OMODA Madrid es Moda<\/strong>. Del 7 al 10, la capital volver\u00e1 a convertirse en el escaparate del dise\u00f1o de autor espa\u00f1ol con <a href=\"https:\/\/madridesmoda.com\/concepto\/\" title data-voc-vtm-id=\"in-text-traffic\" data-mrf-link=\"madridesmoda.com\">una edici\u00f3n que invita a \u00abvolver a la ra\u00edz\u00bb<\/a>: reconectar a los creadores con las personas y reivindicar el valor de la moda hecha desde la creatividad, el oficio y la cercan\u00eda.<\/p>\n<p class=\"voc-paragraph\">Precisamente ese trabajo que no siempre se ve ser\u00e1 uno de los grandes protagonistas de la cita, en la que participar\u00e1n <a href=\"https:\/\/madridesmoda.com\/creadores\/\" title data-voc-vtm-id=\"in-text-traffic\" data-mrf-link=\"madridesmoda.com\">28 dise\u00f1adores, firmas y plataformas<\/a> como Devota &amp; Lomba, Roberto Verino, Dolores Promesas x Duyos, The 2nd Skin Co, Carlota Barrera, Roberto Torretta, Dominnico y Garc\u00eda Madrid, entre otros, que volver\u00e1n a convertir la capital en un <strong>escaparate del dise\u00f1o de autor espa\u00f1ol<\/strong>. <\/p>\n<div class=\"v-c-cmp v-c-cmp--t1 \">\n<div class=\"v-cmp-rld v-cmp-rld--2 \">\n<div class=\"v-cnt-m v-cnt-m--m\">\n<div class=\"v-cnt-m__c\">\n<div class=\"v-cnt-m__w v-cnt-m__w--1\">\n<p class=\"v-cnt-m__t\">\nTAMBI\u00c9N TE INTERESA\n<\/p>\n<\/div>\n<\/div>\n<\/div>\n<div class=\"v-g v-g--2-c v-g--bdr-min-xs\">\n<div class=\"v-g__c \">\n<article class=\"v-a v-a--cmp-rld v-a--cmp-rld-2 v-a--p-l\">\n<div class=\"v-a-img-c\">\n<figure class=\"v-a-fig\">\n<a href=\"https:\/\/www.mujerhoy.com\/moda\/pasarelas\/mejores-looks-impresionantes-desfile-inaugural-omoda-madrid-moda-20260312002439-nt.html#vtm_modulosEngag=mod-rel:moda:noticia:1:cmp:2-not\" class=\"v-a-link\" title=\"As\u00ed fue el espectacular desfile en marzo de 2026 de OMODA Madrid es Moda en la Plaza de Espa\u00f1a\"><br \/>\n<img loading=\"lazy\" class=\"v-a-img\" src=\"http:\/\/hoycordobaweb.com\/wp-content\/uploads\/2026\/09\/una-pasarela-al-aire-libre-asi-va-a-ser-la-nueva-edicion-de-omoda-madrid-es-moda-1.jpg\" alt=\"As\u00ed fue el espectacular desfile en marzo de 2026 de OMODA Madrid es Moda en la Plaza de Espa\u00f1a\"><br \/>\n<\/a><br \/>\n<\/figure>\n<\/div>\n<\/article>\n<\/div>\n<div class=\"v-g__c \">\n<article class=\"v-a v-a--cmp-rld v-a--cmp-rld-2 v-a--p-l\">\n<div class=\"v-a-img-c\">\n<figure class=\"v-a-fig\">\n<a href=\"https:\/\/www.mujerhoy.com\/moda\/pasarelas\/madrid-es-moda-desfile-inaugural-jardines-plaza-oriente-decimo-aniversario-artesania-20250914113503-nt.html#vtm_modulosEngag=mod-rel:moda:noticia:2:cmp:2-not\" class=\"v-a-link\" title=\"As\u00ed fue el impresionante desfile inaugural de Madrid es Moda en los jardines de la Plaza de Oriente en septiembre de 2025\"><br \/>\n<img loading=\"lazy\" class=\"v-a-img\" src=\"http:\/\/hoycordobaweb.com\/wp-content\/uploads\/2026\/09\/una-pasarela-al-aire-libre-asi-va-a-ser-la-nueva-edicion-de-omoda-madrid-es-moda-2.jpg\" alt=\"As\u00ed fue el impresionante desfile inaugural de Madrid es Moda en los jardines de la Plaza de Oriente en septiembre de 2025\"><br \/>\n<\/a><br \/>\n<\/figure>\n<\/div>\n<\/article>\n<\/div>\n<\/div>\n<\/div>\n<\/div>\n<p class=\"voc-paragraph\">\u00abEs necesario comunicar al consumidor todo el trabajo y sabidur\u00eda colectiva que hacen que una prenda funcione. Por eso OMODA Madrid es Moda desde el principio ha querido poner en primera l\u00ednea todos los oficios, toda la sabidur\u00eda que hay detr\u00e1s de cada una de las cosas que consumimos\u00bb, explica <strong>Pepa Bueno, directora ejecutiva de ACME<\/strong>, la Asociaci\u00f3n Creadores de Moda de Espa\u00f1a.&nbsp;<\/p>\n<p class=\"voc-paragraph\">Con ese mismo esp\u00edritu nace el lema <a href=\"https:\/\/madridesmoda.com\/\" title data-voc-vtm-id=\"in-text-traffic\" data-mrf-link=\"madridesmoda.com\">Fan de la moda espa\u00f1ola<\/a>, un reconocimiento a quienes forman parte del sector y alimentan una comunidad en la que todos se inspiran. As\u00ed, OMODA Madrid es Moda mostrar\u00e1, en palabras de Bueno, \u00ab<strong>el hilo que une a todos los dise\u00f1adores<\/strong> porque hay muchos trabajando en el sector y se admiran unos a otros\u00bb.<\/p>\n<div class=\"v-c-cmp \">\n<div class=\"v-cmp-m v-cmp-m--t1\">\n<article class=\"v-a v-a--cmp-m v-c-cmp--m-p\">\n<div class=\"v-a-img-c v-a-img-c--fw-xs\">\n<div class=\"v-a-fig\">\n<div class=\"v-a-link\">\n<img loading=\"lazy\" src=\"http:\/\/hoycordobaweb.com\/wp-content\/uploads\/2026\/09\/una-pasarela-al-aire-libre-asi-va-a-ser-la-nueva-edicion-de-omoda-madrid-es-moda-3.jpg\" class=\"v-a-img\" width=\"650\" height=\"975\" alt=\"Desfile inaugural de OMODA Madrid es Moda en marzo de 2026.\" data-voc-vtm-id=\"in-text-traffic\">\n<\/div><figcaption class=\"v-fc\">\n<span class=\"v-fc__t\"><br \/>\nDesfile inaugural de OMODA Madrid es Moda en marzo de 2026.<br \/>\n<\/span><br \/>\n<span class=\"v-fc__p\"><br \/>\nPablo Paniagua<br \/>\n<\/span><br \/>\n<\/figcaption><\/div>\n<\/div>\n<\/article>\n<\/div>\n<\/div>\n<p class=\"voc-paragraph\">Todo ese proceso creativo, en el que el dise\u00f1ador cuenta con plena libertad, culmina sobre la pasarela, el momento en el que las colecciones cobran vida y encuentran a su p\u00fablico. Por eso, <strong>los escenarios son protagonistas<\/strong>. El gran desfile inaugural ser\u00e1 en los Jardines de Sabatini, punto de partida de ese esp\u00edritu de colaboraci\u00f3n: \u00abHay un ejercicio muy bonito de compa\u00f1erismo, porque todos vamos a aportar un look \u00fanico y especial para el desfile y lograr que todo tenga una unidad\u00bb, explica el dise\u00f1ador Juan Duyos. <\/p>\n<p class=\"voc-paragraph\">\u00bfY por qu\u00e9 se invita a volver a la ra\u00edz? \u00abSignifica mucho. Nunca hay que olvidar tus ra\u00edces. Lo m\u00e1s importante en cualquier situaci\u00f3n vital es serles fiel. Volver a la ra\u00edz es lo que todo el mundo desea\u00bb, dice. Tanto Bueno como Duyos destacan que<strong> en esta edici\u00f3n celebraremos a quienes crean<\/strong>, \u00abpero tambi\u00e9n a quienes acompa\u00f1an, apoyan e inspiran\u00bb.&nbsp;<\/p>\n<p><h3 class=\"v-cmp-suh\">\nMadrid, un desfile capital<br \/>\n<\/h3>\n<\/p>\n<p class=\"voc-paragraph\">OMODA Madrid es Moda ha hecho de <strong>los lugares m\u00e1s ic\u00f3nicos de la capital su particular escenario<\/strong>. La ciudad, tan monumental, tan diferente, tan suya, puertas abiertas a ese cielo paradis\u00edaco, se convierte de nuevo en una pasarela para celebrar la moda de autor espa\u00f1ola. Porque aqu\u00ed la arquitectura no es s\u00f3lo el tel\u00f3n de fondo sino que forma parte del propio desfile. <\/p>\n<p class=\"voc-paragraph\">Los <a href=\"https:\/\/madridesmoda.com\/ediciones-anteriores\/\" title data-voc-vtm-id=\"in-text-traffic\" data-mrf-link=\"madridesmoda.com\">espacios m\u00e1s representativos de la villa<\/a> y los grandes enclaves patrimoniales de la capital vuelven a acoger las propuestas de OMODA Madrid es Moda y <strong>los Jardines de Sabatini<\/strong> toman ahora el testigo en esta nueva edici\u00f3n, demostrando que la ciudad forma parte del propio relato de la moda. Con el apoyo del Ayuntamiento de Madrid, se consigue una alianza que es, precisamente, una de las se\u00f1as de identidad del proyecto. <\/p>\n<div class=\"v-c-cmp v-c-cmp--s\">\n<div class=\"v-cmp-m \">\n<article class=\"v-a v-a--cmp-m v-c-cmp--m-z\">\n<div class=\"v-a-img-c \">\n<div class=\"v-a-fig\">\n<button class=\"v-a-link\" popovertarget=\"photo-161\"><br \/>\n<img loading=\"lazy\" src=\"http:\/\/hoycordobaweb.com\/wp-content\/uploads\/2026\/09\/una-pasarela-al-aire-libre-asi-va-a-ser-la-nueva-edicion-de-omoda-madrid-es-moda-4.jpg\" class=\"v-a-img\" width=\"650\" height=\"650\" alt=\"Engracia Hidalgo, delegada de Econom\u00eda, Innovaci\u00f3n y Hacienda del Ayuntamiento de Madrid,\" data-voc-vtm-id=\"in-text-traffic\"> <\/button><figcaption class=\"v-fc\">\n<span class=\"v-fc__t\"><br \/>\nEngracia Hidalgo, delegada de Econom\u00eda, Innovaci\u00f3n y Hacienda del Ayuntamiento de Madrid,<br \/>\n<\/span><br \/>\n<span class=\"v-fc__p\"><br \/>\nCortes\u00eda<br \/>\n<\/span><br \/>\n<\/figcaption><\/div>\n<\/div>\n<div id=\"photo-161\" popover class=\"v-mdl v-mdl--fw\">\n<button class=\"v-x\" popovertarget=\"photo-161\" popovertargetaction=\"hide\"><br \/>\n<span class=\"v-i\"><br \/>\n<svg width=\"24\" height=\"23.996\" viewBox=\"0 0 24 23.996\">\n<path data-name=\"Uni\u00f3n 29\" d=\"M12,14.03,2.031,24,0,21.963,9.968,12,0,2.033,2.031,0,12,9.966,21.969,0,24,2.033,14.032,12,24,21.963,21.969,24Z\" \/>\n<\/svg><br \/>\n<\/span><br \/>\n<\/button><\/p>\n<div class=\"v-mdl__c\">\n<div class=\"v-mdl__w\">\n<img loading=\"lazy\" src=\"http:\/\/hoycordobaweb.com\/wp-content\/uploads\/2026\/09\/una-pasarela-al-aire-libre-asi-va-a-ser-la-nueva-edicion-de-omoda-madrid-es-moda-4.jpg\" class=\"v-mdl__img-z\" width=\"650\" height=\"650\" alt>\n<\/div>\n<\/div>\n<\/div>\n<p><span class=\"v-bdp\"><\/span><br \/>\n<\/article>\n<\/div>\n<\/div>\n<p class=\"voc-paragraph\">\u00abLlevar estos desfiles a lugares emblem\u00e1ticos de la capital ya no es una excepci\u00f3n, es una estrategia\u00bb, asegura <strong>la delegada de Econom\u00eda, Innovaci\u00f3n y Hacienda del consistorio, Engracia Hidalgo<\/strong>. Esta apuesta por fusionar el talento de los dise\u00f1adores y el patrimonio cultural se ha materializado en hitos como el gran desfile inaugural de 2024 en la Puerta de Alcal\u00e1 o los celebrados en enclaves tan m\u00e1gicos como los de la plaza de Espa\u00f1a, la plaza de la Villa o el Museo Arqueol\u00f3gico Nacional. \u00abLa combinaci\u00f3n de escenarios emblem\u00e1ticos y el apoyo al talento emergente\u00bb permite que la Semana de la Moda siga proyectando \u00ab<strong>una imagen de modernidad, sostenibilidad y respeto por la tradici\u00f3n artesana<\/strong>\u00bb, a\u00f1ade Hidalgo. <\/p>\n<div class=\"media_block\"><\/div>\n","protected":false},"excerpt":{"rendered":"<p>Septiembre siempre trae nuevos comienzos. Vuelven las rutinas, los planes, las promesas y las agendas llenas con algunas de las citas m\u00e1s esperadas del calendario. Entre ellas, OMODA Madrid es Moda. Del 7 al 10, la capital volver\u00e1 a convertirse en el escaparate del dise\u00f1o de autor espa\u00f1ol con una edici\u00f3n que invita a \u00abvolver [&hellip;]<\/p>\n","protected":false},"author":1,"featured_media":141071,"comment_status":"closed","ping_status":"closed","sticky":false,"template":"","format":"standard","meta":[],"categories":[],"tags":[],"_links":{"self":[{"href":"http:\/\/hoycordobaweb.com\/index.php\/wp-json\/wp\/v2\/posts\/141070"}],"collection":[{"href":"http:\/\/hoycordobaweb.com\/index.php\/wp-json\/wp\/v2\/posts"}],"about":[{"href":"http:\/\/hoycordobaweb.com\/index.php\/wp-json\/wp\/v2\/types\/post"}],"author":[{"embeddable":true,"href":"http:\/\/hoycordobaweb.com\/index.php\/wp-json\/wp\/v2\/users\/1"}],"replies":[{"embeddable":true,"href":"http:\/\/hoycordobaweb.com\/index.php\/wp-json\/wp\/v2\/comments?post=141070"}],"version-history":[{"count":0,"href":"http:\/\/hoycordobaweb.com\/index.php\/wp-json\/wp\/v2\/posts\/141070\/revisions"}],"wp:featuredmedia":[{"embeddable":true,"href":"http:\/\/hoycordobaweb.com\/index.php\/wp-json\/wp\/v2\/media\/141071"}],"wp:attachment":[{"href":"http:\/\/hoycordobaweb.com\/index.php\/wp-json\/wp\/v2\/media?parent=141070"}],"wp:term":[{"taxonomy":"category","embeddable":true,"href":"http:\/\/hoycordobaweb.com\/index.php\/wp-json\/wp\/v2\/categories?post=141070"},{"taxonomy":"post_tag","embeddable":true,"href":"http:\/\/hoycordobaweb.com\/index.php\/wp-json\/wp\/v2\/tags?post=141070"}],"curies":[{"name":"wp","href":"https:\/\/api.w.org\/{rel}","templated":true}]}}