{"id":141068,"date":"2026-09-02T17:28:23","date_gmt":"2026-09-02T17:28:23","guid":{"rendered":"https:\/\/www.mujerhoy.com\/moda\/tendencias\/tendencias-otono-segun-estilista-20260902172314-nt.html"},"modified":"2026-09-02T17:28:23","modified_gmt":"2026-09-02T17:28:23","slug":"tres-tendencias-de-otono-que-salen-y-tres-que-entran-segun-un-estilista-se-veia-que-iba-a-ser-una-moda-pasajera","status":"publish","type":"post","link":"http:\/\/hoycordobaweb.com\/index.php\/2026\/09\/02\/tres-tendencias-de-otono-que-salen-y-tres-que-entran-segun-un-estilista-se-veia-que-iba-a-ser-una-moda-pasajera\/","title":{"rendered":"Tres tendencias de oto\u00f1o que salen y tres que entran, seg\u00fan un estilista: \u00abSe ve\u00eda que iba a ser una moda pasajera\u00bb"},"content":{"rendered":"<p><!-- AUTHOR --><\/p>\n<div class=\"voc-author-timesocial \">\n<!-- AUTHOR --><\/p>\n<div class=\"voc-author-timesocial__signature \">\n<!-- IMAGE AUTHOR -->\n<picture class=\"voc-image-signature\">\n<img class=\"voc-image-signature__img\" src=\"http:\/\/hoycordobaweb.com\/wp-content\/uploads\/2026\/09\/tres-tendencias-de-otono-que-salen-y-tres-que-entran-segun-un-estilista-se-veia-que-iba-a-ser-una-moda-pasajera.jpg\" alt=\"Raquel Rodr\u00edguez\">\n<\/picture>\n<!-- INFO AUTHOR --> <\/div><\/div>\n<p> <!-- COMPONENTS --><\/p>\n<p class=\"voc-paragraph\">El oto\u00f1o est\u00e1 a la vuelta de la esquina, ya hemos arrancado con la rutina real y aunque todav\u00eda quedan d\u00edas de calor, lo cierto es que es importante ir preparando el <strong>armario de oto\u00f1o\/invierno<\/strong>. Si no sabes por d\u00f3nde empezar, puedes fichar algunas de las tendencias que ser\u00e1n punteras en los pr\u00f3ximos meses.<\/p>\n<p class=\"voc-paragraph\">As\u00ed lo ha confirmado <strong>Juan Avellaneda<\/strong> a trav\u00e9s de su perfil de Instagram. El dise\u00f1ador y estilista ha compartido un v\u00eddeo en el que explica qu\u00e9 tres tendencias entran esta nueva temporada y qu\u00e9 tres desaparecen en su lugar. Una peque\u00f1a gu\u00eda para conseguir que tus <a href=\"https:\/\/www.mujerhoy.com\/moda\/no-te-pierdas\/prendas-solucionan-complicado-momento-vestir-verano-otono-20260829122512-nt.html\" title data-voc-vtm-id=\"in-text-traffic\" data-mrf-link=\"www.mujerhoy.com\">looks de oto\u00f1o<\/a> est\u00e9n en a la \u00faltima.<\/p>\n<div class=\"v-c-cmp v-c-cmp--t1 \">\n<div class=\"v-cmp-rld v-cmp-rld--2 \">\n<div class=\"v-cnt-m v-cnt-m--m\">\n<div class=\"v-cnt-m__c\">\n<div class=\"v-cnt-m__w v-cnt-m__w--1\">\n<p class=\"v-cnt-m__t\">\nTAMBI\u00c9N TE INTERESA\n<\/p>\n<\/div>\n<\/div>\n<\/div>\n<div class=\"v-g v-g--2-c v-g--bdr-min-xs\">\n<div class=\"v-g__c \">\n<article class=\"v-a v-a--cmp-rld v-a--cmp-rld-2 v-a--p-l\">\n<div class=\"v-a-img-c\">\n<figure class=\"v-a-fig\">\n<a href=\"https:\/\/www.mujerhoy.com\/moda\/no-te-pierdas\/chaquetas-ante-entretiempo-baratas-nueva-coleccion-zara-20260901101606-nt.html#vtm_modulosEngag=mod-rel:moda:noticia:1:cmp:2-not\" class=\"v-a-link\" title=\"\u00bfRespeto al dolor de una familia o insulto a las v\u00edctimas? La presencia de Marius Borg en la despedida al rey Harald divide a los noruegos\"><br \/>\n<img loading=\"lazy\" class=\"v-a-img\" src=\"http:\/\/hoycordobaweb.com\/wp-content\/uploads\/2026\/09\/tres-tendencias-de-otono-que-salen-y-tres-que-entran-segun-un-estilista-se-veia-que-iba-a-ser-una-moda-pasajera-1.jpg\" alt=\"\u00bfRespeto al dolor de una familia o insulto a las v\u00edctimas? La presencia de Marius Borg en la despedida al rey Harald divide a los noruegos\"><br \/>\n<\/a><br \/>\n<\/figure>\n<\/div>\n<\/article>\n<\/div>\n<div class=\"v-g__c \">\n<article class=\"v-a v-a--cmp-rld v-a--cmp-rld-2 v-a--p-l\">\n<div class=\"v-a-img-c\">\n<figure class=\"v-a-fig\">\n<a href=\"https:\/\/www.mujerhoy.com\/moda\/no-te-pierdas\/accesorios-entretiempo-deseados-nueva-temporada-20260830141908-nt.html#vtm_modulosEngag=mod-rel:moda:noticia:2:cmp:2-not\" class=\"v-a-link\" title=\"Los accesorios de entretiempo m\u00e1s deseados de la nueva temporada\"><br \/>\n<img loading=\"lazy\" class=\"v-a-img\" src=\"http:\/\/hoycordobaweb.com\/wp-content\/uploads\/2026\/09\/tres-tendencias-de-otono-que-salen-y-tres-que-entran-segun-un-estilista-se-veia-que-iba-a-ser-una-moda-pasajera-2.jpg\" alt=\"Los accesorios de entretiempo m\u00e1s deseados de la nueva temporada\"><br \/>\n<\/a><br \/>\n<\/figure>\n<\/div>\n<\/article>\n<\/div>\n<\/div>\n<\/div>\n<\/div>\n<div class=\"v-c-cmp v-c-cmp--s\">\n<div class=\"v-cmp-m \">\n<article class=\"v-a v-a--cmp-m v-c-cmp--m-z\">\n<div class=\"v-a-img-c \">\n<div class=\"v-a-fig\">\n<button class=\"v-a-link\" popovertarget=\"photo-231\"><br \/>\n<img loading=\"lazy\" src=\"http:\/\/hoycordobaweb.com\/wp-content\/uploads\/2026\/09\/tres-tendencias-de-otono-que-salen-y-tres-que-entran-segun-un-estilista-se-veia-que-iba-a-ser-una-moda-pasajera-3.jpg\" class=\"v-a-img\" width=\"650\" height=\"650\" alt=\"Pantalones de Mango (\" data-voc-vtm-id=\"in-text-traffic\"> <\/button><figcaption class=\"v-fc\">\n<span class=\"v-fc__t\"><br \/>\nPantalones de Mango (<br \/>\n<\/span><br \/>\n<span class=\"v-fc__p\"><br \/>\nspotlight launchmetrics \/ mango<br \/>\n<\/span><br \/>\n<\/figcaption><\/div>\n<\/div>\n<div id=\"photo-231\" popover class=\"v-mdl v-mdl--fw\">\n<button class=\"v-x\" popovertarget=\"photo-231\" popovertargetaction=\"hide\"><br \/>\n<span class=\"v-i\"><br \/>\n<svg width=\"24\" height=\"23.996\" viewBox=\"0 0 24 23.996\">\n<path data-name=\"Uni\u00f3n 29\" d=\"M12,14.03,2.031,24,0,21.963,9.968,12,0,2.033,2.031,0,12,9.966,21.969,0,24,2.033,14.032,12,24,21.963,21.969,24Z\" \/>\n<\/svg><br \/>\n<\/span><br \/>\n<\/button><\/p>\n<div class=\"v-mdl__c\">\n<div class=\"v-mdl__w\">\n<img loading=\"lazy\" src=\"http:\/\/hoycordobaweb.com\/wp-content\/uploads\/2026\/09\/tres-tendencias-de-otono-que-salen-y-tres-que-entran-segun-un-estilista-se-veia-que-iba-a-ser-una-moda-pasajera-3.jpg\" class=\"v-mdl__img-z\" width=\"650\" height=\"650\" alt>\n<\/div>\n<\/div>\n<\/div>\n<p><span class=\"v-bdp\"><\/span><br \/>\n<\/article>\n<\/div>\n<\/div>\n<p><h3 class=\"v-cmp-suh\">\nAdi\u00f3s al estampado de vaca, hola al de cebra<br \/>\n<\/h3>\n<\/p>\n<p class=\"voc-paragraph\">\u00abEl a\u00f1o pasado nos dio muy fuerte por el print de vaca y, la verdad, lo vimos por todos sitios. Ten\u00eda su rollo, pero es verdad que se ve\u00eda que <strong>iba a ser una moda un poco pasajera<\/strong>\u00bb, explica el dise\u00f1ador. As\u00ed que para este a\u00f1o propone una opci\u00f3n similar, \u00bbpero que para m\u00ed tiene un poquito m\u00e1s de rollo la cebra\u00ab.<\/p>\n<p class=\"voc-paragraph\">\u00abPorque realmente me da la sensaci\u00f3n de que<strong> es un print s\u00faper chic que encaja con much\u00edsimos looks<\/strong>\u00bb, asegura Avellaneda. Se puede llevar en una chaqueta, en una falda o incluso, si no te atreves tanto, con un bolso u otro accesorio parecido.<\/p>\n<div class=\"v-c-cmp v-c-cmp--s\">\n<div class=\"v-cmp-m \">\n<article class=\"v-a v-a--cmp-m v-c-cmp--m-z\">\n<div class=\"v-a-img-c \">\n<div class=\"v-a-fig\">\n<button class=\"v-a-link\" popovertarget=\"photo-863\"><br \/>\n<img loading=\"lazy\" src=\"http:\/\/hoycordobaweb.com\/wp-content\/uploads\/2026\/09\/tres-tendencias-de-otono-que-salen-y-tres-que-entran-segun-un-estilista-se-veia-que-iba-a-ser-una-moda-pasajera-4.jpg\" class=\"v-a-img\" width=\"650\" height=\"650\" alt=\"Conjunto de Uniqlo (falda 79 euros y chaqueta) y botas de S\u00e9zane (295 euros).\" data-voc-vtm-id=\"in-text-traffic\"> <\/button><figcaption class=\"v-fc\">\n<span class=\"v-fc__t\"><br \/>\nConjunto de Uniqlo (falda 79 euros y chaqueta) y botas de S\u00e9zane (295 euros).<br \/>\n<\/span><br \/>\n<span class=\"v-fc__p\"><br \/>\nspotlight launchmetrics \/ uniqlo y sezane<br \/>\n<\/span><br \/>\n<\/figcaption><\/div>\n<\/div>\n<div id=\"photo-863\" popover class=\"v-mdl v-mdl--fw\">\n<button class=\"v-x\" popovertarget=\"photo-863\" popovertargetaction=\"hide\"><br \/>\n<span class=\"v-i\"><br \/>\n<svg width=\"24\" height=\"23.996\" viewBox=\"0 0 24 23.996\">\n<path data-name=\"Uni\u00f3n 29\" d=\"M12,14.03,2.031,24,0,21.963,9.968,12,0,2.033,2.031,0,12,9.966,21.969,0,24,2.033,14.032,12,24,21.963,21.969,24Z\" \/>\n<\/svg><br \/>\n<\/span><br \/>\n<\/button><\/p>\n<div class=\"v-mdl__c\">\n<div class=\"v-mdl__w\">\n<img loading=\"lazy\" src=\"http:\/\/hoycordobaweb.com\/wp-content\/uploads\/2026\/09\/tres-tendencias-de-otono-que-salen-y-tres-que-entran-segun-un-estilista-se-veia-que-iba-a-ser-una-moda-pasajera-4.jpg\" class=\"v-mdl__img-z\" width=\"650\" height=\"650\" alt>\n<\/div>\n<\/div>\n<\/div>\n<p><span class=\"v-bdp\"><\/span><br \/>\n<\/article>\n<\/div>\n<\/div>\n<p><h3 class=\"v-cmp-suh\">\nAdi\u00f3s al amarillo mantequilla, hola al azul con el rojo<br \/>\n<\/h3>\n<\/p>\n<p class=\"voc-paragraph\">El dise\u00f1ador explica que aunque alguien ha intentado que el amarillo mantequilla est\u00e9 tambi\u00e9n en invierno, para invierno cuesta much\u00edsimo. \u00abLo hemos podido ver en celebrities o influencers porque es verdad que se juega con la foto, pero en la realidad, <strong>en la calle, no lo hemos visto tanto<\/strong>, exceptuando verano, obviamente\u00bb, detalla.<\/p>\n<p class=\"voc-paragraph\">Lllevar amarillo mantequilla en invierno, a no ser que sea en accesorios o en alg\u00fan detallito, limita, por ello vamos a ver algo que viene bastante fuerte y que<strong> ya lo hizo Victoria Beckham hace muchos a\u00f1os<\/strong>: combinar el rojo y el azul. \u00abA m\u00ed, personalmente, es una mezcla que me encanta y me parece tambi\u00e9n s\u00faper chic, pero con un puntito m\u00e1s. Y para todas aquellas que no se atrevan, pod\u00e9is cambiar el rojo por el burdeos, que queda idea\u00bb, detalla.<\/p>\n<div class=\"v-c-cmp v-c-cmp--s\">\n<div class=\"v-cmp-m \">\n<article class=\"v-a v-a--cmp-m v-c-cmp--m-z\">\n<div class=\"v-a-img-c \">\n<div class=\"v-a-fig\">\n<button class=\"v-a-link\" popovertarget=\"photo-782\"><br \/>\n<img loading=\"lazy\" src=\"http:\/\/hoycordobaweb.com\/wp-content\/uploads\/2026\/09\/tres-tendencias-de-otono-que-salen-y-tres-que-entran-segun-un-estilista-se-veia-que-iba-a-ser-una-moda-pasajera-5.jpg\" class=\"v-a-img\" width=\"650\" height=\"650\" alt=\"Pa\u00f1uelo de Levi's (25 euros).\" data-voc-vtm-id=\"in-text-traffic\"> <\/button><figcaption class=\"v-fc\">\n<span class=\"v-fc__t\"><br \/>\nPa\u00f1uelo de Levi&#8217;s (25 euros).<br \/>\n<\/span><br \/>\n<span class=\"v-fc__p\"><br \/>\nspotlight launchmetrics \/ levi&#8217;s<br \/>\n<\/span><br \/>\n<\/figcaption><\/div>\n<\/div>\n<div id=\"photo-782\" popover class=\"v-mdl v-mdl--fw\">\n<button class=\"v-x\" popovertarget=\"photo-782\" popovertargetaction=\"hide\"><br \/>\n<span class=\"v-i\"><br \/>\n<svg width=\"24\" height=\"23.996\" viewBox=\"0 0 24 23.996\">\n<path data-name=\"Uni\u00f3n 29\" d=\"M12,14.03,2.031,24,0,21.963,9.968,12,0,2.033,2.031,0,12,9.966,21.969,0,24,2.033,14.032,12,24,21.963,21.969,24Z\" \/>\n<\/svg><br \/>\n<\/span><br \/>\n<\/button><\/p>\n<div class=\"v-mdl__c\">\n<div class=\"v-mdl__w\">\n<img loading=\"lazy\" src=\"http:\/\/hoycordobaweb.com\/wp-content\/uploads\/2026\/09\/tres-tendencias-de-otono-que-salen-y-tres-que-entran-segun-un-estilista-se-veia-que-iba-a-ser-una-moda-pasajera-5.jpg\" class=\"v-mdl__img-z\" width=\"650\" height=\"650\" alt>\n<\/div>\n<\/div>\n<\/div>\n<p><span class=\"v-bdp\"><\/span><br \/>\n<\/article>\n<\/div>\n<\/div>\n<p><h3 class=\"v-cmp-suh\">\nAdi\u00f3s a los pillbox, hola a los pa\u00f1uelos<br \/>\n<\/h3>\n<\/p>\n<p class=\"voc-paragraph\">En cuanto a los accesorios, es momento de despedirse de los famos\u00edsimos pillbox o cualquier sombrero en invierno. \u00abEs verdad que los hemos visto much\u00edsimo tambi\u00e9n en trends, pero en la calle costaba un poquito m\u00e1s verlo\u00bb, comenta el estilista. En su lugar, apuesta por cambiarlos por los <strong>pa\u00f1uelos atados en la cabeza<\/strong>.<\/p>\n<p class=\"voc-paragraph\">\u00abNo es un sombrero y, adem\u00e1s, es mucho m\u00e1s f\u00e1cil porque luego te lo puedes poner un poco como bandana. De hecho, como veis, queda ideal. Incluso con gorra queda muy bien y el print estrella va a ser este <strong>estilo bandana<\/strong>. Obviamente, van a poder ser de cualquier print, pero este viene bastante fuerte. Luego hay otros que tambi\u00e9n puedes utilizar en el cuello como una bandana cowboy, que queda mega chic y mega top.<\/p>\n<div class=\"v-c-cmp v-c-cmp--t1 \">\n<div class=\"v-cmp-rld v-cmp-rld--2 \">\n<div class=\"v-cnt-m v-cnt-m--m\">\n<div class=\"v-cnt-m__c\">\n<div class=\"v-cnt-m__w v-cnt-m__w--1\">\n<p class=\"v-cnt-m__t\">\nTAMBI\u00c9N TE INTERESA\n<\/p>\n<\/div>\n<\/div>\n<\/div>\n<div class=\"v-g v-g--2-c v-g--bdr-min-xs\">\n<div class=\"v-g__c \">\n<article class=\"v-a v-a--cmp-rld v-a--cmp-rld-2 v-a--p-l\">\n<div class=\"v-a-img-c\">\n<figure class=\"v-a-fig\">\n<a href=\"https:\/\/www.mujerhoy.com\/moda\/no-te-pierdas\/cazadora-cuero-tendencia-otono-comprar-ahora-20260830002941-nt.html#vtm_modulosEngag=mod-rel:moda:noticia:1:cmp:2-not\" class=\"v-a-link\" title=\"Si vas a comprar una cazadora de cuero este oto\u00f1o, el mejor momento para hacerlo es ahora\"><br \/>\n<img loading=\"lazy\" class=\"v-a-img\" src=\"http:\/\/hoycordobaweb.com\/wp-content\/uploads\/2026\/09\/tres-tendencias-de-otono-que-salen-y-tres-que-entran-segun-un-estilista-se-veia-que-iba-a-ser-una-moda-pasajera-6.jpg\" alt=\"Si vas a comprar una cazadora de cuero este oto\u00f1o, el mejor momento para hacerlo es ahora\"><br \/>\n<\/a><br \/>\n<\/figure>\n<\/div>\n<\/article>\n<\/div>\n<div class=\"v-g__c \">\n<article class=\"v-a v-a--cmp-rld v-a--cmp-rld-2 v-a--p-l\">\n<div class=\"v-a-img-c\">\n<figure class=\"v-a-fig\">\n<a href=\"https:\/\/www.mujerhoy.com\/moda\/no-te-pierdas\/vestido-zara-blanco-nueva-coleccion-entretiempo-vuelta-oficina-20260829092718-nt.html#vtm_modulosEngag=mod-rel:moda:noticia:2:cmp:2-not\" class=\"v-a-link\" title=\"Este vestido blanco de la nueva colecci\u00f3n de Zara es lo \u00fanico que necesitas para la vuelta a la oficina\"><br \/>\n<img loading=\"lazy\" class=\"v-a-img\" src=\"http:\/\/hoycordobaweb.com\/wp-content\/uploads\/2026\/09\/tres-tendencias-de-otono-que-salen-y-tres-que-entran-segun-un-estilista-se-veia-que-iba-a-ser-una-moda-pasajera-7.jpg\" alt=\"Este vestido blanco de la nueva colecci\u00f3n de Zara es lo \u00fanico que necesitas para la vuelta a la oficina\"><br \/>\n<\/a><br \/>\n<\/figure>\n<\/div>\n<\/article>\n<\/div>\n<\/div>\n<\/div>\n<\/div>\n<div class=\"media_block\"><\/div>\n","protected":false},"excerpt":{"rendered":"<p>El oto\u00f1o est\u00e1 a la vuelta de la esquina, ya hemos arrancado con la rutina real y aunque todav\u00eda quedan d\u00edas de calor, lo cierto es que es importante ir preparando el armario de oto\u00f1o\/invierno. Si no sabes por d\u00f3nde empezar, puedes fichar algunas de las tendencias que ser\u00e1n punteras en los pr\u00f3ximos meses. As\u00ed [&hellip;]<\/p>\n","protected":false},"author":1,"featured_media":141069,"comment_status":"closed","ping_status":"closed","sticky":false,"template":"","format":"standard","meta":[],"categories":[],"tags":[],"_links":{"self":[{"href":"http:\/\/hoycordobaweb.com\/index.php\/wp-json\/wp\/v2\/posts\/141068"}],"collection":[{"href":"http:\/\/hoycordobaweb.com\/index.php\/wp-json\/wp\/v2\/posts"}],"about":[{"href":"http:\/\/hoycordobaweb.com\/index.php\/wp-json\/wp\/v2\/types\/post"}],"author":[{"embeddable":true,"href":"http:\/\/hoycordobaweb.com\/index.php\/wp-json\/wp\/v2\/users\/1"}],"replies":[{"embeddable":true,"href":"http:\/\/hoycordobaweb.com\/index.php\/wp-json\/wp\/v2\/comments?post=141068"}],"version-history":[{"count":0,"href":"http:\/\/hoycordobaweb.com\/index.php\/wp-json\/wp\/v2\/posts\/141068\/revisions"}],"wp:featuredmedia":[{"embeddable":true,"href":"http:\/\/hoycordobaweb.com\/index.php\/wp-json\/wp\/v2\/media\/141069"}],"wp:attachment":[{"href":"http:\/\/hoycordobaweb.com\/index.php\/wp-json\/wp\/v2\/media?parent=141068"}],"wp:term":[{"taxonomy":"category","embeddable":true,"href":"http:\/\/hoycordobaweb.com\/index.php\/wp-json\/wp\/v2\/categories?post=141068"},{"taxonomy":"post_tag","embeddable":true,"href":"http:\/\/hoycordobaweb.com\/index.php\/wp-json\/wp\/v2\/tags?post=141068"}],"curies":[{"name":"wp","href":"https:\/\/api.w.org\/{rel}","templated":true}]}}