{"id":141066,"date":"2026-09-02T18:46:22","date_gmt":"2026-09-02T18:46:22","guid":{"rendered":"http:\/\/hoycordobaweb.com\/index.php\/2026\/09\/02\/en-rdi-se-anticipo-que-los-ex-combatientes-de-malvinas-realizaran-una-denuncia-penal-contra-milei-estan-renunciando-a-la-soberania\/"},"modified":"2026-09-02T18:46:22","modified_gmt":"2026-09-02T18:46:22","slug":"en-rdi-se-anticipo-que-los-ex-combatientes-de-malvinas-realizaran-una-denuncia-penal-contra-milei-estan-renunciando-a-la-soberania","status":"publish","type":"post","link":"http:\/\/hoycordobaweb.com\/index.php\/2026\/09\/02\/en-rdi-se-anticipo-que-los-ex-combatientes-de-malvinas-realizaran-una-denuncia-penal-contra-milei-estan-renunciando-a-la-soberania\/","title":{"rendered":"En RDI se anticip\u00f3 que los ex combatientes de Malvinas realizar\u00e1n una denuncia penal contra Milei: \u201cEst\u00e1n renunciando a la soberan\u00eda\u201d"},"content":{"rendered":"<div class=\"media_block\"><\/div>\n<div><img src=\"http:\/\/hoycordobaweb.com\/wp-content\/uploads\/2026\/09\/en-rdi-se-anticipo-que-los-ex-combatientes-de-malvinas-realizaran-una-denuncia-penal-contra-milei-estan-renunciando-a-la-soberania.jpg\" class=\"ff-og-image-inserted\"><\/div>\n<p>El ex combatiente de Malvinas y periodista, <strong>Gustavo Pirich<\/strong>, estuvo presente en la mesa de Ronda de Investigaci\u00f3n por +Perfil y cuestion\u00f3 la pol\u00edtica del gobierno de <a target=\"_blank\" href=\"https:\/\/perfil.com\/noticias\/politica\/el-presidente-javier-milei-hablara-en-cadena-nacional-el-jueves-por-el-tema-malvinas.phtml\" rel=\"noopener noreferrer\">Javier Milei<\/a> respecto del reclamo argentino de soberan\u00eda sobre las Islas Malvinas.<\/p>\n<p>\u201cHay que guiarse por los hechos, <strong>no por lo que dicen<\/strong>\u201d, afirm\u00f3 Gustavo Pirich, quien record\u00f3 el acuerdo firmado durante el inicio del actual Gobierno entre la entonces canciller Diana Mondino y el canciller brit\u00e1nico David Lammy.<\/p>\n<p>Seg\u00fan explic\u00f3, ese entendimiento contempla compromisos vinculados con la actividad econ\u00f3mica de las islas. Pirich cuestion\u00f3 especialmente ese punto: \u201cLo que tenemos que hacer <strong>es afectar el normal desarrollo de la econom\u00eda de las islas <\/strong>para que se cansen, se pudran, se mueran de inanici\u00f3n y se vayan\u201d.<\/p>\n<div class=\"subscription\" readability=\"6.683257918552\">\n<p> Esto no les gusta a los autoritarios <\/p>\n<div class=\"subscription__container\" readability=\"6.1467391304348\">\n<div class=\"subscription__text-wrapper\" readability=\"31.20652173913\">\n<p> El ejercicio del periodismo profesional y cr\u00edtico es un pilar fundamental de la democracia. Por eso molesta a quienes creen ser los due\u00f1os de la verdad. <\/p>\n<\/p><\/div><\/div><\/div>\n<p>En ese sentido, plante\u00f3 sus sospechas sobre el posible alcance del anuncio presidencial: \u201cNo podemos saber qu\u00e9 es exactamente, pero nos parece que ese anuncio <strong>podr\u00eda ir por el lado de permitirle a la explotaci\u00f3n brit\u00e1nica el robo del petr\u00f3leo<\/strong>\u201d.<\/p>\n<h2><strong>La advertencia sobre los recursos naturales<\/strong><\/h2>\n<p>Ante la posibilidad de que Argentina obtenga alguna contraprestaci\u00f3n a cambio de eventuales concesiones, Pirich fue tajante: \u201cGanancias de las explotaciones extractivas de nuestros recursos naturales, <strong>no hay ninguna<\/strong>\u201d.<\/p>\n<p>El ex combatiente tambi\u00e9n cuestion\u00f3 la manera en que, seg\u00fan su interpretaci\u00f3n, el Gobierno podr\u00eda presentar una eventual medida vinculada con el Reino Unido. \u201c<strong>Nos est\u00e1n anunciando las peores cat\u00e1strofes<\/strong>, plante\u00e1ndolas como que fueran la soluci\u00f3n a los grandes problemas argentinos\u201d, sostuvo.<\/p>\n<p>Sobre la misma l\u00ednea, agreg\u00f3: \u201cVan a decir, hemos logrado y <strong>esta es la mejor forma<\/strong> de poder llegar a un entendimiento\u201d. Para Pirich, ese argumento repetir\u00eda una estrategia que ya se utiliz\u00f3 durante el gobierno de Mauricio Macri: \u201c<strong>Nos van a volver a vender<\/strong> otra vez el mismo verso\u201d.<\/p>\n<h2><strong>La situaci\u00f3n de los ex combatientes de Malvinas<\/strong><\/h2>\n<p>Pirich tambi\u00e9n habl\u00f3 sobre las condiciones sociales y econ\u00f3micas de los veteranos de la guerra de Malvinas. Seg\u00fan explic\u00f3, la organizaci\u00f3n de los propios ex combatientes fue determinante para conseguir mejoras. \u201cNosotros <strong>nunca hemos tenido contenci\u00f3n<\/strong> del Estado\u201d, afirm\u00f3 en +Perfil, el nuevo medio de Editorial Perfil. Y destac\u00f3 el proceso organizativo desarrollado desde el regreso de los soldados al pa\u00eds: \u201cDesde que volvimos organizamos centros, coordinadoras, federaciones y confederaciones y <strong>logramos hacer base a la lucha<\/strong>\u201d.<\/p>\n<p>Pirich reconoci\u00f3, sin embargo, una mejora significativa durante el gobierno de N\u00e9stor Kirchner: \u201cLas tres pensiones m\u00ednimas que lograron posicionarnos en un lugar mucho mejor en la escala social y econ\u00f3mica, <strong>pero todo sali\u00f3 en base a nuestra fuerza<\/strong>\u201d.<\/p>\n<h2><strong>La denuncia penal contra Milei, Mondino y otros funcionarios<\/strong><\/h2>\n<p>Uno de los puntos centrales fue el anuncio de una presentaci\u00f3n judicial contra integrantes del Gobierno. Pirich asegur\u00f3 que preparan una causa penal por el supuesto incumplimiento de las obligaciones vinculadas con el reclamo argentino de soberan\u00eda. \u201cLa recuperaci\u00f3n de las Islas Malvinas tiene un elemento central que es la resoluci\u00f3n 2065-65 de la ONU. <strong>No puede apartarse de eso<\/strong>\u201d, sostuvo.<\/p>\n<p>Tambi\u00e9n mencion\u00f3 la Constituci\u00f3n Nacional y afirm\u00f3: \u201cLa disposici\u00f3n transitoria primera de la reforma de la Constituci\u00f3n Nacional, que obliga a los gobiernos argentinos <strong>a seguir reclamando la soberan\u00eda de las Islas Malvinas<\/strong>\u201d.<\/p>\n<p>A partir de esa interpretaci\u00f3n, anticip\u00f3: \u201cEstamos presentando en estos d\u00edas una causa penal <strong>por incumplimiento de los deberes funcionales y p\u00fablicos<\/strong> contra Milei, Mondino y otros funcionarios que abran esta pol\u00edtica\u201d.<\/p>\n<p>Consultado sobre el motivo espec\u00edfico de la denuncia, fue contundente: \u201cPor el incumplimiento de los deberes funcionales y p\u00fablicos, <strong>porque el Gobierno hace caso omiso de la disposici\u00f3n transitoria primera<\/strong>\u201d.<\/p>\n<p>Pirich cuestion\u00f3 adem\u00e1s que los acuerdos suscriptos con el Reino Unido no incluyan, seg\u00fan su interpretaci\u00f3n, un reclamo expl\u00edcito sobre la soberan\u00eda. \u201cMacri, el Pacto Foradori-Duncan, y Milei, <strong>no hablan de soberan\u00eda<\/strong>\u201d, sostuvo. Y remarc\u00f3: \u201cPero no reclaman la soberan\u00eda. Entonces, <strong>est\u00e1n renunciando a la soberan\u00eda<\/strong>, no en las palabras\u201d.<\/p>\n","protected":false},"excerpt":{"rendered":"<p>El ex combatiente de Malvinas y periodista, Gustavo Pirich, estuvo presente en la mesa de Ronda de Investigaci\u00f3n por +Perfil y cuestion\u00f3 la pol\u00edtica del gobierno de Javier Milei respecto del reclamo argentino de soberan\u00eda sobre las Islas Malvinas. \u201cHay que guiarse por los hechos, no por lo que dicen\u201d, afirm\u00f3 Gustavo Pirich, quien record\u00f3 [&hellip;]<\/p>\n","protected":false},"author":1,"featured_media":141067,"comment_status":"closed","ping_status":"closed","sticky":false,"template":"","format":"standard","meta":[],"categories":[19],"tags":[1022,3615,80],"_links":{"self":[{"href":"http:\/\/hoycordobaweb.com\/index.php\/wp-json\/wp\/v2\/posts\/141066"}],"collection":[{"href":"http:\/\/hoycordobaweb.com\/index.php\/wp-json\/wp\/v2\/posts"}],"about":[{"href":"http:\/\/hoycordobaweb.com\/index.php\/wp-json\/wp\/v2\/types\/post"}],"author":[{"embeddable":true,"href":"http:\/\/hoycordobaweb.com\/index.php\/wp-json\/wp\/v2\/users\/1"}],"replies":[{"embeddable":true,"href":"http:\/\/hoycordobaweb.com\/index.php\/wp-json\/wp\/v2\/comments?post=141066"}],"version-history":[{"count":0,"href":"http:\/\/hoycordobaweb.com\/index.php\/wp-json\/wp\/v2\/posts\/141066\/revisions"}],"wp:featuredmedia":[{"embeddable":true,"href":"http:\/\/hoycordobaweb.com\/index.php\/wp-json\/wp\/v2\/media\/141067"}],"wp:attachment":[{"href":"http:\/\/hoycordobaweb.com\/index.php\/wp-json\/wp\/v2\/media?parent=141066"}],"wp:term":[{"taxonomy":"category","embeddable":true,"href":"http:\/\/hoycordobaweb.com\/index.php\/wp-json\/wp\/v2\/categories?post=141066"},{"taxonomy":"post_tag","embeddable":true,"href":"http:\/\/hoycordobaweb.com\/index.php\/wp-json\/wp\/v2\/tags?post=141066"}],"curies":[{"name":"wp","href":"https:\/\/api.w.org\/{rel}","templated":true}]}}