{"id":141064,"date":"2026-09-02T17:05:51","date_gmt":"2026-09-02T17:05:51","guid":{"rendered":"https:\/\/www.ole.com.ar\/futbol-internacional\/espana\/dani-olmo-julian-alvarez-atletico-madrid-frustrado-barcelona-pases-cerrado_0_AvtqEyuTjr.html"},"modified":"2026-09-02T17:05:51","modified_gmt":"2026-09-02T17:05:51","slug":"dani-olmo-sobre-julian-alvarez-lucho-por-sus-suenos-y-tenemos-plantilla-suficiente","status":"publish","type":"post","link":"http:\/\/hoycordobaweb.com\/index.php\/2026\/09\/02\/dani-olmo-sobre-julian-alvarez-lucho-por-sus-suenos-y-tenemos-plantilla-suficiente\/","title":{"rendered":"Dani Olmo, sobre Juli\u00e1n \u00c1lvarez: \u00abLuch\u00f3 por sus sue\u00f1os\u00bb y \u00abtenemos plantilla suficiente\u00bb"},"content":{"rendered":"<p><img src=\"http:\/\/hoycordobaweb.com\/wp-content\/uploads\/2026\/09\/dani-olmo-sobre-julian-alvarez-lucho-por-sus-suenos-y-tenemos-plantilla-suficiente.jpg\"><\/p>\n<div id=\"element-body-0\" class=\"sc-df222161-0 hNvwjb\" readability=\"28.19656019656\">\n<p><strong><a href=\"https:\/\/www.ole.com.ar\/tema\/dani-olmo.html\" title=\"Dani Olmo\" alt=\"Dani Olmo\" class=\"slug\">Dani Olmo<\/a><\/strong>, mediocampista del <strong><a href=\"https:\/\/www.ole.com.ar\/tema\/barcelona.html\" title=\"Barcelona\" alt=\"Barcelona\" class=\"slug\">Barcelona<\/a><\/strong> y campe\u00f3n del mundo con Espa\u00f1a, habl\u00f3 sobre el frustrado intento de <strong><a href=\"https:\/\/www.ole.com.ar\/tema\/julian-alvarez.html\" title=\"Juli\u00e1n Alvarez\" alt=\"Juli\u00e1n Alvarez\" class=\"slug\">Juli\u00e1n \u00c1lvarez<\/a><\/strong> de llegar al club catal\u00e1n y respald\u00f3 al delantero argentino. La Ara\u00f1a hab\u00eda manifestado su deseo de cambiar de equipo durante el mercado de pases y el Cul\u00e9 intent\u00f3 avanzar por su contrataci\u00f3n, pero el <strong><a href=\"https:\/\/www.ole.com.ar\/futbol-internacional\/julian-alvarez-atletico-madrid-mercado-pases-novela_0_MFvQTQ1fSf.html\" target=\"_self\" title=\"Atl\u00e9tico de Madrid se mantuvo firme en su postura y rechaz\u00f3 su salida\" alt=\"Atl\u00e9tico de Madrid se mantuvo firme en su postura y rechaz\u00f3 su salida\" rel=\"noopener noreferrer\">Atl\u00e9tico de Madrid se mantuvo firme en su postura y rechaz\u00f3 su salida<\/a><\/strong>.<\/p>\n<\/div>\n<div id=\"element-body-1\" class=\"sc-df222161-0 hNvwjb\" readability=\"40\">\n<p>Consultado por esta situaci\u00f3n, Olmo reconoci\u00f3 que no termina de comprender c\u00f3mo se desarroll\u00f3 todo, aunque destac\u00f3 que Juli\u00e1n hizo lo que estuvo a su alcance para cumplir con su deseo. \u00abEntender no lo entiendo. Al final todos tenemos nuestros sue\u00f1os, yo creo que Juli\u00e1n tambi\u00e9n fue claro en ese aspecto <strong>. \u00c9l luch\u00f3, pero luego al final hay otras situaciones externas que al final uno no puede controlar\u00bb<\/strong>, explic\u00f3.<\/p>\n<\/div>\n<div id=\"element-body-2\" class=\"sc-df222161-0 hNvwjb\" readability=\"37\">\n<p>El mediocampista tambi\u00e9n se refiri\u00f3 al presente del conjunto dirigido por Hansi Flick y asegur\u00f3 que la imposibilidad de sumar al argentino no modifica las expectativas del plantel. <strong> \u00abNos espera un a\u00f1o muy bueno seguro, mucha competencia porque nosotros tambi\u00e9n nos hemos reforzado muy bien y creo que tenemos plantilla de sobra suficiente\u00bb<\/strong>, afirm\u00f3.<\/p>\n<\/div>\n<div id=\"element-body-3\" class=\"sc-df222161-0 hNvwjb\" readability=\"37\">\n<p>Adem\u00e1s, Olmo consider\u00f3 que, una vez que la operaci\u00f3n qued\u00f3 descartada, tanto Juli\u00e1n como el Barcelona deben mirar hacia adelante. \u00bb <strong>Al final la vida sigue\u00bb<\/strong>, cerr\u00f3.<\/p>\n<\/div>\n<div id=\"element-body-4\" class=\"sc-8712cf2e-1 brsVwg\"><figcaption class=\"JWvideoNota_title\">\n<p>(@partidazocope)<\/p>\n<\/figcaption><\/div>\n<p><h2><strong>Juli\u00e1n continuar\u00e1 en el Atl\u00e9tico de Madrid<\/strong><\/h2>\n<\/p>\n<div id=\"element-body-6\" class=\"sc-df222161-0 hNvwjb\" readability=\"29.964912280702\">\n<p>Despu\u00e9s de varias semanas de especulaciones, Juli\u00e1n no pudo concretar su salida del Atl\u00e9tico. El conjunto madrile\u00f1o se mantuvo firme en su postura de <strong><a href=\"https:\/\/www.ole.com.ar\/futbol-internacional\/espana\/barcelona-julianalvarez-atleticodemadrid-joanlaporta-diegosimeone_0_bDiTX5ytaJ.html\" target=\"_self\" title=\" no negociar al delantero con el Barcelona\" alt=\" no negociar al delantero con el Barcelona\" rel=\"noopener noreferrer\"> no negociar al delantero con el Barcelona<\/a><\/strong> y termin\u00f3 bloqueando una transferencia que hab\u00eda generado mucha expectativa en Espa\u00f1a.<\/p>\n<\/div>\n<div id=\"element-body-7\" class=\"sc-df222161-0 hNvwjb\" readability=\"35\">\n<p>El argentino hab\u00eda expresado su deseo de buscar un nuevo destino y el equipo catal\u00e1n aparec\u00eda como su principal alternativa. Sin embargo, el Atl\u00e9tico consider\u00f3 al atacante una pieza fundamental para el proyecto de Diego Simeone y no acept\u00f3 desprenderse de \u00e9l.<\/p>\n<\/div>\n<div id=\"element-body-8\" class=\"sc-df222161-0 hNvwjb\" readability=\"37\">\n<p>Ahora, la Ara\u00f1a deber\u00e1 continuar su carrera en Madrid y volver a enfocarse en los objetivos deportivos del equipo. Durante las \u00faltimas semanas, adem\u00e1s, qued\u00f3 expuesto un fuerte malestar entre el jugador y parte de la hinchada rojiblanca.<\/p>\n<\/div>\n<div class=\"sc-c0843421-0 iNysjD image-embed\" id=\"element-body-9\"><img alt=\"Juli\u00e1n en el banco del Atl\u00e9tico. (foto: REUTER) \" loading=\"lazy\" width=\"720\" height=\"100\" decoding=\"async\" data-nimg=\"1\" src=\"http:\/\/hoycordobaweb.com\/wp-content\/uploads\/2026\/09\/dani-olmo-sobre-julian-alvarez-lucho-por-sus-suenos-y-tenemos-plantilla-suficiente-2.jpg\"><span class=\"epigraphe\">Juli\u00e1n en el banco del Atl\u00e9tico. (foto: REUTER) <\/span><\/div>\n<p><h2><strong>Barcelona mantiene la mirada sobre el argentino<\/strong><\/h2>\n<\/p>\n<div id=\"element-body-11\" class=\"sc-df222161-0 hNvwjb\" readability=\"24.738955823293\">\n<p>Aunque la operaci\u00f3n no se concret\u00f3, <strong><a href=\"https:\/\/www.ole.com.ar\/futbol-internacional\/espana\/barcelona-julianalvarez-atleticodemadrid-joanlaporta-diegosimeone_0_bDiTX5ytaJ.html\" target=\"_self\" title=\"el inter\u00e9s del Barcelona por Juli\u00e1n no necesariamente qued\u00f3 descartado\" alt=\"el inter\u00e9s del Barcelona por Juli\u00e1n no necesariamente qued\u00f3 descartado\" rel=\"noopener noreferrer\">el inter\u00e9s del Barcelona por Juli\u00e1n no necesariamente qued\u00f3 descartado<\/a><\/strong>. La dirigencia encabezada por Joan Laporta podr\u00eda volver a analizar su situaci\u00f3n cuando se abra nuevamente el mercado de pases europeo.<\/p>\n<\/div>\n<div class=\"sc-c0843421-0 iNysjD image-embed\" id=\"element-body-12\"><img alt=\"Juli\u00e1n deber\u00e1 seguir en el Colchonero. (foto: EFE) \" loading=\"lazy\" width=\"720\" height=\"100\" decoding=\"async\" data-nimg=\"1\" src=\"http:\/\/hoycordobaweb.com\/wp-content\/uploads\/2026\/09\/dani-olmo-sobre-julian-alvarez-lucho-por-sus-suenos-y-tenemos-plantilla-suficiente-3.jpg\"><span class=\"epigraphe\">Juli\u00e1n deber\u00e1 seguir en el Colchonero. (foto: EFE) <\/span><\/div>\n<div id=\"element-body-13\" class=\"sc-df222161-0 hNvwjb\" readability=\"33.229571984436\">\n<p>El club catal\u00e1n incorpor\u00f3 a <strong><a href=\"https:\/\/www.ole.com.ar\/tema\/gabriel-jesuis.html\" title=\"Gabriel Jes\u00fais\" alt=\"Gabriel Jes\u00fais\" class=\"slug\">Gabriel Jesus<\/a><\/strong> como alternativa ofensiva antes del cierre de la ventana de transferencias, pero la llegada del brasile\u00f1o no impedir\u00eda que Barcelona vuelva a evaluar la posibilidad de ir por el delantero argentino en el futuro.<\/p>\n<\/div>\n<div id=\"element-body-14\" class=\"sc-df222161-0 hNvwjb\" readability=\"35\">\n<p>Por ahora, Juli\u00e1n seguir\u00e1 en el Atl\u00e9tico. Mientras tanto, en Barcelona continuar\u00e1n atentos a su evoluci\u00f3n y a c\u00f3mo se desarrolla su situaci\u00f3n en Madrid. <\/p>\n<\/div>\n<div id=\"element-body-15\" class=\"sc-a7166897-0 eTTZWU\" readability=\"32\">\n<section readability=\"4\"><picture><img alt=\"Con la partida de Freitas, \u00bfcu\u00e1ntos millones recaud\u00f3 River por la venta de jugadores en los \u00faltimos cinco a\u00f1os?\" loading=\"lazy\" width=\"290\" height=\"290\" decoding=\"async\" data-nimg=\"1\" src=\"http:\/\/hoycordobaweb.com\/wp-content\/uploads\/2026\/09\/dani-olmo-sobre-julian-alvarez-lucho-por-sus-suenos-y-tenemos-plantilla-suficiente-4.jpg\"><\/picture>\n<p><span>Mir\u00e1 tambi\u00e9n<\/span><\/p>\n<hr>\n<h3>Con la partida de Freitas, \u00bfcu\u00e1ntos millones recaud\u00f3 River por la venta de jugadores en los \u00faltimos cinco a\u00f1os?<\/h3>\n<\/p>\n<\/section>\n<\/div>\n<div id=\"element-body-16\" class=\"sc-a7166897-0 eTTZWU\" readability=\"31\">\n<section readability=\"2\"><picture><img alt=\"La Scaloneta y los pases que hubo en el mercado que se cerr\u00f3\" loading=\"lazy\" width=\"290\" height=\"290\" decoding=\"async\" data-nimg=\"1\" src=\"http:\/\/hoycordobaweb.com\/wp-content\/uploads\/2026\/09\/dani-olmo-sobre-julian-alvarez-lucho-por-sus-suenos-y-tenemos-plantilla-suficiente-5.jpg\"><\/picture>\n<p><span>Mir\u00e1 tambi\u00e9n<\/span><\/p>\n<hr>\n<h3>La Scaloneta y los pases que hubo en el mercado que se cerr\u00f3<\/h3>\n<\/p>\n<\/section>\n<\/div>\n<div id=\"element-body-17\" class=\"sc-a7166897-0 eTTZWU\" readability=\"31\">\n<section readability=\"2\"><picture><img alt=\"El Barcelona no se rinde por Juli\u00e1n \u00c1lvarez: ya apunta al mercado de enero\" loading=\"lazy\" width=\"290\" height=\"290\" decoding=\"async\" data-nimg=\"1\" src=\"http:\/\/hoycordobaweb.com\/wp-content\/uploads\/2026\/09\/dani-olmo-sobre-julian-alvarez-lucho-por-sus-suenos-y-tenemos-plantilla-suficiente-6.jpg\"><\/picture>\n<p><span>Mir\u00e1 tambi\u00e9n<\/span><\/p>\n<hr>\n<h3>El Barcelona no se rinde por Juli\u00e1n \u00c1lvarez: ya apunta al mercado de enero<\/h3>\n<\/p>\n<\/section>\n<\/div>\n","protected":false},"excerpt":{"rendered":"<p>Dani Olmo, mediocampista del Barcelona y campe\u00f3n del mundo con Espa\u00f1a, habl\u00f3 sobre el frustrado intento de Juli\u00e1n \u00c1lvarez de llegar al club catal\u00e1n y respald\u00f3 al delantero argentino. La Ara\u00f1a hab\u00eda manifestado su deseo de cambiar de equipo durante el mercado de pases y el Cul\u00e9 intent\u00f3 avanzar por su contrataci\u00f3n, pero el Atl\u00e9tico [&hellip;]<\/p>\n","protected":false},"author":1,"featured_media":141065,"comment_status":"open","ping_status":"closed","sticky":false,"template":"","format":"standard","meta":[],"categories":[16],"tags":[],"_links":{"self":[{"href":"http:\/\/hoycordobaweb.com\/index.php\/wp-json\/wp\/v2\/posts\/141064"}],"collection":[{"href":"http:\/\/hoycordobaweb.com\/index.php\/wp-json\/wp\/v2\/posts"}],"about":[{"href":"http:\/\/hoycordobaweb.com\/index.php\/wp-json\/wp\/v2\/types\/post"}],"author":[{"embeddable":true,"href":"http:\/\/hoycordobaweb.com\/index.php\/wp-json\/wp\/v2\/users\/1"}],"replies":[{"embeddable":true,"href":"http:\/\/hoycordobaweb.com\/index.php\/wp-json\/wp\/v2\/comments?post=141064"}],"version-history":[{"count":0,"href":"http:\/\/hoycordobaweb.com\/index.php\/wp-json\/wp\/v2\/posts\/141064\/revisions"}],"wp:featuredmedia":[{"embeddable":true,"href":"http:\/\/hoycordobaweb.com\/index.php\/wp-json\/wp\/v2\/media\/141065"}],"wp:attachment":[{"href":"http:\/\/hoycordobaweb.com\/index.php\/wp-json\/wp\/v2\/media?parent=141064"}],"wp:term":[{"taxonomy":"category","embeddable":true,"href":"http:\/\/hoycordobaweb.com\/index.php\/wp-json\/wp\/v2\/categories?post=141064"},{"taxonomy":"post_tag","embeddable":true,"href":"http:\/\/hoycordobaweb.com\/index.php\/wp-json\/wp\/v2\/tags?post=141064"}],"curies":[{"name":"wp","href":"https:\/\/api.w.org\/{rel}","templated":true}]}}