{"id":141062,"date":"2026-09-02T17:11:28","date_gmt":"2026-09-02T17:11:28","guid":{"rendered":"https:\/\/www.ole.com.ar\/futbol-internacional\/francia\/kylianmbappe-francia-lesterz-realmadrid-clementl-secuestro_0_MR0CIdOQag.html"},"modified":"2026-09-02T17:11:28","modified_gmt":"2026-09-02T17:11:28","slug":"impactante-descubrimiento-en-francia-una-banda-criminal-planeaba-el-secuestro-de-kylian-mbappe","status":"publish","type":"post","link":"http:\/\/hoycordobaweb.com\/index.php\/2026\/09\/02\/impactante-descubrimiento-en-francia-una-banda-criminal-planeaba-el-secuestro-de-kylian-mbappe\/","title":{"rendered":"Impactante descubrimiento en Francia: una banda criminal planeaba el secuestro de Kylian Mbapp\u00e9"},"content":{"rendered":"<p><img src=\"http:\/\/hoycordobaweb.com\/wp-content\/uploads\/2026\/09\/impactante-descubrimiento-en-francia-una-banda-criminal-planeaba-el-secuestro-de-kylian-mbappe.jpg\"><\/p>\n<div id=\"element-body-0\" class=\"sc-df222161-0 hNvwjb\" readability=\"36.328767123288\">\n<p><strong><a href=\"https:\/\/www.ole.com.ar\/tema\/kylian-mbappe.html\" title=\"Kylian Mbapp\u00e9\" alt=\"Kylian Mbapp\u00e9\" class=\"slug\">Kylian Mbapp\u00e9<\/a><\/strong> fue noticia en Francia en las \u00faltimas horas, por una escalofriante informaci\u00f3n que nada tiene que ver con su actualidad deportiva, pero que gener\u00f3 una gran preocupaci\u00f3n en su pa\u00eds. Seg\u00fan detall\u00f3 Le Parisien, <strong>la polic\u00eda francesa desarticul\u00f3 una banda criminal<\/strong> que planeaba secuestrar al delantero del <strong><a href=\"https:\/\/www.ole.com.ar\/tema\/real-madrid.html\" title=\"Real Madrid\" alt=\"Real Madrid\" class=\"slug\">Real Madrid<\/a><\/strong>, entre otras figuras locales.<\/p>\n<\/div>\n<div id=\"element-body-1\" class=\"sc-df222161-0 hNvwjb\" readability=\"37\">\n<p>Los planes de la organizaci\u00f3n fueron descubiertos luego de la <strong>detenci\u00f3n de quien ser\u00eda el l\u00edder de la banda<\/strong>, <strong>un joven de 18 a\u00f1os<\/strong>, identificado como Cl\u00e9ment L., pero <strong>reconocido en el \u00e1mbito delictivo como &#8216;Lester Z&#8217;<\/strong>.<\/p>\n<\/div>\n<div class=\"sc-c0843421-0 iNysjD image-embed\" id=\"element-body-2\"><img alt=\"Mbapp\u00e9, apuntado por una banda criminal. EFE\/ Kiko Huesca\" loading=\"lazy\" width=\"720\" height=\"100\" decoding=\"async\" data-nimg=\"1\" src=\"http:\/\/hoycordobaweb.com\/wp-content\/uploads\/2026\/09\/impactante-descubrimiento-en-francia-una-banda-criminal-planeaba-el-secuestro-de-kylian-mbappe-2.jpg\"><span class=\"epigraphe\">Mbapp\u00e9, apuntado por una banda criminal. EFE\/ Kiko Huesca<\/span><\/div>\n<p><h2><strong>La detenci\u00f3n del l\u00edder revel\u00f3 los planes criminales de la banda<\/strong><\/h2>\n<\/p>\n<div id=\"element-body-4\" class=\"sc-df222161-0 hNvwjb\" readability=\"37\">\n<p><strong>Acusado de robo a mano armada y proxenetismo<\/strong>, <strong>Lester Z fue arrestado el pasado 19 de agosto<\/strong>, <strong>en inmediaciones del Tribunal de Bobigny<\/strong>, donde deb\u00eda declarar por otra causa. Junto a \u00e9l tambi\u00e9n fue detenido un presunto c\u00f3mplice.<\/p>\n<\/div>\n<div id=\"element-body-5\" class=\"sc-df222161-0 hNvwjb\" readability=\"38\">\n<p>Al momento de la detenci\u00f3n, <strong>la polic\u00eda le secuestr\u00f3 distintos dispositivos m\u00f3viles<\/strong> en los que <strong>almacenaba una detallada lista de datos, rutinas y direcciones de 26 posibles v\u00edctimas<\/strong>, <strong>entre ellas Mbapp\u00e9<\/strong>. El resto de los apuntados eran artistas locales, joyeros prestigiosos y empresarios.<\/p>\n<\/div>\n<div id=\"element-body-6\" class=\"sc-df222161-0 hNvwjb\" readability=\"39\">\n<p>Fuentes de la investigaci\u00f3n aseguraron que <strong>la log\u00edstica de la banda consist\u00eda en realizar secuestros expr\u00e9s y asaltos domiciliarios<\/strong>. \u00abSu objetivo era <strong>exigir rescates millonarios<\/strong>, aprovechando el alto poder adquisitivo de los damnificados\u00bb. Para la polic\u00eda local, <strong>la minuciosidad de la informaci\u00f3n encontrada evidencia un importante trabajo de campo de la banda criminal<\/strong>, porque entre los datos encontrados, hasta se detallaban horarios exactos de sus rutinas y toda la informaci\u00f3n de las medidas de seguridad de sus respectivos domicilios.<\/p>\n<\/div>\n<div id=\"element-body-7\" class=\"sc-df222161-0 hNvwjb\" readability=\"39\">\n<p><strong>\u00ab<\/strong> Este joven <strong>ya estaba en prisi\u00f3n por delitos graves<\/strong>, y ahora est\u00e1 <strong>implicado en un nuevo caso que involucra a un conocido rapero y futbolista<\/strong>. <strong>Solo el aislamiento puede hacerle comprender la situaci\u00f3n<\/strong>, dado que lleva una vida desorganizada y delictiva\u00bb, afirm\u00f3 el fiscal este mi\u00e9rcoles por la ma\u00f1ana ante la sala de instrucci\u00f3n de Versalles (Yvelines), donde Cl\u00e9ment impugnaba tanto su aislamiento como su detenci\u00f3n.<\/p>\n<\/div>\n<div class=\"sc-c0843421-0 iNysjD image-embed\" id=\"element-body-8\"><img alt=\"Mbapp\u00e9 convirti\u00f3 en la goleada 4-0 ante el M\u00e1laga. EFE\/ Chema Moya\" loading=\"lazy\" width=\"720\" height=\"100\" decoding=\"async\" data-nimg=\"1\" src=\"http:\/\/hoycordobaweb.com\/wp-content\/uploads\/2026\/09\/impactante-descubrimiento-en-francia-una-banda-criminal-planeaba-el-secuestro-de-kylian-mbappe-3.jpg\"><span class=\"epigraphe\">Mbapp\u00e9 convirti\u00f3 en la goleada 4-0 ante el M\u00e1laga. EFE\/ Chema Moya<\/span><\/div>\n<div id=\"element-body-9\" class=\"sc-df222161-0 hNvwjb\" readability=\"36\">\n<p>Por su parte, el Ministerio P\u00fablico destac\u00f3 la <strong>alta peligrosidad del individuo<\/strong> <strong>y el nivel de sofisticaci\u00f3n que requer\u00eda un operativo criminal de esta magnitud, descartando que se tratara simplemente de amenazas vac\u00edas.<\/strong><\/p>\n<\/div>\n<p><h2><strong>La investigaci\u00f3n busca identificar c\u00f3mplices<\/strong><\/h2>\n<\/p>\n<div id=\"element-body-11\" class=\"sc-df222161-0 hNvwjb\" readability=\"33\">\n<p>Ahora <strong>la polic\u00eda trabaja para intentar identificar al resto de integrantes de la banda<\/strong> y para <strong>determinar si los criminales recib\u00edan informaci\u00f3n desde el mismo entorno de las v\u00edctimas<\/strong>.<\/p>\n<\/div>\n<div id=\"element-body-12\" class=\"sc-a7166897-0 eTTZWU\" readability=\"31.5\">\n<section readability=\"3\"><picture><img alt=\"Con Enzo Fern\u00e1ndez en el Top 5, los pases m\u00e1s caros de la historia del f\u00fatbol\" loading=\"lazy\" width=\"290\" height=\"290\" decoding=\"async\" data-nimg=\"1\" src=\"http:\/\/hoycordobaweb.com\/wp-content\/uploads\/2026\/09\/impactante-descubrimiento-en-francia-una-banda-criminal-planeaba-el-secuestro-de-kylian-mbappe-4.jpg\"><\/picture>\n<p><span>Mir\u00e1 tambi\u00e9n<\/span><\/p>\n<hr>\n<h3>Con Enzo Fern\u00e1ndez en el Top 5, los pases m\u00e1s caros de la historia del f\u00fatbol<\/h3>\n<\/p>\n<\/section>\n<\/div>\n<div id=\"element-body-13\" class=\"sc-a7166897-0 eTTZWU\" readability=\"31\">\n<section readability=\"2\"><picture><img alt=\"Lamine Yamal hizo historia con Barcelona y super\u00f3 a Mbapp\u00e9 y Haaland\" loading=\"lazy\" width=\"290\" height=\"290\" decoding=\"async\" data-nimg=\"1\" src=\"http:\/\/hoycordobaweb.com\/wp-content\/uploads\/2026\/09\/impactante-descubrimiento-en-francia-una-banda-criminal-planeaba-el-secuestro-de-kylian-mbappe-5.jpg\"><\/picture>\n<p><span>Mir\u00e1 tambi\u00e9n<\/span><\/p>\n<hr>\n<h3>Lamine Yamal hizo historia con Barcelona y super\u00f3 a Mbapp\u00e9 y Haaland<\/h3>\n<\/p>\n<\/section>\n<\/div>\n<div id=\"element-body-14\" class=\"sc-a7166897-0 eTTZWU\" readability=\"32\">\n<section readability=\"4\"><picture><img alt=\"El Real Madrid gole\u00f3 de la mano de un Mbapp\u00e9 estelar, que moj\u00f3 y le dedic\u00f3 el gol a su novia\" loading=\"lazy\" width=\"290\" height=\"290\" decoding=\"async\" data-nimg=\"1\" src=\"http:\/\/hoycordobaweb.com\/wp-content\/uploads\/2026\/09\/impactante-descubrimiento-en-francia-una-banda-criminal-planeaba-el-secuestro-de-kylian-mbappe-6.jpg\"><\/picture>\n<p><span>Mir\u00e1 tambi\u00e9n<\/span><\/p>\n<hr>\n<h3>El Real Madrid gole\u00f3 de la mano de un Mbapp\u00e9 estelar, que moj\u00f3 y le dedic\u00f3 el gol a su novia<\/h3>\n<\/p>\n<\/section>\n<\/div>\n","protected":false},"excerpt":{"rendered":"<p>Kylian Mbapp\u00e9 fue noticia en Francia en las \u00faltimas horas, por una escalofriante informaci\u00f3n que nada tiene que ver con su actualidad deportiva, pero que gener\u00f3 una gran preocupaci\u00f3n en su pa\u00eds. Seg\u00fan detall\u00f3 Le Parisien, la polic\u00eda francesa desarticul\u00f3 una banda criminal que planeaba secuestrar al delantero del Real Madrid, entre otras figuras locales. [&hellip;]<\/p>\n","protected":false},"author":1,"featured_media":141063,"comment_status":"open","ping_status":"closed","sticky":false,"template":"","format":"standard","meta":[],"categories":[16],"tags":[],"_links":{"self":[{"href":"http:\/\/hoycordobaweb.com\/index.php\/wp-json\/wp\/v2\/posts\/141062"}],"collection":[{"href":"http:\/\/hoycordobaweb.com\/index.php\/wp-json\/wp\/v2\/posts"}],"about":[{"href":"http:\/\/hoycordobaweb.com\/index.php\/wp-json\/wp\/v2\/types\/post"}],"author":[{"embeddable":true,"href":"http:\/\/hoycordobaweb.com\/index.php\/wp-json\/wp\/v2\/users\/1"}],"replies":[{"embeddable":true,"href":"http:\/\/hoycordobaweb.com\/index.php\/wp-json\/wp\/v2\/comments?post=141062"}],"version-history":[{"count":0,"href":"http:\/\/hoycordobaweb.com\/index.php\/wp-json\/wp\/v2\/posts\/141062\/revisions"}],"wp:featuredmedia":[{"embeddable":true,"href":"http:\/\/hoycordobaweb.com\/index.php\/wp-json\/wp\/v2\/media\/141063"}],"wp:attachment":[{"href":"http:\/\/hoycordobaweb.com\/index.php\/wp-json\/wp\/v2\/media?parent=141062"}],"wp:term":[{"taxonomy":"category","embeddable":true,"href":"http:\/\/hoycordobaweb.com\/index.php\/wp-json\/wp\/v2\/categories?post=141062"},{"taxonomy":"post_tag","embeddable":true,"href":"http:\/\/hoycordobaweb.com\/index.php\/wp-json\/wp\/v2\/tags?post=141062"}],"curies":[{"name":"wp","href":"https:\/\/api.w.org\/{rel}","templated":true}]}}