{"id":141058,"date":"2026-09-02T18:45:30","date_gmt":"2026-09-02T18:45:30","guid":{"rendered":"https:\/\/www.ole.com.ar\/futbol-internacional\/icardi-club-galatasaray-lazio-mercado-fichajes_0_2kFuAyqlA9.html"},"modified":"2026-09-02T18:45:30","modified_gmt":"2026-09-02T18:45:30","slug":"el-incierto-caso-icardi-de-goleador-del-galatasaray-a-estar-sin-club-y-su-posible-destino","status":"publish","type":"post","link":"http:\/\/hoycordobaweb.com\/index.php\/2026\/09\/02\/el-incierto-caso-icardi-de-goleador-del-galatasaray-a-estar-sin-club-y-su-posible-destino\/","title":{"rendered":"El incierto caso Icardi: de goleador del Galatasaray a estar sin club y su posible destino"},"content":{"rendered":"<p><img src=\"http:\/\/hoycordobaweb.com\/wp-content\/uploads\/2026\/09\/el-incierto-caso-icardi-de-goleador-del-galatasaray-a-estar-sin-club-y-su-posible-destino.jpg\"><\/p>\n<div id=\"element-body-0\" class=\"sc-df222161-0 hNvwjb\" readability=\"24.419243986254\">\n<p>Delantero letal, <strong><a href=\"https:\/\/www.ole.com.ar\/tema\/mauro-icardi.html\" title=\"Mauro Icardi\" alt=\"Mauro Icardi\" class=\"slug\">Mauro Icardi<\/a><\/strong> <strong>se form\u00f3 en <a href=\"https:\/\/www.ole.com.ar\/tema\/la-masia.html\" title=\"La Mas\u00eda\" alt=\"La Mas\u00eda\" class=\"slug\">La Mas\u00eda<\/a> del <a href=\"https:\/\/www.ole.com.ar\/tema\/barcelona.html\" title=\"Barcelona\" alt=\"Barcelona\" class=\"slug\">Barcelona<\/a><\/strong>, pero tuvo que irse del Blaugrana para brillar: el delantero debut\u00f3 en la <strong><a href=\"https:\/\/www.ole.com.ar\/tema\/sampdoria.html\" title=\"Sampdoria\" alt=\"Sampdoria\" class=\"slug\">Sampdoria<\/a><\/strong>, <strong><a href=\"https:\/\/www.ole.com.ar\/internacional\/italia\/mauro-icardi-goles-liga-italiana_0_r1yr5LG6M.html\" target=\"_self\" title=\"fue capocannoniere de la Serie A con el Inter\" alt=\"fue capocannoniere de la Serie A con el Inter\" rel=\"noopener noreferrer\">fue capocannoniere de la Serie A con el Inter<\/a><\/strong>, <strong>tir\u00f3 paredes con <a href=\"https:\/\/www.ole.com.ar\/tema\/neymar.html\" title=\"Neymar\" alt=\"Neymar\" class=\"slug\">Neymar<\/a> en el <a href=\"https:\/\/www.ole.com.ar\/tema\/psg.html\" title=\"PSG\" alt=\"PSG\" class=\"slug\">PSG<\/a> y recientemente tuvo un exitoso paso por el <a href=\"https:\/\/www.ole.com.ar\/tema\/galatasaray.html\" title=\"Galatasaray\" alt=\"Galatasaray\" class=\"slug\">Galatasaray<\/a><\/strong>.<\/p>\n<\/div>\n<div id=\"element-body-1\" class=\"sc-df222161-0 hNvwjb\" readability=\"30.250980392157\">\n<p>En el cuadro turco; <strong>el killer marc\u00f3 77 goles, reparti\u00f3 25 asistencias y gan\u00f3 seis t\u00edtulos en 134 partidos<\/strong>. Sin embargo, en el \u00faltimo tiempo, <strong><a href=\"https:\/\/www.ole.com.ar\/fuera-de-juego\/icardi-china-suarez-juego-fotos-romance-avion-mar-plata_0_apFEUusa7a.html\" target=\"_self\" title=\"siempre se habl\u00f3 m\u00e1s de su vida fuera de la cancha\" alt=\"siempre se habl\u00f3 m\u00e1s de su vida fuera de la cancha\" rel=\"noopener noreferrer\">siempre se habl\u00f3 m\u00e1s de su vida fuera de la cancha<\/a><\/strong>, que de su figura como referente del cuadro de Estambul.<\/p>\n<\/div>\n<div id=\"element-body-2\" class=\"sc-df222161-0 hNvwjb\" readability=\"26.801282051282\">\n<p>Y, como de costumbre en su exitosa carrera, <strong>el rosarino se fue del combinado amarillo-rojo por la puerta de atr\u00e1s<\/strong>: no renov\u00f3 su contrato y <strong><a href=\"https:\/\/www.ole.com.ar\/futbol-internacional\/jugadores-libres-mercado-pases-europeo-cierre-opciones-clubes_0_vJr4XHCh4L.html\" target=\"_self\" title=\"se sum\u00f3 al grupo de destacados futbolistas que quedaron libres en el reciente mercado\" alt=\"se sum\u00f3 al grupo de destacados futbolistas que quedaron libres en el reciente mercado\" rel=\"noopener noreferrer\">se sum\u00f3 al grupo de destacados futbolistas que quedaron libres en el reciente mercado<\/a><\/strong>. Mir\u00e1 la cronolog\u00eda del incierto c <strong>aso Icardi<\/strong> y cu\u00e1l puede ser su <strong>futuro destino<\/strong>.<\/p>\n<\/div>\n<div class=\"sc-c0843421-0 iNysjD image-embed\" id=\"element-body-3\"><img alt=\"Con luces y sombras, su etapa en los Leones fue positiva. \" loading=\"lazy\" width=\"720\" height=\"100\" decoding=\"async\" data-nimg=\"1\" src=\"http:\/\/hoycordobaweb.com\/wp-content\/uploads\/2026\/09\/el-incierto-caso-icardi-de-goleador-del-galatasaray-a-estar-sin-club-y-su-posible-destino-2.jpg\"><span class=\"epigraphe\">Con luces y sombras, su etapa en los Leones fue positiva. <\/span><\/div>\n<p><h2><strong>El fin de un buen paso<\/strong><\/h2>\n<\/p>\n<div id=\"element-body-5\" class=\"sc-df222161-0 hNvwjb\" readability=\"22.158273381295\">\n<p>Relegado en un Par\u00eds Saint Germain con una fuerte competencia en el plantel y <strong><a href=\"https:\/\/www.ole.com.ar\/fuera-de-juego\/perdonar-china-suarez_0_MAH5srBzcA.html\" target=\"_self\" title=\"en el foco medi\u00e1tico por el fin de su relaci\u00f3n con su esposa y representante Wanda Nara\" alt=\"en el foco medi\u00e1tico por el fin de su relaci\u00f3n con su esposa y representante Wanda Nara\" rel=\"noopener noreferrer\">en el foco medi\u00e1tico por el fin de su relaci\u00f3n con su exesposa y representante Wanda Nara<\/a><\/strong>, el santafesino dej\u00f3 el conjunto galo para sumarse al <strong><a href=\"https:\/\/www.ole.com.ar\/tema\/galatasaray.html\" title=\"Galatasaray\" alt=\"Galatasaray\" class=\"slug\">Galatasaray<\/a><\/strong> en condici\u00f3n de pr\u00e9stamo durante 2022.<\/p>\n<\/div>\n<div id=\"element-body-6\" class=\"sc-df222161-0 hNvwjb\" readability=\"37\">\n<p>El nombre del jugador era sin\u00f3nimo de jerarqu\u00eda, <strong>pero su falta de ritmo lo transformaba m\u00e1s en una apuesta<\/strong>. A prueba y con altas expectativas, <strong>el atacante cumpli\u00f3 al aportar 23 goles en 26 presencias durante su primera temporada<\/strong> y los turcos no dudaron en comprarlo por <strong>10 millones de euros<\/strong> en julio de 2023.<\/p>\n<\/div>\n<div class=\"sc-c0843421-0 iNysjD image-embed\" id=\"element-body-7\"><img alt=\"Un problema f\u00edsico cambi\u00f3 todo. \" loading=\"lazy\" width=\"720\" height=\"100\" decoding=\"async\" data-nimg=\"1\" src=\"http:\/\/hoycordobaweb.com\/wp-content\/uploads\/2026\/09\/el-incierto-caso-icardi-de-goleador-del-galatasaray-a-estar-sin-club-y-su-posible-destino-3.jpg\"><span class=\"epigraphe\">Un problema f\u00edsico cambi\u00f3 todo. <\/span><\/div>\n<div id=\"element-body-8\" class=\"sc-df222161-0 hNvwjb\" readability=\"38\">\n<p><strong>El player sigui\u00f3 anotando, sali\u00f3 campe\u00f3n y se convirti\u00f3 en capit\u00e1n de los Leones<\/strong>. No obstante, una rotura del ligamento cruzado lo margin\u00f3 de las canchas por <strong>254 d\u00edas<\/strong> (noviembre 2024-julio 2025) y, tras regresar, su cuota goleadora baj\u00f3 considerablemente. <\/p>\n<\/div>\n<div id=\"element-body-9\" class=\"sc-df222161-0 hNvwjb\" readability=\"30.977777777778\">\n<p>Con este contexto, <strong><a href=\"https:\/\/www.ole.com.ar\/futbol-internacional\/mauro-icardi-galatasaray-festejos-campeon-video_0_skDQDZx7qV.html\" target=\"_self\" title=\"y en mitad de otro aluvi\u00f3n en los medios por diversos transcendidos de su vida personal\" alt=\"y en mitad de otro aluvi\u00f3n en los medios por diversos transcendidos de su vida personal\" rel=\"noopener noreferrer\">y en mitad de otro aluvi\u00f3n en los medios por diversos transcendidos de su vida personal<\/a><\/strong>, el delantero tuvo que sentarse a renegociar su contrato; que estaba pr\u00f3ximo vencer en julio. Pero, <strong>recibi\u00f3 una oferta econ\u00f3mica mucho menor de su entonces vigente club (cobrar 50% menos)<\/strong> y, sumado, a deseos de estilo de vida, <strong>rechaz\u00f3 la propuesta<\/strong>. <\/p>\n<\/div>\n<div class=\"sc-c0843421-0 iNysjD image-embed\" id=\"element-body-10\"><img alt=\"El goleador con la China Su\u00e1rez, su pareja. \" loading=\"lazy\" width=\"720\" height=\"100\" decoding=\"async\" data-nimg=\"1\" src=\"http:\/\/hoycordobaweb.com\/wp-content\/uploads\/2026\/09\/el-incierto-caso-icardi-de-goleador-del-galatasaray-a-estar-sin-club-y-su-posible-destino-4.jpg\"><span class=\"epigraphe\">El goleador con la China Su\u00e1rez, su pareja. <\/span><\/div>\n<p><h2><strong>Un accionar regular en su trayectoria <\/strong><\/h2>\n<\/p>\n<div id=\"element-body-12\" class=\"sc-df222161-0 hNvwjb\" readability=\"39.825775656325\">\n<p>De esta forma, Icardi se march\u00f3 libre y, si bien no fue un esc\u00e1ndalo, <strong>dej\u00f3 un equipo por la puerta de atr\u00e1s por tercera vez<\/strong>. Anteriormente, <strong>cuando era capit\u00e1n del <a href=\"https:\/\/www.ole.com.ar\/tema\/inter.html\" title=\"Inter\" alt=\"Inter\" class=\"slug\">Inter<\/a> y ven\u00eda de ser m\u00e1ximo artillero de la <a href=\"https:\/\/www.ole.com.ar\/tema\/serie-a.html\" title=\"Serie A\" alt=\"Serie A\" class=\"slug\">Serie A<\/a> 2017\/18<\/strong>, el argentino entr\u00f3 en conflicto con la dirigencia del Nerazzurro por <strong>motivos contractuales<\/strong>, se le retir\u00f3 la capitan\u00eda y <strong>lleg\u00f3 a perderse 10 encuentros por sanciones y no convocatorias<\/strong>. <\/p>\n<\/div>\n<div class=\"sc-c0843421-0 iNysjD image-embed\" id=\"element-body-13\"><img alt=\"En el pa\u00eds de la bota era la gran figura del campeonato italiano. \" loading=\"lazy\" width=\"720\" height=\"100\" decoding=\"async\" data-nimg=\"1\" src=\"http:\/\/hoycordobaweb.com\/wp-content\/uploads\/2026\/09\/el-incierto-caso-icardi-de-goleador-del-galatasaray-a-estar-sin-club-y-su-posible-destino-5.jpg\"><span class=\"epigraphe\">En el pa\u00eds de la bota era la gran figura del campeonato italiano. <\/span><\/div>\n<div id=\"element-body-14\" class=\"sc-df222161-0 hNvwjb\" readability=\"37\">\n<p>Despu\u00e9s, el crack se fue cedido al PSG en septiembre de 2019 y <strong>se uni\u00f3 definitivamente a los franceses luego de que los Rojos y Azules pagaran 50 millones por \u00e9l durante mediados de 2020<\/strong>. Luego, el desenlace mencionado con su partida a Turqu\u00eda y la confirmaci\u00f3n de un <strong>modus operandi<\/strong> caracter\u00edstico de su trayectoria.<\/p>\n<\/div>\n<p><h2><strong>El futuro del delantero <\/strong><\/h2>\n<\/p>\n<div id=\"element-body-16\" class=\"sc-df222161-0 hNvwjb\" readability=\"35.911764705882\">\n<p>Ahora, con el pase en su poder, <strong>lo que no le impide fichar por otro club por m\u00e1s que est\u00e9 cerrada la venta de traspasos en Europa<\/strong>, el ex Barsa busca un nuevo destino e <strong><a href=\"https:\/\/www.ole.com.ar\/tema\/italia.html\" title=\"Italia\" alt=\"Italia\" class=\"slug\">Italia<\/a><\/strong> parece ser el m\u00e1s cercano. <\/p>\n<\/div>\n<div class=\"sc-c0843421-0 iNysjD image-embed\" id=\"element-body-17\"><img alt=\"\u00bfRetornar\u00e1 al Calcio? \" loading=\"lazy\" width=\"720\" height=\"100\" decoding=\"async\" data-nimg=\"1\" src=\"http:\/\/hoycordobaweb.com\/wp-content\/uploads\/2026\/09\/el-incierto-caso-icardi-de-goleador-del-galatasaray-a-estar-sin-club-y-su-posible-destino-6.jpg\"><span class=\"epigraphe\">\u00bfRetornar\u00e1 al Calcio? <\/span><\/div>\n<div id=\"element-body-18\" class=\"sc-df222161-0 hNvwjb\" readability=\"39.399399399399\">\n<p>\u00bb <strong>Estamos evaluando el mejor proyecto<\/strong>, que no es necesariamente el econ\u00f3mico, sino tambi\u00e9n el de vida. Estamos considerando seriamente a la <strong><a href=\"https:\/\/www.ole.com.ar\/tema\/lazio.html\" title=\"Lazio\" alt=\"Lazio\" class=\"slug\">Lazio<\/a><\/strong> <strong>porque ser\u00eda la elecci\u00f3n de una instituci\u00f3n incre\u00edble<\/strong>\u201d, dijo Elio Pino, manager del jugador, en Sky Sport. <strong>\u00bfRegresar\u00e1 Icardi a la Serie A para volver a ser ese temible goleador? <\/strong><\/p>\n<\/div>\n<div id=\"element-body-19\" class=\"sc-a7166897-0 eTTZWU\" readability=\"31\">\n<section readability=\"2\"><picture><img alt=\"Encuentro de lujo: Franco Mastantuono comparti\u00f3 una foto con Gabriel Batistuta\" loading=\"lazy\" width=\"290\" height=\"290\" decoding=\"async\" data-nimg=\"1\" src=\"http:\/\/hoycordobaweb.com\/wp-content\/uploads\/2026\/09\/el-incierto-caso-icardi-de-goleador-del-galatasaray-a-estar-sin-club-y-su-posible-destino-7.jpg\"><\/picture>\n<p><span>Mir\u00e1 tambi\u00e9n<\/span><\/p>\n<hr>\n<h3>Encuentro de lujo: Franco Mastantuono comparti\u00f3 una foto con Gabriel Batistuta<\/h3>\n<\/p>\n<\/section>\n<\/div>\n<div id=\"element-body-20\" class=\"sc-a7166897-0 eTTZWU\" readability=\"31.5\">\n<section readability=\"3\"><picture><img alt=\"Impactante descubrimiento en Francia: una banda criminal planeaba el secuestro de Kylian Mbapp\u00e9\" loading=\"lazy\" width=\"290\" height=\"290\" decoding=\"async\" data-nimg=\"1\" src=\"http:\/\/hoycordobaweb.com\/wp-content\/uploads\/2026\/09\/el-incierto-caso-icardi-de-goleador-del-galatasaray-a-estar-sin-club-y-su-posible-destino-8.jpg\"><\/picture>\n<p><span>Mir\u00e1 tambi\u00e9n<\/span><\/p>\n<hr>\n<h3>Impactante descubrimiento en Francia: una banda criminal planeaba el secuestro de Kylian Mbapp\u00e9<\/h3>\n<\/p>\n<\/section>\n<\/div>\n<div id=\"element-body-21\" class=\"sc-a7166897-0 eTTZWU\" readability=\"32\">\n<section readability=\"4\"><picture><img alt=\"Dani Olmo, sobre Juli\u00e1n \u00c1lvarez: &quot;Luch\u00f3 por sus sue\u00f1os&quot; y &quot;tenemos plantilla suficiente&quot;\" loading=\"lazy\" width=\"290\" height=\"290\" decoding=\"async\" data-nimg=\"1\" src=\"http:\/\/hoycordobaweb.com\/wp-content\/uploads\/2026\/09\/el-incierto-caso-icardi-de-goleador-del-galatasaray-a-estar-sin-club-y-su-posible-destino-9.jpg\"><\/picture>\n<p><span>Mir\u00e1 tambi\u00e9n<\/span><\/p>\n<hr>\n<h3>Dani Olmo, sobre Juli\u00e1n \u00c1lvarez: \u00abLuch\u00f3 por sus sue\u00f1os\u00bb y \u00abtenemos plantilla suficiente\u00bb<\/h3>\n<\/p>\n<\/section>\n<\/div>\n","protected":false},"excerpt":{"rendered":"<p>Delantero letal, Mauro Icardi se form\u00f3 en La Mas\u00eda del Barcelona, pero tuvo que irse del Blaugrana para brillar: el delantero debut\u00f3 en la Sampdoria, fue capocannoniere de la Serie A con el Inter, tir\u00f3 paredes con Neymar en el PSG y recientemente tuvo un exitoso paso por el Galatasaray. En el cuadro turco; el [&hellip;]<\/p>\n","protected":false},"author":1,"featured_media":141059,"comment_status":"open","ping_status":"closed","sticky":false,"template":"","format":"standard","meta":[],"categories":[16],"tags":[],"_links":{"self":[{"href":"http:\/\/hoycordobaweb.com\/index.php\/wp-json\/wp\/v2\/posts\/141058"}],"collection":[{"href":"http:\/\/hoycordobaweb.com\/index.php\/wp-json\/wp\/v2\/posts"}],"about":[{"href":"http:\/\/hoycordobaweb.com\/index.php\/wp-json\/wp\/v2\/types\/post"}],"author":[{"embeddable":true,"href":"http:\/\/hoycordobaweb.com\/index.php\/wp-json\/wp\/v2\/users\/1"}],"replies":[{"embeddable":true,"href":"http:\/\/hoycordobaweb.com\/index.php\/wp-json\/wp\/v2\/comments?post=141058"}],"version-history":[{"count":0,"href":"http:\/\/hoycordobaweb.com\/index.php\/wp-json\/wp\/v2\/posts\/141058\/revisions"}],"wp:featuredmedia":[{"embeddable":true,"href":"http:\/\/hoycordobaweb.com\/index.php\/wp-json\/wp\/v2\/media\/141059"}],"wp:attachment":[{"href":"http:\/\/hoycordobaweb.com\/index.php\/wp-json\/wp\/v2\/media?parent=141058"}],"wp:term":[{"taxonomy":"category","embeddable":true,"href":"http:\/\/hoycordobaweb.com\/index.php\/wp-json\/wp\/v2\/categories?post=141058"},{"taxonomy":"post_tag","embeddable":true,"href":"http:\/\/hoycordobaweb.com\/index.php\/wp-json\/wp\/v2\/tags?post=141058"}],"curies":[{"name":"wp","href":"https:\/\/api.w.org\/{rel}","templated":true}]}}