{"id":141056,"date":"2026-09-02T18:48:43","date_gmt":"2026-09-02T18:48:43","guid":{"rendered":"https:\/\/www.ole.com.ar\/futbol-internacional\/polemicas-declaracines-gonzalo-plata-presidente-flamengo-pase-caido-rusia-dijo_0_Z19DvniVTC.html"},"modified":"2026-09-02T18:48:43","modified_gmt":"2026-09-02T18:48:43","slug":"polemicas-declaraciones-del-presidente-de-flamengo-sobre-el-pase-de-gonzalo-plata-ahora-no-necesitamos-mas","status":"publish","type":"post","link":"http:\/\/hoycordobaweb.com\/index.php\/2026\/09\/02\/polemicas-declaraciones-del-presidente-de-flamengo-sobre-el-pase-de-gonzalo-plata-ahora-no-necesitamos-mas\/","title":{"rendered":"Pol\u00e9micas declaraciones del presidente de Flamengo sobre el pase de Gonzalo Plata: \u00abAhora no necesitamos m\u00e1s&#8230;\u00bb"},"content":{"rendered":"<p><img src=\"http:\/\/hoycordobaweb.com\/wp-content\/uploads\/2026\/09\/polemicas-declaraciones-del-presidente-de-flamengo-sobre-el-pase-de-gonzalo-plata-ahora-no-necesitamos-mas.jpg\"><\/p>\n<div id=\"element-body-0\" class=\"sc-df222161-0 hNvwjb\" readability=\"28.981424148607\">\n<p>Son horas de confusi\u00f3n en <strong><a href=\"https:\/\/www.ole.com.ar\/tema\/flamengo.html\" target=\"_blank\" title=\"Flamengo\" alt=\"Flamengo\" rel=\"noopener noreferrer\">Flamengo<\/a><\/strong>. Este martes, parte de la planificaci\u00f3n del club en el mercado de pases se vio frustrada cuando <strong><a href=\"https:\/\/www.ole.com.ar\/futbol-internacional\/gonzaloplata-dinamomoscu-flamengo-clubederegatasdoflamengo_0_SLpZgEqLlY.html\" target=\"_blank\" title=\"no pudo concretarse la venta de Gonzalo Plata al Dinamo Mosc\u00fa\" alt=\"no pudo concretarse la venta de Gonzalo Plata al Dinamo Mosc\u00fa\" rel=\"noopener noreferrer\">no pudo concretarse la venta de Gonzalo Plata al Dinamo Mosc\u00fa<\/a><\/strong> por problemas en la revisi\u00f3n m\u00e9dica. Y ahora, la pol\u00e9mica se encendi\u00f3 con una <strong>dur\u00edsima cr\u00edtica de parte de su presidente.<\/strong><\/p>\n<\/div>\n<div id=\"element-body-1\" class=\"sc-df222161-0 hNvwjb\" readability=\"36\">\n<p>En las \u00faltimas horas, y seg\u00fan inform\u00f3 el periodista Ven\u00ea Casagrande, trascendi\u00f3 <strong>Luiz Eduardo Baptista<\/strong> -titular del Mengao- hab\u00eda lanzado una <strong>fuerte declaraci\u00f3n antes que se cayera el pase del ecuatoriano a Rusia.<\/strong><\/p>\n<\/div>\n<div id=\"element-body-2\" class=\"sc-df222161-0 hNvwjb\" readability=\"35\">\n<p>\u00abEstoy muy feliz con la venta de Plata porque <strong> ahora no necesitamos m\u00e1s andar de noche por R\u00edo de Janeiro para poder descubrir ni siquiera cu\u00e1nto est\u00e1 bebiendo<\/strong>\u00ab, hab\u00eda asegurado en una reuni\u00f3n con el Consejo de Flamengo.<\/p>\n<\/div>\n<div class=\"sc-c0843421-0 iNysjD image-embed\" id=\"element-body-3\"><img alt=\"Luiz Eduardo Baptista en sus funciones en Flamengo.\" loading=\"lazy\" width=\"720\" height=\"100\" decoding=\"async\" data-nimg=\"1\" src=\"http:\/\/hoycordobaweb.com\/wp-content\/uploads\/2026\/09\/polemicas-declaraciones-del-presidente-de-flamengo-sobre-el-pase-de-gonzalo-plata-ahora-no-necesitamos-mas-2.jpg\"><span class=\"epigraphe\">Luiz Eduardo Baptista en sus funciones en Flamengo.<\/span><\/div>\n<div id=\"element-body-4\" class=\"sc-df222161-0 hNvwjb\" readability=\"27.387640449438\">\n<p>Cabe aclarar que el extremo, que viene de jugar el Mundial 2026 con la <a href=\"https:\/\/www.ole.com.ar\/tema\/ecuador.html\" target=\"_blank\" title=\"Selecci\u00f3n de Ecuador\" alt=\"Selecci\u00f3n de Ecuador\" rel=\"noopener noreferrer\">Selecci\u00f3n de Ecuador<\/a>, cuenta con un <strong>historial de tensiones extrafutbol\u00edsticas<\/strong> con la dirigencia del Mengao. Incluso, en marzo fue apartado del plantel tras la llegada del DT Leonardo Jardim, quien <a href=\"https:\/\/www.ole.com.ar\/ecuador\/internacional\/siguen-malas-noticias-gonzalo-plata-postura-flamengo-apartado-entrenador-leonardo-jardim_0_C62L1afvsR.html\" target=\"_blank\" title=\"hab\u00eda alegado que el tricolor atravesaba &quot;dificultades para integrarse y para jugar&quot;\" alt=\"hab\u00eda alegado que el tricolor atravesaba &quot;dificultades para integrarse y para jugar&quot;\" rel=\"noopener noreferrer\">hab\u00eda alegado que el tricolor atravesaba \u00abdificultades para integrarse y para jugar\u00bb<\/a>.<\/p>\n<\/div>\n<p><h2><strong>Se cay\u00f3 el pase de Gonzalo Plata a Rusia: c\u00f3mo afecta a la planificaci\u00f3n de Flamengo con la llegada de Joaqu\u00edn Freitas<\/strong><\/h2>\n<\/p>\n<div id=\"element-body-6\" class=\"sc-df222161-0 hNvwjb\" readability=\"37\">\n<p>Por las consultas de Ol\u00e9 con la prensa local, las operaciones de ecuatoriano y del argentino hab\u00edan sido totalmente independientes: <strong>no fueron por Freitas por la baja de Plata.<\/strong> El Fla s\u00ed hab\u00eda sumado a Anthony Valencia por la baja de su compatriota, en cinco millones de euros al Royal Amberes de B\u00e9lgica.<\/p>\n<\/div>\n<div id=\"element-body-7\" class=\"sc-df222161-0 hNvwjb\" readability=\"38\">\n<p>El tricolor hab\u00eda tenido una tendinitis en la pierna derecha durante su primer semestre en Flamengo, pero no se inform\u00f3 cu\u00e1l fue el problema que se le detect\u00f3. Tras confirmarse el regreso del jugador, Flamengo acus\u00f3 a la dirigencia rusa. <strong> \u00abEsto es consecuencia del amateurismo y la irresponsabilidad demostrados por el Dinamo de Mosc\u00fa\u00bb<\/strong>. Adem\u00e1s, asegur\u00f3 que Plata est\u00e1 apto para la pr\u00e1ctica del f\u00fatbol.<\/p>\n<\/div>\n<div class=\"sc-c0843421-0 iNysjD image-embed\" id=\"element-body-8\"><img alt=\"Gonzalo Plata al llegar a Rusia: vuelve a Flamengo.\" loading=\"lazy\" width=\"720\" height=\"100\" decoding=\"async\" data-nimg=\"1\" src=\"http:\/\/hoycordobaweb.com\/wp-content\/uploads\/2026\/09\/polemicas-declaraciones-del-presidente-de-flamengo-sobre-el-pase-de-gonzalo-plata-ahora-no-necesitamos-mas-3.jpg\"><span class=\"epigraphe\">Gonzalo Plata al llegar a Rusia: vuelve a Flamengo.<\/span><\/div>\n<p><h2><strong>El comunicado de Flamengo sobre el caso Gonzalo Plata<\/strong><\/h2>\n<\/p>\n<div id=\"element-body-10\" class=\"sc-df222161-0 hNvwjb\" readability=\"38\">\n<p>El Clube de Regatas do Flamengo fue informado este martes por la tarde (1.\u00ba) por el Dinamo de Mosc\u00fa de que el delantero Gonzalo Plata no cumpli\u00f3 con los par\u00e1metros m\u00e9dicos del equipo ruso. El jugador hab\u00eda sido autorizado por el Flamengo para someterse a ex\u00e1menes y firmar contrato, pero la negociaci\u00f3n no se concretar\u00e1. Gonzalo Plata, quien recientemente represent\u00f3 a Ecuador en la Copa Mundial de la FIFA 2026 y ven\u00eda jugando con regularidad en el Flamengo, regresa al club esta semana.<\/p>\n<\/div>\n<div id=\"element-body-11\" class=\"sc-a7166897-0 eTTZWU\" readability=\"34\">\n<section readability=\"8\"><picture><img alt=\"Fernando Ferrara, el DT de Las Leonas, con Ol\u00e9: lo escrito, el lema, el efecto f\u00fatbol, Messi y ahora ir por el oro ol\u00edmpico\" loading=\"lazy\" width=\"290\" height=\"290\" decoding=\"async\" data-nimg=\"1\" src=\"http:\/\/hoycordobaweb.com\/wp-content\/uploads\/2026\/09\/polemicas-declaraciones-del-presidente-de-flamengo-sobre-el-pase-de-gonzalo-plata-ahora-no-necesitamos-mas-4.jpg\"><\/picture>\n<p><span>Mir\u00e1 tambi\u00e9n<\/span><\/p>\n<hr>\n<h3>Fernando Ferrara, el DT de Las Leonas, con Ol\u00e9: lo escrito, el lema, el efecto f\u00fatbol, Messi y ahora ir por el oro ol\u00edmpico<\/h3>\n<\/p>\n<\/section>\n<\/div>\n<div id=\"element-body-12\" class=\"sc-a7166897-0 eTTZWU\" readability=\"31.5\">\n<section readability=\"3\"><picture><img alt=\"El otro dato que dej\u00f3 el traspaso de Enzo Fern\u00e1ndez al Manchester City: super\u00f3 un registro de Cristiano Ronaldo\" loading=\"lazy\" width=\"290\" height=\"290\" decoding=\"async\" data-nimg=\"1\" src=\"http:\/\/hoycordobaweb.com\/wp-content\/uploads\/2026\/09\/polemicas-declaraciones-del-presidente-de-flamengo-sobre-el-pase-de-gonzalo-plata-ahora-no-necesitamos-mas-5.jpg\"><\/picture>\n<p><span>Mir\u00e1 tambi\u00e9n<\/span><\/p>\n<hr>\n<h3>El otro dato que dej\u00f3 el traspaso de Enzo Fern\u00e1ndez al Manchester City: super\u00f3 un registro de Cristiano Ronaldo<\/h3>\n<\/p>\n<\/section>\n<\/div>\n<div id=\"element-body-13\" class=\"sc-a7166897-0 eTTZWU\" readability=\"32\">\n<section readability=\"4\"><picture><img alt=\"Messi, propuesto como \u201cembajador ilustre e itinerante\u201d de Argentina: el proyecto que lleg\u00f3 al Congreso\" loading=\"lazy\" width=\"290\" height=\"290\" decoding=\"async\" data-nimg=\"1\" src=\"http:\/\/hoycordobaweb.com\/wp-content\/uploads\/2026\/09\/polemicas-declaraciones-del-presidente-de-flamengo-sobre-el-pase-de-gonzalo-plata-ahora-no-necesitamos-mas-6.jpg\"><\/picture>\n<p><span>Mir\u00e1 tambi\u00e9n<\/span><\/p>\n<hr>\n<h3>Messi, propuesto como \u201cembajador ilustre e itinerante\u201d de Argentina: el proyecto que lleg\u00f3 al Congreso<\/h3>\n<\/p>\n<\/section>\n<\/div>\n<div id=\"element-body-14\" class=\"sc-a7166897-0 eTTZWU\" readability=\"31\">\n<section readability=\"2\"><picture><img alt=\"Galarza Fonda: de marginado en River a ser compa\u00f1ero de Messi en Inter Miami\" loading=\"lazy\" width=\"290\" height=\"290\" decoding=\"async\" data-nimg=\"1\" src=\"http:\/\/hoycordobaweb.com\/wp-content\/uploads\/2026\/09\/polemicas-declaraciones-del-presidente-de-flamengo-sobre-el-pase-de-gonzalo-plata-ahora-no-necesitamos-mas-7.jpg\"><\/picture>\n<p><span>Mir\u00e1 tambi\u00e9n<\/span><\/p>\n<hr>\n<h3>Galarza Fonda: de marginado en River a ser compa\u00f1ero de Messi en Inter Miami<\/h3>\n<\/p>\n<\/section>\n<\/div>\n<div id=\"element-body-15\" class=\"sc-a7166897-0 eTTZWU\" readability=\"31\">\n<section readability=\"2\"><picture><img alt=\"River volvi\u00f3 al trabajo con los ojos puestos en An\u00edbal Moreno\" loading=\"lazy\" width=\"290\" height=\"290\" decoding=\"async\" data-nimg=\"1\" src=\"http:\/\/hoycordobaweb.com\/wp-content\/uploads\/2026\/09\/polemicas-declaraciones-del-presidente-de-flamengo-sobre-el-pase-de-gonzalo-plata-ahora-no-necesitamos-mas-8.jpg\"><\/picture>\n<p><span>Mir\u00e1 tambi\u00e9n<\/span><\/p>\n<hr>\n<h3>River volvi\u00f3 al trabajo con los ojos puestos en An\u00edbal Moreno<\/h3>\n<\/p>\n<\/section>\n<\/div>\n","protected":false},"excerpt":{"rendered":"<p>Son horas de confusi\u00f3n en Flamengo. Este martes, parte de la planificaci\u00f3n del club en el mercado de pases se vio frustrada cuando no pudo concretarse la venta de Gonzalo Plata al Dinamo Mosc\u00fa por problemas en la revisi\u00f3n m\u00e9dica. Y ahora, la pol\u00e9mica se encendi\u00f3 con una dur\u00edsima cr\u00edtica de parte de su presidente. [&hellip;]<\/p>\n","protected":false},"author":1,"featured_media":141057,"comment_status":"open","ping_status":"closed","sticky":false,"template":"","format":"standard","meta":[],"categories":[16],"tags":[],"_links":{"self":[{"href":"http:\/\/hoycordobaweb.com\/index.php\/wp-json\/wp\/v2\/posts\/141056"}],"collection":[{"href":"http:\/\/hoycordobaweb.com\/index.php\/wp-json\/wp\/v2\/posts"}],"about":[{"href":"http:\/\/hoycordobaweb.com\/index.php\/wp-json\/wp\/v2\/types\/post"}],"author":[{"embeddable":true,"href":"http:\/\/hoycordobaweb.com\/index.php\/wp-json\/wp\/v2\/users\/1"}],"replies":[{"embeddable":true,"href":"http:\/\/hoycordobaweb.com\/index.php\/wp-json\/wp\/v2\/comments?post=141056"}],"version-history":[{"count":0,"href":"http:\/\/hoycordobaweb.com\/index.php\/wp-json\/wp\/v2\/posts\/141056\/revisions"}],"wp:featuredmedia":[{"embeddable":true,"href":"http:\/\/hoycordobaweb.com\/index.php\/wp-json\/wp\/v2\/media\/141057"}],"wp:attachment":[{"href":"http:\/\/hoycordobaweb.com\/index.php\/wp-json\/wp\/v2\/media?parent=141056"}],"wp:term":[{"taxonomy":"category","embeddable":true,"href":"http:\/\/hoycordobaweb.com\/index.php\/wp-json\/wp\/v2\/categories?post=141056"},{"taxonomy":"post_tag","embeddable":true,"href":"http:\/\/hoycordobaweb.com\/index.php\/wp-json\/wp\/v2\/tags?post=141056"}],"curies":[{"name":"wp","href":"https:\/\/api.w.org\/{rel}","templated":true}]}}