{"id":141032,"date":"2026-09-01T16:00:04","date_gmt":"2026-09-01T16:00:04","guid":{"rendered":"https:\/\/www.mujerhoy.com\/moda\/pasarelas\/desfile-victorias-secret-novedades-cuando-donde-ver-20260901080914-nt.html"},"modified":"2026-09-01T16:00:04","modified_gmt":"2026-09-01T16:00:04","slug":"vuelve-el-desfile-de-victorias-secret-donde-y-como-sera","status":"publish","type":"post","link":"http:\/\/hoycordobaweb.com\/index.php\/2026\/09\/01\/vuelve-el-desfile-de-victorias-secret-donde-y-como-sera\/","title":{"rendered":"Vuelve el desfile de Victoria&#8217;s Secret: d\u00f3nde y c\u00f3mo ser\u00e1"},"content":{"rendered":"<p><!-- AUTHOR --><\/p>\n<div class=\"voc-author-timesocial \">\n<!-- AUTHOR --><\/p>\n<div class=\"voc-author-timesocial__signature \">\n<!-- IMAGE AUTHOR -->\n<picture class=\"voc-image-signature\">\n<img class=\"voc-image-signature__img\" src=\"http:\/\/hoycordobaweb.com\/wp-content\/uploads\/2026\/09\/vuelve-el-desfile-de-victorias-secret-donde-y-como-sera.jpg\" alt=\"Raquel Rodr\u00edguez\">\n<\/picture>\n<!-- INFO AUTHOR --> <\/div><\/div>\n<p> <!-- COMPONENTS --><\/p>\n<p class=\"voc-paragraph\">El pr\u00f3ximo <strong>domingo 18 de octubre <\/strong>las \u00e1ngeles de Victoria&#8217;s Secret vuelven a desplegar sus alas para dar vida al que es <a href=\"https:\/\/www.mujerhoy.com\/moda\/pasarelas\/victoria-secret-desfile-nueva-york-adriana-lima-alessandra-ambrosio-karol-g-20251016022251-nt.html\" title data-voc-vtm-id=\"in-text-traffic\" data-mrf-link=\"www.mujerhoy.com\">el desfile de moda m\u00e1s medi\u00e1tico<\/a>. Este es el primero de los detalles desvelados en torno a la que ser\u00e1 la nueva edici\u00f3n de un show en el que no faltan rostros conocidos, lencer\u00eda para no pasar desapercibida y, como viene siendo en los \u00faltimos a\u00f1os, <strong>pol\u00e9mica imposible de esquivar<\/strong>.<\/p>\n<p class=\"voc-paragraph\">Las cr\u00edticas por una<strong> imagen considerada poco inclusiva <\/strong>siguen estando presentes a pesar de que en su regreso en 2024, la firma optara por contar con modelos de diferentes tallas. Una imagen algo m\u00e1s variada que no termina de gustar y que vuelve este 2026 con una <strong>propuesta cargada de novedades <\/strong>como la localizaci\u00f3n o el p\u00fablico que podr\u00e1 acceder a verla.<\/p>\n<div class=\"v-c-cmp v-c-cmp--t1 \">\n<div class=\"v-cmp-rld v-cmp-rld--2 \">\n<div class=\"v-cnt-m v-cnt-m--m\">\n<div class=\"v-cnt-m__c\">\n<div class=\"v-cnt-m__w v-cnt-m__w--1\">\n<p class=\"v-cnt-m__t\">\nTAMBI\u00c9N TE INTERESA\n<\/p>\n<\/div>\n<\/div>\n<\/div>\n<div class=\"v-g v-g--2-c v-g--bdr-min-xs\">\n<div class=\"v-g__c \">\n<article class=\"v-a v-a--cmp-rld v-a--cmp-rld-2 v-a--p-l\">\n<div class=\"v-a-img-c\">\n<figure class=\"v-a-fig\">\n<a href=\"https:\/\/www.mujerhoy.com\/vivir\/ocio\/mejors-conciertos-espana-otono-shakira-aitana-bryan-adams-20260830103608-nt.html#vtm_modulosEngag=mod-rel:moda:noticia:1:cmp:2-not\" class=\"v-a-link\" title=\"Los conciertos que no te puedes perder este oto\u00f1o\"><br \/>\n<img loading=\"lazy\" class=\"v-a-img\" src=\"http:\/\/hoycordobaweb.com\/wp-content\/uploads\/2026\/09\/vuelve-el-desfile-de-victorias-secret-donde-y-como-sera-1.jpg\" alt=\"Los conciertos que no te puedes perder este oto\u00f1o\"><br \/>\n<\/a><br \/>\n<\/figure>\n<\/div>\n<\/article>\n<\/div>\n<div class=\"v-g__c \">\n<article class=\"v-a v-a--cmp-rld v-a--cmp-rld-2 v-a--p-l\">\n<div class=\"v-a-img-c\">\n<figure class=\"v-a-fig\">\n<a href=\"https:\/\/www.mujerhoy.com\/moda\/pasarelas\/moda-bano-gran-canaria-swim-week-2026-tendencias-verano-20260628181240-nt.html#vtm_modulosEngag=mod-rel:moda:noticia:2:cmp:2-not\" class=\"v-a-link\" title=\"Lo mejor de la Gran Canaria Swim Week 2026: de las siluetas que estilizan de Goganaa la tendencia retro de Women'secret\"><br \/>\n<img loading=\"lazy\" class=\"v-a-img\" src=\"http:\/\/hoycordobaweb.com\/wp-content\/uploads\/2026\/09\/vuelve-el-desfile-de-victorias-secret-donde-y-como-sera-2.jpg\" alt=\"Lo mejor de la Gran Canaria Swim Week 2026: de las siluetas que estilizan de Goganaa la tendencia retro de Women'secret\"><br \/>\n<\/a><br \/>\n<\/figure>\n<\/div>\n<\/article>\n<\/div>\n<\/div>\n<\/div>\n<\/div>\n<p class=\"voc-paragraph\">Para empezar, la marca abandona Nueva York, su enclave habitual para la celebraci\u00f3n de este desfile, y <strong>se traslada a Los \u00c1ngeles <\/strong>para presentar su nueva colecci\u00f3n. As\u00ed lo confirmaba Adam Selman, director creativo de la firma, en una entrevista concedida a la revista <em>People<\/em>, asegurando tambi\u00e9n que el show ser\u00e1 \u00abm\u00e1s grande\u00bb que las \u00faltimas ediciones.<\/p>\n<p class=\"voc-paragraph\">Y, \u00bfd\u00f3nde se podr\u00e1 ver este desfile que une m\u00fasica, supermodelos, lencer\u00eda y espect\u00e1culo en directo? Pues parece que Victoria&#8217;s Secret ha entendido que la era digital est\u00e1 m\u00e1s presente que nunca y han cambiado la televisi\u00f3n convencional por un <strong>directo en YouTube<\/strong>.<\/p>\n<div class=\"v-c-cmp \">\n<div class=\"v-cmp-m \">\n<article class=\"v-a v-a--cmp-m v-c-cmp--m-z\">\n<div class=\"v-a-img-c \">\n<div class=\"v-a-fig\">\n<button class=\"v-a-link\" popovertarget=\"photo-943\"><br \/>\n<img loading=\"lazy\" src=\"http:\/\/hoycordobaweb.com\/wp-content\/uploads\/2026\/09\/vuelve-el-desfile-de-victorias-secret-donde-y-como-sera-3.jpg\" class=\"v-a-img\" width=\"748\" height=\"524\" alt data-voc-vtm-id=\"in-text-traffic\"> <\/button><figcaption class=\"v-fc\">\n<span class=\"v-fc__p\"><br \/>\ngtres<br \/>\n<\/span><br \/>\n<\/figcaption><\/div>\n<\/div>\n<div id=\"photo-943\" popover class=\"v-mdl v-mdl--fw\">\n<button class=\"v-x\" popovertarget=\"photo-943\" popovertargetaction=\"hide\"><br \/>\n<span class=\"v-i\"><br \/>\n<svg width=\"24\" height=\"23.996\" viewBox=\"0 0 24 23.996\">\n<path data-name=\"Uni\u00f3n 29\" d=\"M12,14.03,2.031,24,0,21.963,9.968,12,0,2.033,2.031,0,12,9.966,21.969,0,24,2.033,14.032,12,24,21.963,21.969,24Z\" \/>\n<\/svg><br \/>\n<\/span><br \/>\n<\/button><\/p>\n<div class=\"v-mdl__c\">\n<div class=\"v-mdl__w\">\n<img loading=\"lazy\" src=\"http:\/\/hoycordobaweb.com\/wp-content\/uploads\/2026\/09\/vuelve-el-desfile-de-victorias-secret-donde-y-como-sera-3.jpg\" class=\"v-mdl__img-z\" width=\"748\" height=\"524\" alt>\n<\/div>\n<\/div>\n<\/div>\n<p><span class=\"v-bdp\"><\/span><br \/>\n<\/article>\n<\/div>\n<\/div>\n<p class=\"voc-paragraph\">El streaming y las redes sociales son parte esencial del p\u00fablico objetivo de este show, por lo que aquellos que no quieran perderse el nuevo desfile, podr\u00e1n ver lo ocurrido sobre las pasarelas <strong>a las 19.30 horas de la tarde en Estados Unidos<\/strong>, es decir, durante nuestra madrugada en las plataformas digitales.<\/p>\n<p class=\"voc-paragraph\">La espectacular puesta en escena que tanto caracteriza al show sigue generando much\u00edsima expectaci\u00f3n. Y no solo por los dise\u00f1os, sino por quienes los lucir\u00e1n. Nombres como el de<strong> Gigi Hadid, Alex Consani, Paloma Elsesser y Abby Champion <\/strong>han sido las primeras confirmadas por parte de la marca de lencer\u00eda.<\/p>\n<div class=\"v-c-cmp v-c-cmp--s\">\n<div class=\"v-cmp-m \">\n<article class=\"v-a v-a--cmp-m v-c-cmp--m-z\">\n<div class=\"v-a-img-c \">\n<div class=\"v-a-fig\">\n<button class=\"v-a-link\" popovertarget=\"photo-105\"><br \/>\n<img loading=\"lazy\" src=\"http:\/\/hoycordobaweb.com\/wp-content\/uploads\/2026\/09\/vuelve-el-desfile-de-victorias-secret-donde-y-como-sera-4.jpg\" class=\"v-a-img\" width=\"650\" height=\"650\" alt data-voc-vtm-id=\"in-text-traffic\"> <\/button><figcaption class=\"v-fc\">\n<span class=\"v-fc__p\"><br \/>\ngtres<br \/>\n<\/span><br \/>\n<\/figcaption><\/div>\n<\/div>\n<div id=\"photo-105\" popover class=\"v-mdl v-mdl--fw\">\n<button class=\"v-x\" popovertarget=\"photo-105\" popovertargetaction=\"hide\"><br \/>\n<span class=\"v-i\"><br \/>\n<svg width=\"24\" height=\"23.996\" viewBox=\"0 0 24 23.996\">\n<path data-name=\"Uni\u00f3n 29\" d=\"M12,14.03,2.031,24,0,21.963,9.968,12,0,2.033,2.031,0,12,9.966,21.969,0,24,2.033,14.032,12,24,21.963,21.969,24Z\" \/>\n<\/svg><br \/>\n<\/span><br \/>\n<\/button><\/p>\n<div class=\"v-mdl__c\">\n<div class=\"v-mdl__w\">\n<img loading=\"lazy\" src=\"http:\/\/hoycordobaweb.com\/wp-content\/uploads\/2026\/09\/vuelve-el-desfile-de-victorias-secret-donde-y-como-sera-4.jpg\" class=\"v-mdl__img-z\" width=\"650\" height=\"650\" alt>\n<\/div>\n<\/div>\n<\/div>\n<p><span class=\"v-bdp\"><\/span><br \/>\n<\/article>\n<\/div>\n<\/div>\n<p class=\"voc-paragraph\">Pero no solo eso, los<strong> \u00e1ngeles estar\u00e1n acompa\u00f1ados de alguna estrella musical <\/strong>que no solo amenizar\u00e1 el desfile, sino que tambi\u00e9n tendr\u00e1 la oportunidad de lucir alg\u00fan look de la firma como ya hizo Karol G. La cantante colombiana defendi\u00f3 sobre la pasarela moda y m\u00fasica en una actuaci\u00f3n muy aplaudida.<\/p>\n<p class=\"voc-paragraph\">Otra de las novedades que marcar\u00e1 el show de Victoria&#8217;s Secret es la posibilidad para <strong>los fans de asistir como p\u00fablico a la cita<\/strong>. A trav\u00e9s de diferentes concursos y activaciones en redes sociales, los seguidores de los \u00e1ngeles podr\u00e1n conseguir entradas para asistir al desfile en Los \u00c1ngeles.<\/p>\n<div class=\"v-c-cmp v-c-cmp--t1 \">\n<div class=\"v-cmp-rld v-cmp-rld--2 \">\n<div class=\"v-cnt-m v-cnt-m--m\">\n<div class=\"v-cnt-m__c\">\n<div class=\"v-cnt-m__w v-cnt-m__w--1\">\n<p class=\"v-cnt-m__t\">\nTAMBI\u00c9N TE INTERESA\n<\/p>\n<\/div>\n<\/div>\n<\/div>\n<div class=\"v-g v-g--2-c v-g--bdr-min-xs\">\n<div class=\"v-g__c \">\n<article class=\"v-a v-a--cmp-rld v-a--cmp-rld-2 v-a--p-l\">\n<div class=\"v-a-img-c\">\n<figure class=\"v-a-fig\">\n<a href=\"https:\/\/www.mujerhoy.com\/lujo-slow\/simorra-nueva-coleccion-mercedes-benz-fashion-week-mejores-looks-20260320131447-nt.html#vtm_modulosEngag=mod-rel:moda:noticia:1:cmp:2-not\" class=\"v-a-link\" title=\"SIMORRA presenta en MBFWM la colecci\u00f3n que compartir\u00e1n madres e hijas: \u00abNos inspiramos en la pureza del material para conectar con todas las generaciones\u00bb\"><br \/>\n<img loading=\"lazy\" class=\"v-a-img\" src=\"http:\/\/hoycordobaweb.com\/wp-content\/uploads\/2026\/09\/vuelve-el-desfile-de-victorias-secret-donde-y-como-sera-5.jpg\" alt=\"SIMORRA presenta en MBFWM la colecci\u00f3n que compartir\u00e1n madres e hijas: \u00abNos inspiramos en la pureza del material para conectar con todas las generaciones\u00bb\"><br \/>\n<\/a><br \/>\n<\/figure>\n<\/div>\n<\/article>\n<\/div>\n<div class=\"v-g__c \">\n<article class=\"v-a v-a--cmp-rld v-a--cmp-rld-2 v-a--p-l\">\n<div class=\"v-a-img-c\">\n<figure class=\"v-a-fig\">\n<a href=\"https:\/\/www.mujerhoy.com\/moda\/pasarelas\/semana-moda-milan-mejores-desfiles-prada-bella-hadid-max-mara-etro-20260228124433-nt.html#vtm_modulosEngag=mod-rel:moda:noticia:2:cmp:2-not\" class=\"v-a-link\" title=\"Los mejores desfiles de la Semana de la Moda de Mil\u00e1n: de las capas superpuestas de Prada al primer desfile de la nueva era de Giorgio Armani\"><br \/>\n<img loading=\"lazy\" class=\"v-a-img\" src=\"http:\/\/hoycordobaweb.com\/wp-content\/uploads\/2026\/09\/vuelve-el-desfile-de-victorias-secret-donde-y-como-sera-6.jpg\" alt=\"Los mejores desfiles de la Semana de la Moda de Mil\u00e1n: de las capas superpuestas de Prada al primer desfile de la nueva era de Giorgio Armani\"><br \/>\n<\/a><br \/>\n<\/figure>\n<\/div>\n<\/article>\n<\/div>\n<\/div>\n<\/div>\n<\/div>\n<div class=\"media_block\"><\/div>\n","protected":false},"excerpt":{"rendered":"<p>El pr\u00f3ximo domingo 18 de octubre las \u00e1ngeles de Victoria&#8217;s Secret vuelven a desplegar sus alas para dar vida al que es el desfile de moda m\u00e1s medi\u00e1tico. Este es el primero de los detalles desvelados en torno a la que ser\u00e1 la nueva edici\u00f3n de un show en el que no faltan rostros conocidos, [&hellip;]<\/p>\n","protected":false},"author":1,"featured_media":141033,"comment_status":"closed","ping_status":"closed","sticky":false,"template":"","format":"standard","meta":[],"categories":[],"tags":[],"_links":{"self":[{"href":"http:\/\/hoycordobaweb.com\/index.php\/wp-json\/wp\/v2\/posts\/141032"}],"collection":[{"href":"http:\/\/hoycordobaweb.com\/index.php\/wp-json\/wp\/v2\/posts"}],"about":[{"href":"http:\/\/hoycordobaweb.com\/index.php\/wp-json\/wp\/v2\/types\/post"}],"author":[{"embeddable":true,"href":"http:\/\/hoycordobaweb.com\/index.php\/wp-json\/wp\/v2\/users\/1"}],"replies":[{"embeddable":true,"href":"http:\/\/hoycordobaweb.com\/index.php\/wp-json\/wp\/v2\/comments?post=141032"}],"version-history":[{"count":0,"href":"http:\/\/hoycordobaweb.com\/index.php\/wp-json\/wp\/v2\/posts\/141032\/revisions"}],"wp:featuredmedia":[{"embeddable":true,"href":"http:\/\/hoycordobaweb.com\/index.php\/wp-json\/wp\/v2\/media\/141033"}],"wp:attachment":[{"href":"http:\/\/hoycordobaweb.com\/index.php\/wp-json\/wp\/v2\/media?parent=141032"}],"wp:term":[{"taxonomy":"category","embeddable":true,"href":"http:\/\/hoycordobaweb.com\/index.php\/wp-json\/wp\/v2\/categories?post=141032"},{"taxonomy":"post_tag","embeddable":true,"href":"http:\/\/hoycordobaweb.com\/index.php\/wp-json\/wp\/v2\/tags?post=141032"}],"curies":[{"name":"wp","href":"https:\/\/api.w.org\/{rel}","templated":true}]}}