{"id":141028,"date":"2026-09-01T18:00:00","date_gmt":"2026-09-01T18:00:00","guid":{"rendered":"http:\/\/hoycordobaweb.com\/index.php\/2026\/09\/01\/pichetto-no-veo-espiritu-reeleccionista-y-veo-al-pj-ganando-en-primera-vuelta\/"},"modified":"2026-09-01T18:00:00","modified_gmt":"2026-09-01T18:00:00","slug":"pichetto-no-veo-espiritu-reeleccionista-y-veo-al-pj-ganando-en-primera-vuelta","status":"publish","type":"post","link":"http:\/\/hoycordobaweb.com\/index.php\/2026\/09\/01\/pichetto-no-veo-espiritu-reeleccionista-y-veo-al-pj-ganando-en-primera-vuelta\/","title":{"rendered":"Pichetto: \u00abNo veo esp\u00edritu reeleccionista y veo al PJ ganando en primera vuelta\u00bb"},"content":{"rendered":"<div class=\"media_block\"><\/div>\n<div><img src=\"http:\/\/hoycordobaweb.com\/wp-content\/uploads\/2026\/09\/pichetto-no-veo-espiritu-reeleccionista-y-veo-al-pj-ganando-en-primera-vuelta.jpg\" class=\"ff-og-image-inserted\"><\/div>\n<p>A cuatro a\u00f1os del intento de asesinato de<strong> <a target=\"_blank\" href=\"https:\/\/www.google.com\/url?client=internal-element-cse&amp;cx=3978ceed87019a67c&amp;q=https:\/\/www.perfil.com\/noticias\/politica\/a-cuatro-anos-del-atentado-el-peronismo-se-moviliza-a-san-jose-1111-y-maximo-kirchner-hablara-en-el-acto.phtml&amp;sa=U&amp;ved=2ahUKEwjr39PO282WAxViPbkGHSh7F2MQFnoECAcQAg&amp;usg=AOvVaw0KKtVg-7Qk4kAHN8r_InE2\" rel=\"noopener noreferrer\">Cristina Kirchner<\/a><\/strong>, volvi\u00f3 a ponerse en el centro del debate la situaci\u00f3n del peronismo, su eventual unidad y el escenario pol\u00edtico de cara a 2027. En este contexto, <strong>Miguel \u00c1ngel Pichetto <\/strong>analiz\u00f3 en <strong><a target=\"_blank\" href=\"https:\/\/twitter.com\/mfontevecchiaok\" rel=\"noopener noreferrer\">Modo Fontevecchia<\/a>, por <a target=\"_blank\" href=\"https:\/\/www.perfil.com\/noticias\/actualidad\/mira-en-vivo-perfil-un-canal-con-gente-que-piensa.phtml\" rel=\"noopener noreferrer\">+Perfil<\/a> <\/strong>y<strong> <a target=\"_blank\" href=\"https:\/\/radio.perfil.com\/en-vivo\/radio\" rel=\"noopener noreferrer\">Radio Perfil<\/a> (AM 1190), <\/strong>el presente del Gobierno de <a target=\"_blank\" href=\"https:\/\/www.perfil.com\/noticias\/breaking-news\/milei-sobre-los-dichos-de-trump-y-las-malvinas-ayer-paso-algo-muy-fuerte-respecto-a-la-causa-mas-importante-y-sagrada-de-los-argentinos.phtml\" rel=\"noopener noreferrer\"><strong>Javier Milei<\/strong><\/a>, el impacto del deterioro econ\u00f3mico y las posibilidades de una reconfiguraci\u00f3n del mapa electoral.<\/p>\n<p>Pichetto sostuvo que la oposici\u00f3n tiene una oportunidad si logra construir una propuesta com\u00fan y consider\u00f3 que la unidad del peronismo ser\u00e1 determinante para competir en las pr\u00f3ximas elecciones. A partir de su experiencia junto a distintos presidentes y de su lectura del comportamiento electoral argentino, plante\u00f3 adem\u00e1s una hip\u00f3tesis contundente: <strong>\u201cNo veo esp\u00edritu reeleccionista\u201d<\/strong> en la sociedad y consider\u00f3 que el peronismo podr\u00eda llegar a imponerse en primera vuelta.<\/p>\n<p><em>Miguel \u00c1ngel Pichetto es un abogado pol\u00edtico de extensa trayectoria que actualmente se desempe\u00f1a como diputado nacional y presidente del bloque Encuentro Federal. Fue senador de la Naci\u00f3n Argentina por la provincia de R\u00edo Negro desde 2001 hasta 2019 por el Partido Justicialista. Fue jefe de la bancada peronista en el Senado durante 17 a\u00f1os.<\/em><\/p>\n<div class=\"subscription\" readability=\"6.683257918552\">\n<p> Esto no les gusta a los autoritarios <\/p>\n<div class=\"subscription__container\" readability=\"6.1467391304348\">\n<div class=\"subscription__text-wrapper\" readability=\"31.20652173913\">\n<p> El ejercicio del periodismo profesional y cr\u00edtico es un pilar fundamental de la democracia. Por eso molesta a quienes creen ser los due\u00f1os de la verdad. <\/p>\n<\/p><\/div><\/div><\/div>\n<p><strong>\u2014Miguel \u00c1ngel, no podr\u00eda haber mejor d\u00eda para juntarnos aqu\u00ed. Se cumplen cuatro a\u00f1os del atentado de asesinato a Cristina Kirchner. De hecho, hace un ratito Kicillof coloc\u00f3 un tuit sobre ese tema. Mi pregunta es si aquel hecho, que parece realmente incre\u00edble \u2014que se intente asesinar a un presidente en la puerta de su casa, en ese caso un vicepresidente y expresidente en ese momento; la bala no salga; adem\u00e1s, los que lo llevaron adelante eran gente verdaderamente marginal\u2014, \u00bfese hecho, de alguna manera (no lo vimos en aquel momento, en 2021) marc\u00f3 un s\u00edntoma de la descomposici\u00f3n de la Argentina que luego dar\u00eda origen a Milei presidente?<\/strong><\/p>\n<p>\u2014Bueno, yo creo que el origen de <strong>Milei presidente tiene tambi\u00e9n otros elementos<\/strong> para analizar, Jorge. Creo que en la <strong>cuarentena <\/strong>y todo el proceso vivido, el encierro, ah\u00ed hay algo m\u00e1s tambi\u00e9n, mucho m\u00e1s profundo, que todav\u00eda hoy la sociedad niega a abordarlo como debate. El tema vacunas, el porqu\u00e9 de algunas vacunas s\u00ed y otras no, que todav\u00eda no est\u00e1 clarificado. Ayer lo vi al doctor Novak en una entrevista que hizo otro periodista muy importante, tratando de construir un mensaje de lo que pas\u00f3, de por qu\u00e9 no pudimos acceder a la vacuna Pfizer inmediatamente. Pero bueno, esto todav\u00eda est\u00e1 hoy en interrogantes. Creo que el atentado marca un <strong>punto tremendo de la historia argentina<\/strong>. Un hecho incluso <strong>subestimado<\/strong>, Jorge, por algunos cronistas y comentaristas que lo devaluaban, como que cre\u00edan que era parte de una maniobra. El hecho burdo en s\u00ed mismo, como vos dec\u00eds, realizado y llevado adelante por marginales, nunca se pudo probar hasta el d\u00eda de la fecha en el proceso judicial, ni tampoco alg\u00fan componente intelectual. Yo tambi\u00e9n veo y analizo algunos eventos previos a este atentado que tienen que ver con la agresi\u00f3n que sufri\u00f3 la vicepresidenta en sus propias oficinas, en una marcha que se realiz\u00f3 frente a la Plaza del Congreso y en donde columnas que ven\u00edan de sectores que incluso eran ciertamente afines al gobierno hubo una <strong>pedrea impresionante que iba dirigida a su oficina<\/strong>, la que fue marcada previamente con pintura. Ese hecho nunca se investig\u00f3 por parte del propio gobierno de <strong>Alberto Fern\u00e1ndez <\/strong>para identificar los responsables y los autores intelectuales. En ese momento hab\u00eda tensiones, Jorge, entre la vicepresidenta y el presidente. Lo que digo es que hab\u00eda algunos avisos. Hab\u00eda algunos avisos, algunos hechos que fueron jalonando este evento, que adem\u00e1s, desde el punto de vista ins\u00f3lito, \u00bfqu\u00e9 estaban haciendo estos muchachos vendiendo copitos en una calle de Buenos Aires a la tarde? Y vos dec\u00eds: bueno, estaban en una plaza donde hab\u00eda chicos. Bueno, todo esto es absurdo, pero hay algunos elementos que todav\u00eda no se han podido dilucidar en el proceso judicial. Aparecen las responsabilidades de estos autores, de los que ejecutaron la acci\u00f3n, del que apret\u00f3 el gatillo y que lamentablemente estuvo al frente de la presidenta para poder matarla. Tambi\u00e9n ah\u00ed hay una <strong>fragilidad del sistema de seguridad<\/strong>. Bueno, se cumplen cuatro a\u00f1os y se cumpli\u00f3 m\u00e1s de un a\u00f1o ya de la detenci\u00f3n que tiene&#8230;<\/p>\n<p><strong>\u2014Dejame, antes de ir al tema de la detenci\u00f3n, el presente y el futuro del peronismo. Vos fijate que ese grupo tambi\u00e9n hab\u00eda llevado guillotinas a la Plaza de Mayo, escrachaba a pol\u00edticos cuando caminaban por la calle. Obviamente, la pandemia contribuy\u00f3 a la construcci\u00f3n de eso. Pero probablemente el atentado a Cristina es, como para decirlo de alguna manera, el hecho m\u00e1s&#8230;<\/strong><\/p>\n<p>\u2014Dir\u00eda que hab\u00eda <strong>actos preparatorios<\/strong> ah\u00ed. De estos personajes que aparec\u00edan en la vida p\u00fablica y que irrump\u00edan pr\u00e1cticamente en una postura de ruptura con el sistema pol\u00edtico. Hab\u00eda como una preparaci\u00f3n hacia ese evento que era <strong>la muerte de Cristina Fern\u00e1ndez. <\/strong>Que se salv\u00f3 milagrosamente, realmente.<\/p>\n<p><strong>\u2014Y vamos ahora al presente. Kicillof hoy env\u00eda un tweet haciendo referencia a \u00abCristina libre\u00bb, cumpli\u00e9ndose estos cuatro a\u00f1os. Dice: \u201cEs realmente grave que a cuatro a\u00f1os del intento de asesinato a Cristina Kirchner la investigaci\u00f3n no haya arrojado ning\u00fan resultado sobre los autores intelectuales. Hoy Cristina contin\u00faa injustamente detenida y el intento de asesinato que sufri\u00f3 sigue impune. Son dos caras de la misma moneda. Un plan para disciplinar al campo popular y amedrentar a todos los que quieran representar a nuestro pueblo. Seguimos exigiendo que se haga justicia\u201d. Las palabras \u201cCristina libre\u201d era lo que le reclamaba siempre el sector m\u00e1s cercano al kirchnerismo al gobernador bonaerense, que \u00e9l se negaba, tratando de marcar distancia, a pronunciarla. Ahora la pronuncia. \u00bfQu\u00e9 significa esto? Vos, que sos uno de los, podr\u00edamos decir, mentores desde el principio de la necesidad de unir a todo el peronismo. \u00bfQu\u00e9 significa esta actitud de Kicillof, que parece distinta a lo que fue en el pasado, tratando de tomar distancia de ese \u201cCristina libre\u201d?<\/strong><\/p>\n<p>\u2014A m\u00ed me parece, primero, una actitud de solidaridad. El gobernador define estos dos temas, el atentado y la detenci\u00f3n, cumpliendo prisi\u00f3n domiciliaria, como un acto de solidaridad. Dos hechos que tienen cierta coherencia en t\u00e9rminos de&#8230; Porque a m\u00ed lo que me parece m\u00e1s grave, y lo he conversado contigo y tambi\u00e9n con otros colegas periodistas tuyos, es el tema de la <strong>inhabilitaci\u00f3n perpetua<\/strong>, que es una pena que <strong>no es propia del siglo XXI. <\/strong>Hay hechos que est\u00e1n ocurriendo en el mundo, lo que pas\u00f3 con Marine Le Pen. Hay que empezar a construir el pensamiento de lo electoral en la Argentina, no mirando solamente la persona que est\u00e1 condenada o inhabilitada, sino tambi\u00e9n el derecho de una parte de la sociedad a votarla y a elegirla. Esto me parece que es una nueva perspectiva que incorpora el fallo Le Pen en Francia, a trav\u00e9s de la revisi\u00f3n que hace la C\u00e1mara de Apelaciones. Dice: bueno, vamos a permitirle la reducci\u00f3n de la condena de inhabilitaci\u00f3n para que pueda ser candidata. Y hoy ten\u00e9s un escenario, un escenario en Francia de cara a la elecci\u00f3n del a\u00f1o que viene, con, por un lado, la izquierda con M\u00e9lenchon, la izquierda insumisa de M\u00e9lenchon, que es una construcci\u00f3n que viene consolid\u00e1ndose en el tiempo, y el Frente Nacional, que es, digamos, un centro de derecha que Le Pen tambi\u00e9n ha ido atenuando. Pero \u00bfqu\u00e9 dijo la Justicia? Bueno, el derecho a participar y el derecho de la sociedad a votar. Esto me parece que es un elemento que hay que incorporar en la Justicia, en este debate y en esta discusi\u00f3n.<\/p>\n<p class=\"destacadoNota\"><a target=\"_blank\" href=\"https:\/\/www.perfil.com\/noticias\/politica\/a-cuatro-anos-del-atentado-a-cristina-kirchner-kicillof-denuncio-que-el-ataque-sigue-impune.phtml\" rel=\"noopener noreferrer\">A cuatro a\u00f1os del atentado a Cristina Kirchner, Kicillof denunci\u00f3 que el ataque \u00absigue impune\u00bb<\/a><\/p>\n<p><strong>\u2014Ahora, Miguel, vos que fuiste, nuevamente insisto, desde el comienzo, abogaste por ese proceso de uni\u00f3n. \u00bfC\u00f3mo ves el proceso de uni\u00f3n? \u00bfQu\u00e9 significa esto de Kicillof? \u00bfCre\u00e9s que es otra se\u00f1al m\u00e1s en que el peronismo se encamina a un proceso de uni\u00f3n que se va a resolver a trav\u00e9s de qu\u00e9 forma esa candidatura?<\/strong><\/p>\n<p>\u2014Bueno, un camino empieza con un paso. Y creo que <strong>ya hubo un primer paso <\/strong>en una reuni\u00f3n previa que se hizo por parte del gobernador de la provincia de Buenos Aires. Tambi\u00e9n estuvo M\u00e1ximo,<strong> Sergio Massa <\/strong>y otros dirigentes gobernadores. Y este hecho me parece muy significativo porque plantea tambi\u00e9n ah\u00ed, repito, un concepto y una idea que uno tiene que tener en el marco de la solidaridad pol\u00edtica. Frente a la adversidad, frente a una persona que est\u00e1 condenada, frente a alguien que fue <strong>dos veces presidente, una vez vicepresidente, senadora, diputada<\/strong>, presidenta del partido (cuando fue condenada era presidenta del partido). Me parece que esto es un <strong>gesto realmente muy positivo<\/strong> por parte del gobernador de la provincia, camino a la consolidaci\u00f3n de un proyecto de unidad que tiene que servir para <strong>derrotar a este Gobierno<\/strong>, que es un Gobierno que destruye todos los d\u00edas. Hoy nos despertamos con los nuevos aumentos. Y no hay aumentos salariales como correlato al aumento del colectivo, del gas, de la luz, de todo lo que son los servicios p\u00fablicos, la p\u00e9rdida del poder adquisitivo, el cierre de empresas, la p\u00e9rdida de empleo. Bueno, hay un problema de devastaci\u00f3n de la pol\u00edtica econ\u00f3mica.<\/p>\n<p><strong>\u2014\u00bfEso significa que las posibilidades de ser reelecto de Milei son, podr\u00edamos decir, inversamente proporcionales a estos aumentos?<\/strong><\/p>\n<p>\u2014Siempre hay que recordar la frase de Per\u00f3n que dec\u00eda que<strong> la v\u00edscera m\u00e1s sensible es<\/strong> <strong>el bolsillo<\/strong>, el proceso econ\u00f3mico. Hay un deterioro muy profundo que est\u00e1 viviendo la sociedad argentina. Y <strong>nadie vota a alguien que le ha destruido el salario<\/strong>, le ha destruido el nivel de vida, el poder adquisitivo, la p\u00e9rdida a lo mejor de los sectores medios que mandaban los chicos a una escuela y tuvieron que sacarlos y mandarlos a otra escuela p\u00fablica. Hay un mont\u00f3n de procesos emocionales que est\u00e1n ocurriendo, que se est\u00e1n desarrollando en la sociedad y que van a gravitar en el momento que haya que votar.<\/p>\n<p><strong>\u2014Ahora est\u00e1 la discusi\u00f3n que vos escuch\u00e1s repetidamente, de que el peronismo gana en primera vuelta, pierde. \u00bfPodr\u00edamos decir que est\u00e1 creciendo un antimile\u00edsmo que haga que quiz\u00e1s este vaticinio de que el peronismo siempre en un balotaje pierde porque el antiperonismo es mayor que el peronismo, que en este caso no sea necesariamente as\u00ed?<\/strong><\/p>\n<p>\u2014Bueno, yo tengo algunas percepciones, tal vez quiz\u00e1s con mi voluntad. La voluntariedad de verlas, \u00bfno? Veo tambi\u00e9n que el <strong>sector empresario<\/strong>, sectores m\u00e1s importantes de la industria, de la industria nacional en la Argentina, empiezan a ver con <strong>mucha preocupaci\u00f3n la marcha del gobierno.<\/strong> Estuve el otro d\u00eda y particip\u00e9 de un evento que se hizo en el MALBA, que se organiza anualmente por parte de <em>Clar\u00edn <\/em>y <em>La Naci\u00f3n<\/em>, que es un debate abierto. Particip\u00e9 con una mesa de senadores y diputados, despu\u00e9s tambi\u00e9n hubo intendentes, gobernadores. Esto es un hecho que sirve tambi\u00e9n para reflexionar a la Argentina y tal vez algunas de mis expresiones hace un a\u00f1o atr\u00e1s hubieran tenido alg\u00fan s\u00edntoma de rechazo y, sin embargo, ese d\u00eda, que hace menos de 10 d\u00edas fue ese evento, por lo menos creo que fueron escuchadas con cierta preocupaci\u00f3n, respeto y les dije: bueno, ac\u00e1 no es solamente la <strong>PyME <\/strong>que est\u00e1 en ca\u00edda libre rumbo al abismo, a la p\u00e9rdida del empleo y al cierre de empresas. Ac\u00e1 est\u00e1 pasando algo tambi\u00e9n con las grandes empresas argentinas. El grupo de <strong>AEA<\/strong>, las grandes industrias. El Gobierno abri\u00f3 la importaci\u00f3n de ca\u00f1os de aluminio, impact\u00f3 sobre Aluar, que fabrica aluminio en la Argentina y que genera empleo en la Argentina y en Puerto Madryn, en la Patagonia. <strong>Techint<\/strong>, la gran empresa argentina sider\u00fargica que fabrica ca\u00f1os y que ha sido el art\u00edfice fuertemente del \u00faltimo gasoducto, N\u00e9stor Kirchner, que se hizo como un hecho importante en el gobierno anterior, impulsado por el ministro de Econom\u00eda en ese momento, Sergio Massa, y tambi\u00e9n el presidente Fern\u00e1ndez,<strong> ha perdido tres licitaciones consecutivas<\/strong> y el empresariado argentino se lo tiene que fumar a m\u00e1s no poder, lo digo esto casi r\u00fasticamente. \u00bfQu\u00e9 significa fumarlo? Entr\u00f3 en el mercado argentino nacional un empresario que viene de <strong>Miami <\/strong>y no sabemos cu\u00e1l es el <em>expertise<\/em>, los antecedentes en la Argentina para ser adjudicatario de una obra de construcci\u00f3n de un oleoducto que va de<strong> Vaca Muerta <\/strong>a Sierra Grande para transportar combustible. Y tambi\u00e9n hay otra construcci\u00f3n que se ha hecho, para m\u00ed, falsa, con el argumento de que son empresas privadas, pero cuando vos analiz\u00e1s la principal empresa que est\u00e1 a la cabeza del consorcio de empresas privadas petroleras es <strong>YPF<\/strong>, con 51% del patrimonio estatal. El se\u00f1or Presidente, que trabajaba para Techint, no hay nada peor que en la vida que la ingratitud. Porque adem\u00e1s tuvo algunos comentarios despectivos respecto a su jefe. Toda su vida transit\u00f3 por Techint. Bueno, la licitaci\u00f3n que se hizo respecto a la fabricaci\u00f3n de ca\u00f1os la gan\u00f3 una empresa india, dicen. Mentira. La empresa es <strong>china e india<\/strong>. Pero \u00bfpor qu\u00e9 no pod\u00edan adjudicarle a la china? Porque l\u00f3gicamente hay tensiones geopol\u00edticas con Estados Unidos. Entonces, la disfrazan con que China hace el laminado y la terminaci\u00f3n se hace en India. Una buena construcci\u00f3n, pero en realidad, detr\u00e1s de este tipo de operaciones siempre est\u00e1n los chinos. Entonces, bueno, \u00bfqu\u00e9 quiero decirte con esto? Que <strong>el impacto ya es generalizado<\/strong>.<\/p>\n<p><strong>\u2014O sea, vos lo que sentiste es que en ese \u00e1mbito, y mencionaste espec\u00edficamente que la alienaci\u00f3n, un a\u00f1o atr\u00e1s no hubieran sido escuchadas las cr\u00edticas al gobierno con la misma actitud que fueron escuchadas hoy.<\/strong><\/p>\n<p>\u2014O tal vez me hubieran descalificado, seguramente. Lo que sostuve es que hay un proceso de <strong>destrucci\u00f3n de la industria nacional<\/strong>, de que ingresa China de manera desaforada, destruye todo, no queda nada. Y el otro d\u00eda tambi\u00e9n hay un art\u00edculo muy interesante, un reportaje muy interesante que se hace a un especialista en China, estudioso de China, que dice que el mundo tiene que analizar el proceso econ\u00f3mico de expansi\u00f3n del capitalismo chino porque se lleva puesto todo. Y Europa est\u00e1 tratando de accionar con aranceles, Estados Unidos ha fijado tambi\u00e9n criterios restrictivos en el ingreso y ac\u00e1 entra todo, entra por plataformas. El crecimiento desbordante de la venta de plataformas ya en <strong>Temu <\/strong>ha sido impresionante. Despu\u00e9s entra por contrabando&#8230;<\/p>\n<p><strong>\u2014\u00bfVos sent\u00eds que el c\u00edrculo rojo est\u00e1 empezando a sentir que este plan econ\u00f3mico que cre\u00eda que le conven\u00eda ya no le conviene m\u00e1s?<\/strong><\/p>\n<p>\u2014Yo creo que empiezan a impactarlos y a afectarlos con medidas que en realidad no tienen ninguna visi\u00f3n de lo nacional, del inter\u00e9s de tratar de defender a las empresas que generan empleo, porque detr\u00e1s de esa empresa est\u00e1 el empleo argentino. Cuando vos contrat\u00e1s a una empresa china, est\u00e1s <strong>sustituyendo trabajo argentino<\/strong>. Y est\u00e1s obligando tambi\u00e9n al empresario a buscar otros horizontes. Techint ya se instal\u00f3 y se consolid\u00f3 en Brasil tambi\u00e9n.<\/p>\n<p><strong>\u2014Miguel \u00c1ngel, \u00bfc\u00f3mo imagin\u00e1s el escenario electoral de 2027 y qu\u00e9 papel imagin\u00e1s que va a tener el peronismo? \u00bfTe imagin\u00e1s que va a haber una tercera fuerza, alg\u00fan <em>outsider <\/em>o la construcci\u00f3n de una tercera v\u00eda?<\/strong><\/p>\n<p>\u2014Yo tengo una visi\u00f3n sobre la base de la experiencia, Jorge. A ver, yo he sido cr\u00edtico respecto a la \u00faltima gesti\u00f3n de Alberto Fern\u00e1ndez y la construcci\u00f3n del modelo de lo que fue el kirchnerismo, el modelo planero, el pobrismo, y no particip\u00e9 del gobierno. Como no particip\u00e9 de los procesos que se han judicializado tampoco. Y adem\u00e1s, cuando se define la candidatura tambi\u00e9n de Fern\u00e1ndez, yo tomo una decisi\u00f3n de ir a la construcci\u00f3n de un espacio m\u00e1s del centro y hago un acuerdo con el presidente <strong>Macri<\/strong>. Nunca dej\u00e9 de pensar la vida pol\u00edtica econ\u00f3mica como peronista. Y Macri lo sab\u00eda. Supo desde el primer d\u00eda. Pero bueno, ese proceso lamentablemente no result\u00f3, aun cuando tuvo una adhesi\u00f3n muy fuerte del electorado, <strong>41% de los votos<\/strong>. Pero el fracaso, digamos, de la \u00faltima gesti\u00f3n obliga tambi\u00e9n a construir una propuesta de cara a la sociedad que tenga un <strong>contenido capitalista, productivista<\/strong>, que aliente a la industria nacional, que genere tambi\u00e9n un marco muy importante. Mir\u00e1, te voy a contar algo, es una infidencia. Es una infidencia porque recientemente <strong>estuve en una charla y tomando un t\u00e9<\/strong> en la casa ah\u00ed en San Jos\u00e9 1111 con la expresidenta <strong>Cristina Fern\u00e1ndez de Kirchner<\/strong>. En una visita que l\u00f3gicamente fue autorizada por la Justicia.<\/p>\n<p><strong>\u2014Planificada con anticipaci\u00f3n.<\/strong><\/p>\n<p>\u2014Exactamente. Y ella me dijo algo muy importante, que merece ser rescatado y reproducido ac\u00e1. <strong>La Argentina es inviable en la medida que exista esta controversia<\/strong> de dos sectores que se dividen casi por el&#8230; que rememora la vieja historia de unitarios y federales, de peronistas, antiperonistas. El 50% de un lado, del otro. <strong>No hay destino para el pa\u00eds, me dijo.<\/strong> En este proceso tambi\u00e9n de reflexi\u00f3n que ella est\u00e1 teniendo en la soledad, en la prisi\u00f3n, aun cuando sea domiciliaria. No hay camino para la Argentina que no sea a trav\u00e9s de la <strong>reconstrucci\u00f3n de la idea central de la unidad nacional<\/strong>. Lo cual me parece un dato muy valioso, muy importante. Ese pensamiento estrat\u00e9gico de la uni\u00f3n nacional.<\/p>\n<p><strong>\u2014\u00bfHubiera pensado eso hace 10 a\u00f1os ella?<\/strong><\/p>\n<p>\u2014Bueno, a ver, los procesos de los hombres y tambi\u00e9n la pol\u00edtica implican tambi\u00e9n una evoluci\u00f3n, analizar sobre los errores, pero&#8230; Me parece que en esto est\u00e1 teniendo una mirada muy certera, porque esta antinomia, este <strong>esquema de odio que emana desde el Gobierno<\/strong>, desde el presidente, el odio a determinados sectores, el aliento a estudiantes para que insulten y agravien a periodistas, a opositores. Una cosa tremenda. <strong>No lo hemos vivido con anterioridad.<\/strong> No, no en la manera tan extrema que se ha desarrollado ahora.<\/p>\n<p><strong>\u2014Y de esa reuni\u00f3n, de esa infidencia&#8230; \u00bfQu\u00e9 conclusi\u00f3n sac\u00e1s en funci\u00f3n de tu experiencia y de estar con ella, que va a terminar siendo la resoluci\u00f3n de la interna de la f\u00f3rmula peronista el a\u00f1o pr\u00f3ximo?<\/strong><\/p>\n<p>\u2014No, la veo muy ubicada en la realidad,<strong> la veo pensando la Argentina<\/strong>, la veo analizando tambi\u00e9n el proceso econ\u00f3mico, el drama del esquema bimonetario, la veo dedicada a la lectura, la veo muy bien, muy bien desde el punto de vista tambi\u00e9n del desarrollo de su propia experiencia, de haber sido dos veces presidenta de la Argentina, de haber estado en un segundo plano como una figura de la Constituci\u00f3n como vicepresidenta, pero la veo muy bien.<\/p>\n<p><strong>\u2014\u00bfEso implica que imagin\u00e1s que hay posibilidades altas de que el peronismo vaya unido?<\/strong><\/p>\n<p>\u2014Es que <strong>la unidad es el valor central para poder ganar la elecci\u00f3n<\/strong>. Yo creo que va a haber un escenario de primera vuelta. <strong>Yo no veo esp\u00edritu reeleccionista en la sociedad argentina.<\/strong> Yo he vivido otras experiencias, estuve al lado de <strong>Menem<\/strong>, estuve al lado de N\u00e9stor Kirchner, he transitado la vida pol\u00edtica contempor\u00e1nea desde el 83 en adelante y estuve muy cerca de todos los presidentes, aun de los presidentes del radicalismo. Por estar en la C\u00e1mara, por estar&#8230; Y siempre lo que uno ha podido percibir, y esto seguramente le pudo haber pasado a los ciudadanos, cuando hab\u00eda ambiente para una reelecci\u00f3n. En el 93, 94, despu\u00e9s del triunfo de medio tiempo de Carlos Menem, hab\u00eda una voluntad de la reelecci\u00f3n. Y tal es as\u00ed que el peronismo&#8230; Y el propio Ra\u00fal Alfons\u00edn lo entiende y lo comprende y acompa\u00f1a un proceso de reforma de la Constituci\u00f3n. Y eso estaba porque hab\u00eda un nivel de estabilidad, porque hab\u00eda un cierto crecimiento, un buen nivel de vida, buenos salarios. Hab\u00eda problemas, claro que hab\u00eda problemas, siempre hay problemas. Y hab\u00eda algunas situaciones tambi\u00e9n, o algunos hechos que hab\u00edan sido de fuerte cuestionamiento en el terreno de la corrupci\u00f3n, que todo gobierno tiene factores o elementos de corrupci\u00f3n. Tambi\u00e9n lo tuvo Alfons\u00edn. Pero la sociedad estaba acompa\u00f1ando un proceso que iba camino a la reelecci\u00f3n del presidente y, en el caso de N\u00e9stor Kirchner, lo mismo. Despu\u00e9s que termina el primer per\u00edodo, la continuidad podr\u00eda haber sido el propio N\u00e9stor Kirchner o, eventualmente, la continuidad a trav\u00e9s de Cristina Fern\u00e1ndez de Kirchner, que era un activo pol\u00edtico en ese momento muy importante.<\/p>\n<p class=\"destacadoNota\"><a target=\"_blank\" href=\"https:\/\/www.perfil.com\/noticias\/politica\/los-dolares-de-los-hermanos-milei-cuanto-declaro-javier-y-como-evoluciono-el-patrimonio-de-karina.phtml\" rel=\"noopener noreferrer\">Los d\u00f3lares de los hermanos Milei: cu\u00e1nto declar\u00f3 Javier y c\u00f3mo evolucion\u00f3 el patrimonio de Karina<\/a><\/p>\n<p><strong>\u2014\u00bfY vos no ves ese esp\u00edritu?<\/strong><\/p>\n<p>\u2014Yo no lo veo eso ahora.<\/p>\n<p><strong>\u2014\u00bfTampoco lo ve\u00edas con Macri?<\/strong><\/p>\n<p>\u2014No, con Macri hubo ah\u00ed un momento en que podr\u00eda haber sido&#8230; Yo personalmente creo que Macri, el equipo de Macri subestima lo que significa la primaria. Por eso Milei quiere eliminar la primaria. <strong>La subestimaci\u00f3n de la primaria fue un grave error del equipo que rodeaba a Macri, de Marcos Pe\u00f1a.<\/strong> La dej\u00f3 venir, no hubo un trabajo preparatorio, no se aprovech\u00f3 la estructura del poder pol\u00edtico que el gobierno ten\u00eda, que gobernaba adem\u00e1s provincias importantes como la provincia de Buenos Aires, en donde ni siquiera hubo a veces control de los comicios en las grandes zonas del conurbano. Bueno, se pens\u00f3 que la gente iba a ir a votar, como se ven\u00eda del triunfo de medio tiempo. Hubo un planteo casi&#8230; Yo te digo, convers\u00e9 en su momento con<strong> Dur\u00e1n Barba<\/strong>, me dijo la noche antes o el d\u00eda antes, me dijo: no, estamos con un diferencial de dos puntos a favor. Le digo: mir\u00e1, no la veo as\u00ed. Yo ven\u00eda de recorrer la Argentina. Le digo: no tengo esa sensaci\u00f3n, pero bueno, veremos qu\u00e9 ocurre. \u00bfQu\u00e9 ocurre? La primaria es un instrumento. Es un instrumento dise\u00f1ado por el peronismo y por N\u00e9stor Kirchner despu\u00e9s del a\u00f1o 2009, cuando pierde las elecciones de medio tiempo en la provincia de Buenos Aires, que sirve para marcar la cancha. Es un <strong>instrumento de poder pol\u00edtico<\/strong>, fundamentalmente en manos del gobierno, en donde si gan\u00e1s la primaria ya se\u00f1al\u00e1s el camino hacia octubre. Hay un tiempo si perd\u00e9s la primaria&#8230; Y <strong>si perd\u00e9s la primaria se te va volando el d\u00f3lar. Eso es lo que le tiene miedo Milei.<\/strong><\/p>\n<p><strong>\u2014Vos dec\u00eds: mir\u00e1, la calidad de vida de los ciudadanos cada vez es peor, por lo que las posibilidades de que este Gobierno sea reelecto, dijiste textualmente, \u00abno veo esp\u00edritu reeleccionista\u00bb. Entonces la pregunta es, en esos pasos, de haberlos, que todo parece indicar que es m\u00e1s probable ese escenario que el contrario, el a\u00f1o pr\u00f3ximo, en agosto, \u00bfte imagin\u00e1s el oficialismo por un lado, el peronismo por el otro, y te imagin\u00e1s un tercer jugador? \u00bfEl PRO, como fue en las \u00faltimas dos elecciones presidenciales anteriores, o, por el contrario, una polarizaci\u00f3n entre estos dos y dos, podr\u00edamos decir, dos fuerzas m\u00e1s testimoniales, que podr\u00eda ser el trotskismo por un lado y una derecha nacionalista con la vicepresidenta por el otro?<\/strong><\/p>\n<p>\u2014Bueno, el trotskismo va a tener tres, cuatro, cinco puntos. Nunca hay que mirar la imagen con la intenci\u00f3n de voto. Pero bueno, <strong>cinco puntos el trotskismo, cinco puntos el nacionalismo con Victoria Villarruel<\/strong>.<\/p>\n<p><strong>\u2014S\u00ed, bueno, ese es un problema para Milei. Y tambi\u00e9n para el peronismo, \u00bfno? Porque ese 5%, no tanto.<\/strong><\/p>\n<p>\u2014Eso abrev\u00f3 en la propuesta de Milei. Villarruel fue un actor importante en la sumatoria de sectores nacionalistas, cat\u00f3licos, de ra\u00edz militar. Ese electorado es un electorado duro, que est\u00e1 en el escenario, que se remonta incluso a alguna construcci\u00f3n intelectual del propio <strong>Seineld\u00edn<\/strong>, cuando fue juzgado por levantamiento militar. Bueno, <strong>Rico<\/strong>. Rico anteriormente tambi\u00e9n, que aparece en el escenario de la provincia. Pero digamos, hay ah\u00ed un electorado que&#8230;<\/p>\n<p><strong>\u2014Otro 4 o 5%, pero de dos lados. <\/strong><\/p>\n<p>\u2014Tal vez pueda llegar a 7 tambi\u00e9n. Hay algunos n\u00fameros que est\u00e1n dando vuelta. <strong>Pero eso se lo quita todo a Milei.<\/strong><\/p>\n<p><strong>\u2014\u00bfC\u00f3mo imagin\u00e1s una primera vuelta?<\/strong><\/p>\n<p>\u2014Porque eso es mala praxis de La Libertad Avanza. Imaginate esto: vos ten\u00e9s entre el trotskismo, por un lado, y el nacionalismo, por el otro, de derecha, 15%. Te queda <strong>85% que se divide entre peronismo y antiperonismo<\/strong>. Modelo colombiano.<strong> <\/strong><\/p>\n<p><strong>\u2014\u00bfVos imagin\u00e1s no, cuatro, ocho, diez candidatos?<\/strong><\/p>\n<p>\u2014No, no. En Colombia no hubo eso.<\/p>\n<p><strong>\u2014Ah, perd\u00f3n, eso fue en Per\u00fa, ten\u00e9s raz\u00f3n. <\/strong><\/p>\n<p>\u2014En Per\u00fa fue eso. El modelo colombiano, f\u00edjate que tiene una caracter\u00edstica de&#8230;<\/p>\n<p><strong>\u2014Pero all\u00ed en la derecha hubo dos derechas, \u00bfno? O sea, vos est\u00e1s imaginando el PRO separado.<\/strong><\/p>\n<p>\u2014Hubo dos derechas, pero la derecha uribista&#8230;<\/p>\n<p><strong>\u2014Que ser\u00eda el PRO, para ponerlo de alguna forma.<\/strong><\/p>\n<p>\u2014Claro, exactamente, que adem\u00e1s hab\u00eda gobernado Colombia. Ten\u00eda un candidato que era el <strong>sobrino de Uribe, que lo asesinan<\/strong> en una calle de Bogot\u00e1. Todav\u00eda en Colombia existe el crimen pol\u00edtico de una manera atroz, y un hombre joven como era Uribe, que era senador y que representaba indudablemente la alternativa electoral frente a <strong>Petro y Cepeda<\/strong>, es asesinado seis meses antes. Y ah\u00ed emerge <strong>De la Espriella<\/strong>. La mujer que sustituye a Uribe, al sobrino del presidente \u00c1lvaro Uribe, saca cinco puntos. Aparece la extrema derecha, aparece este sujeto que tambi\u00e9n invoca a Dios, esta visi\u00f3n m\u00edstica. \u201cGracias a Dios que el terremoto ocurri\u00f3 cuando yo asum\u00ed\u201d, dijo De la Espriella. Invoca a Dios todos los d\u00edas, qu\u00e9 s\u00e9 yo. \u00bfQu\u00e9 tendr\u00e1 que ver Dios con las cuestiones del Estado? Pero bueno, eso es un viejo debate que deviene de la Revoluci\u00f3n Francesa.<\/p>\n<p><strong>\u2014Entonces ponele, 15% entre el nacionalismo y el trotskismo.<\/strong><\/p>\n<p>\u2014S\u00ed, el resto es polarizado.<\/p>\n<p><strong>\u2014Entonces no hay resultado en primera vuelta, porque ninguno tendr\u00eda 10 puntos de diferencia sobre el segundo. O alguno que logre el 45.<\/strong><\/p>\n<p>\u2014Puede haberlo, puede haberlo. El planteo ser\u00eda que alguien logre el 45. Fijate que, m\u00e1s a\u00fan en el deterioro profundo de la econom\u00eda con la inflaci\u00f3n, estuvo a <strong>1,7 de la primera vuelta<\/strong>. Puede haberlo. Ac\u00e1 hay realmente sectores silenciosos que est\u00e1n sufriendo el ajuste de manera vigorosa, que han perdido el empleo, que se est\u00e1n desarrollando en toda la Argentina y que piensan que en el pasado, con el peronismo, a pesar de algunos hechos y de toda la cr\u00edtica de la voz moral \u2014la voz moral es una cuesti\u00f3n compleja tambi\u00e9n\u2014, a pesar de todo eso, lo que dicen es \u00abno vamos mejor\u00bb. Y eso est\u00e1 desarroll\u00e1ndose muy fuertemente.<\/p>\n<p><strong>\u2014Me quedo pensando con tu hip\u00f3tesis de primera vuelta, dividiendo un 85% del electorado entre dos, y que en realidad la primera vuelta sea una segunda vuelta. Que uno saque el 47 y el otro saque el 44. O uno saque el 46 y el otro el 42. <\/strong><\/p>\n<p>\u2014El Gobierno tiene hoy<strong> 30 puntos,<\/strong> de manera optimista. Lo dicen las encuestas, no es que lo invente yo. 30 puntos en la base<strong> <\/strong>electoral que tuvo en la primaria de 2023. Ese es un n\u00facleo duro que tiene el Gobierno. En algunos casos hay un poquito menos, seg\u00fan donde se mire la&#8230;<\/p>\n<p><strong>\u2014Ese 30 ten\u00eda a Villarruel dentro.<\/strong><\/p>\n<p>\u2014Ten\u00eda a Villarruel dentro y ten\u00eda la expectativa de lo nuevo. Y la esperanza de que la dolarizaci\u00f3n iba a cambiar la vida de los argentinos. El gran acierto de Milei en t\u00e9rminos electorales es <strong>la dolarizaci\u00f3n<\/strong>.<\/p>\n<p><strong>\u2014Ahora, si Milei sacara el 30%, \u00bfhabr\u00eda lugar para una tercera fuerza, adem\u00e1s de los dos extremos?<\/strong><\/p>\n<p>\u2014No lo veo. El espacio que cuentan ahora los encuestadores de que hay un 20, un 30, que no votar\u00eda ac\u00e1, no votar\u00eda all\u00e1.<\/p>\n<p class=\"destacadoNota\"><a target=\"_blank\" href=\"https:\/\/www.perfil.com\/noticias\/politica\/karina-milei-pisa-fuerte-en-caba-y-la-pelea-con-jorge-macri-amenaza-con-complicar-el-acuerdo-entre-lla-y-el-pro.phtml\" rel=\"noopener noreferrer\">Karina Milei pisa fuerte en CABA y la pelea con Jorge Macri amenaza con complicar el acuerdo entre LLA y el PRO<\/a><\/p>\n<p><strong>\u2014O sea, \u00bfno cre\u00e9s que va a haber un <em>outsider<\/em>?<\/strong><\/p>\n<p>\u2014No, y adem\u00e1s es muy dif\u00edcil, por experiencia directa, la construcci\u00f3n de una v\u00eda, de un centro democr\u00e1tico, esa mal llamada tercera v\u00eda, es muy dif\u00edcil construirla en la Argentina. En funci\u00f3n, digamos, de&#8230; Ac\u00e1 el drama central de la pol\u00edtica argentina, desde el punto de vista de la oposici\u00f3n, es <strong>el liderazgo<\/strong>. Del otro lado est\u00e1 Milei. No hay ning\u00fan invento ah\u00ed. El problema de <strong>Bullrich <\/strong>es que su electorado se diluye con Milei. Es un electorado que est\u00e1 dentro del electorado de Milei. Es m\u00e1s genuino, es m\u00e1s chico, pero m\u00e1s genuino el de <strong>Villarruel<\/strong>. Porque es propio y porque existe previamente.<\/p>\n<p><strong>\u2014Entonces, vuelvo, vos imagin\u00e1s al PRO en las elecciones nacionales junto con La Libertad Avanza.<\/strong><\/p>\n<p>\u2014Bueno, parecer\u00eda que va hacia ah\u00ed, aun con mucha disconformidad de muchos actores, que no soportan las formas, porque a veces forma y fondo es lo mismo, que no soportan que son ninguneados permanentemente, despreciados, humillados. Entonces, no hay un componente de <strong>adhesi\u00f3n emocional, afectiva<\/strong>. La pol\u00edtica tambi\u00e9n es eso.<\/p>\n<p><strong>\u2014Yo te escucho y me queda una s\u00edntesis, \u00bfsab\u00e9s? Que voy a tratar de compartir con la audiencia. Que si viniera un extranjero y te preguntara en privado qu\u00e9 chances le asign\u00e1s a los distintos actores de ser presidente el a\u00f1o pr\u00f3ximo, vos coloc\u00e1s a Milei con muy pocas chances, coloc\u00e1s al peronismo con mayor cantidad de chances, y dentro del peronismo a Axel Kicillof, finalmente como el candidato. O sea, \u00bfqu\u00e9 dir\u00edas? \u00bfQu\u00e9 m\u00e1s posibilidades tiene de ser presidente el 10 de diciembre?<\/strong><\/p>\n<p>\u2014A ver, es el que aparece con m\u00e1s distracci\u00f3n y adem\u00e1s est\u00e1 haciendo cosas para hacerlo. Creo que tiene que consolidar este camino del tweet. Porque el peronismo requiere de una <strong>voluntad com\u00fan y de una figura central<\/strong> que, aun estando presa, mide mucho en la opini\u00f3n p\u00fablica. Hay mucho de imagen y tambi\u00e9n la imagen es la intenci\u00f3n de voto que esa persona tiene. Estoy hablando de Cristina Fern\u00e1ndez de Kirchner. Despu\u00e9s tambi\u00e9n hay alternativas porque la elecci\u00f3n primaria puede hacer una participaci\u00f3n democr\u00e1tica fortaleciendo tambi\u00e9n el programa y las ideas.<\/p>\n<p><strong>\u2014Pues si son las PASO, en la que adem\u00e1s haya un gobernador y Sergio Massa, por ejemplo.<\/strong><\/p>\n<p>\u2014Puede darse, tranquilamente puede darse. Hay figuras de gobernadores que tienen muy buena administraci\u00f3n. Hay uno que viene gobernando con mucha eficacia y con gran resultado electoral, que viene del interior, que muchas veces desde la mirada c\u00e9ntrica de Buenos Aires lo subestima, que es <strong>Gerardo Zamora<\/strong>. El caso de <strong>Sergio U\u00f1ac<\/strong>, que es una figura est\u00e9tica interesante. Con la miner\u00eda. La est\u00e9tica tiene mucho que ver con la pol\u00edtica. Entiendo d\u00f3nde va. Se pone traje, corbata. Y no lo ves. No lo ves a Massa. No usa trajes azules con zapatillas blancas. No es poco la est\u00e9tica.<strong> <\/strong><\/p>\n<p><strong>\u2014\u00bfY a Massa c\u00f3mo lo ves?<\/strong><\/p>\n<p>\u2014Lo veo siempre con una voluntad indeclinable porque Massa es un hombre muy resiliente. Siempre se ha levantado de la adversidad y siempre ha estado&#8230; Muchas veces ha perdido y, en el fondo, es un pol\u00edtico. El pol\u00edtico es eso. Toda la vida. La voluntad es permanente. <strong>Perd\u00e9s, te ca\u00e9s y te ten\u00e9s que levantar.<\/strong> El tipo que no est\u00e9 capacitado para resistir la adversidad no puede hacer pol\u00edtica.<\/p>\n<p><strong>\u2014Te leo en primera persona.<\/strong><\/p>\n<p>\u2014No, bueno, a m\u00ed me ha tocado perder. No hay nada peor para un pol\u00edtico que perder. Vos sent\u00eds que la gente no te quiere. Porque en la b\u00fasqueda del pol\u00edtico est\u00e1 el amor colectivo. Vos que sos especialista, un psicoanalista. Es la misma historia. La b\u00fasqueda de&#8230; No te alcanza la individual. El amor individual necesita que te quiera todo. Cuando no te votan, vos te ca\u00e9s, te deprim\u00eds, ten\u00e9s que reconstruirte. Yo me encerr\u00e9 ah\u00ed en el mar, ah\u00ed en el C\u00f3ndor, ah\u00ed en la cercan\u00eda de Viedma. Porque ten\u00e9s que reconstruirte como para poder volver de vuelta.<\/p>\n<p><strong>\u2014Te quedaste vac\u00edo como Messi, pero en el caso de los pol\u00edticos se vuelve a llenar. Es as\u00ed.<\/strong><\/p>\n<p>\u2014Y claro, y eso es la pol\u00edtica. Fijate <strong>Lula<\/strong>. Tres veces candidato a presidente. Gan\u00f3 en la cuarta. Y tiene 80 a\u00f1os y est\u00e1 peleando con muchas posibilidades.<\/p>\n<p><strong>\u2014Absolutamente. Miguel \u00c1ngel, un lujo como siempre.<\/strong><\/p>\n<p>\u2014Jorge, ha sido un gusto tambi\u00e9n venir al nuevo estudio y te felicito. Realmente est\u00e1 la redacci\u00f3n atr\u00e1s. Muy bueno. Y felicito tu valent\u00eda, Jorge. No te lo digo porque tenga un aprecio de tipo personal, sino porque sos el hombre que en el periodismo viene marcando verdades que muchas veces otros no dicen.<\/p>\n<p><strong>\u2014Muchas gracias, Miguel.<\/strong><\/p>\n<p>\u2014Gracias por invitarme.<\/p>\n<p>LMM<\/p>\n","protected":false},"excerpt":{"rendered":"<p>A cuatro a\u00f1os del intento de asesinato de Cristina Kirchner, volvi\u00f3 a ponerse en el centro del debate la situaci\u00f3n del peronismo, su eventual unidad y el escenario pol\u00edtico de cara a 2027. En este contexto, Miguel \u00c1ngel Pichetto analiz\u00f3 en Modo Fontevecchia, por +Perfil y Radio Perfil (AM 1190), el presente del Gobierno de [&hellip;]<\/p>\n","protected":false},"author":1,"featured_media":141029,"comment_status":"closed","ping_status":"closed","sticky":false,"template":"","format":"standard","meta":[],"categories":[19],"tags":[90,1389,2554,89],"_links":{"self":[{"href":"http:\/\/hoycordobaweb.com\/index.php\/wp-json\/wp\/v2\/posts\/141028"}],"collection":[{"href":"http:\/\/hoycordobaweb.com\/index.php\/wp-json\/wp\/v2\/posts"}],"about":[{"href":"http:\/\/hoycordobaweb.com\/index.php\/wp-json\/wp\/v2\/types\/post"}],"author":[{"embeddable":true,"href":"http:\/\/hoycordobaweb.com\/index.php\/wp-json\/wp\/v2\/users\/1"}],"replies":[{"embeddable":true,"href":"http:\/\/hoycordobaweb.com\/index.php\/wp-json\/wp\/v2\/comments?post=141028"}],"version-history":[{"count":0,"href":"http:\/\/hoycordobaweb.com\/index.php\/wp-json\/wp\/v2\/posts\/141028\/revisions"}],"wp:featuredmedia":[{"embeddable":true,"href":"http:\/\/hoycordobaweb.com\/index.php\/wp-json\/wp\/v2\/media\/141029"}],"wp:attachment":[{"href":"http:\/\/hoycordobaweb.com\/index.php\/wp-json\/wp\/v2\/media?parent=141028"}],"wp:term":[{"taxonomy":"category","embeddable":true,"href":"http:\/\/hoycordobaweb.com\/index.php\/wp-json\/wp\/v2\/categories?post=141028"},{"taxonomy":"post_tag","embeddable":true,"href":"http:\/\/hoycordobaweb.com\/index.php\/wp-json\/wp\/v2\/tags?post=141028"}],"curies":[{"name":"wp","href":"https:\/\/api.w.org\/{rel}","templated":true}]}}