{"id":141022,"date":"2026-09-01T17:58:17","date_gmt":"2026-09-01T17:58:17","guid":{"rendered":"https:\/\/www.ole.com.ar\/futbol-internacional\/claudio-echeverri-prestamo-acuerdo-manchester-city-benfica_0_Bt8b4KEsaA.html"},"modified":"2026-09-01T17:58:17","modified_gmt":"2026-09-01T17:58:17","slug":"hay-acuerdo-entre-manchester-city-y-benfica-por-el-prestamo-de-echeverri","status":"publish","type":"post","link":"http:\/\/hoycordobaweb.com\/index.php\/2026\/09\/01\/hay-acuerdo-entre-manchester-city-y-benfica-por-el-prestamo-de-echeverri\/","title":{"rendered":"Hay acuerdo entre Manchester City y Benfica por el pr\u00e9stamo de Echeverri"},"content":{"rendered":"<p><img src=\"http:\/\/hoycordobaweb.com\/wp-content\/uploads\/2026\/09\/hay-acuerdo-entre-manchester-city-y-benfica-por-el-prestamo-de-echeverri.jpg\"><\/p>\n<div id=\"element-body-0\" class=\"sc-df222161-0 hNvwjb\" readability=\"33.679300291545\">\n<p>A horas de que se cierre el mercado de pases en Europa, el <strong><a href=\"https:\/\/www.ole.com.ar\/tema\/manchester-city.html\" title=\"Manchester City\" alt=\"Manchester City\" class=\"slug\">Manchester City<\/a><\/strong> lleg\u00f3 a un acuerdo con el <strong><a href=\"https:\/\/www.ole.com.ar\/tema\/benfica.html\" title=\"Benfica\" alt=\"Benfica\" class=\"slug\">Benfica<\/a><\/strong> para ponerle el broche al pr\u00e9stamo de <strong><a href=\"https:\/\/www.ole.com.ar\/tema\/claudio-echeverri.html\" title=\"Claudio Echeverri\" alt=\"Claudio Echeverri\" class=\"slug\">Claudio Echeverri<\/a><\/strong>. Luego de estar en el banco y no ingresar el pasado viernes, en el 4-1 de los Cityzens al Crystal Palace por la Premier League, <strong>el Diablito confirm\u00f3 su llegada a las \u00c1guilas.<\/strong><\/p>\n<\/div>\n<div id=\"element-body-1\" class=\"sc-df222161-0 hNvwjb\" readability=\"37\">\n<p>Tal y como afirm\u00f3 el diario portugu\u00e9s A Bola, <strong>\u00abel Benfica ha llegado a un acuerdo con el Manchester City, propietario de los derechos del jugador<\/strong>, y el centrocampista ofensivo ya est\u00e1 autorizado a viajar a Lisboa\u00bb para llegar al cuarto club de sus \u00faltimos 365 d\u00edas. <\/p>\n<\/div>\n<div id=\"element-body-2\" class=\"sc-df222161-0 hNvwjb\" readability=\"32.666666666667\">\n<p>Otra vez sin el lugar pretendido en el equipo ingl\u00e9s que ahora dirige Enzo Maresca, el talentoso jugador de 20 a\u00f1os busca minutos en un club que arranc\u00f3 la temporada de muy buena manera con <strong>un gran presente de <a href=\"https:\/\/www.ole.com.ar\/tema\/gianluca-prestianni.html\" title=\"Gianluca Prestianni\" alt=\"Gianluca Prestianni\" class=\"slug\">Gianluca Prestianni<\/a> <\/strong>(el otro argentino del plantel es Enzo Barrenechea). <\/p>\n<\/div>\n<div class=\"sc-c0843421-0 iNysjD image-embed\" id=\"element-body-3\"><img alt=\"El futbolista argentino se va al Benfica (Reuters).\" loading=\"lazy\" width=\"720\" height=\"100\" decoding=\"async\" data-nimg=\"1\" src=\"http:\/\/hoycordobaweb.com\/wp-content\/uploads\/2026\/09\/hay-acuerdo-entre-manchester-city-y-benfica-por-el-prestamo-de-echeverri-2.jpg\"><span class=\"epigraphe\">El futbolista argentino se va al Benfica (Reuters).<\/span><\/div>\n<div id=\"element-body-4\" class=\"sc-df222161-0 hNvwjb\" readability=\"35.375\">\n<p>En principio, el acuerdo se cerrar\u00e1 por un a\u00f1o e incluir\u00e1 una opci\u00f3n de compra por el 100% del pase del ex <strong><a href=\"https:\/\/www.ole.com.ar\/tema\/river-plate.html\" title=\"River Plate\" alt=\"River Plate\" class=\"slug\">River<\/a><\/strong>. Tras realizarse las pruebas f\u00edsicas junto al cuerpo m\u00e9dico del club portugu\u00e9s, <strong>se espera que el ofensivo de 20 a\u00f1os firme su contrato entre el martes y el mi\u00e9rcoles.<\/strong><\/p>\n<\/div>\n<p><h2><strong>De club en club<\/strong><\/h2>\n<\/p>\n<div id=\"element-body-6\" class=\"sc-df222161-0 hNvwjb\" readability=\"37\">\n<p>En enero del 2024, River anunci\u00f3 oficialmente la transferencia de Echeverri al Manchester City en 15 millones de euros m\u00e1s 9 en variables: como se firm\u00f3, el chaque\u00f1o se incorpor\u00f3 al equipo de Guardiola a principios del 2025: <strong>en los Ciudadanos jug\u00f3 tres partidos y meti\u00f3 un gol <\/strong>(en el Mundial de Clubes).<\/p>\n<\/div>\n<div id=\"element-body-7\" class=\"sc-df222161-0 hNvwjb\" readability=\"33.022556390977\">\n<p>El 23 de agosto del a\u00f1o pasado debut\u00f3 en el <a href=\"https:\/\/www.ole.com.ar\/tema\/bayer-leverkusen.html\" title=\"Bayer Leverkusen\" alt=\"Bayer Leverkusen\" class=\"slug\">Bayer Leverkusen<\/a> (jug\u00f3 11 partidos), el 26 de enero de este 2026 tuvo su estreno en el <a href=\"https:\/\/www.ole.com.ar\/tema\/girona.html\" title=\"girona\" alt=\"girona\" class=\"slug\">Girona<\/a> (17 partidos y un gol), en esta pretemporada en Europa jug\u00f3 dos amistosos para el City y ahora qued\u00f3 muy cerca del Benfica.<\/p>\n<\/div>\n<div id=\"element-body-8\" class=\"sc-df222161-0 hNvwjb\" readability=\"36\">\n<p>En el medio, fue incluido por Lionel Scaloni en la prelista de 55 jugadores para la Copa del Mundo. Justamente, el Diablito busca continuidad para ser parte del nuevo proceso de la Selecci\u00f3n que -con o sin Scaloni- comenzar\u00e1 luego del Mundial 2026.<\/p>\n<\/div>\n<p><h2><strong>Las tres camisetas que visti\u00f3 en el a\u00f1o<\/strong><\/h2>\n<\/p>\n<p><h3><strong>La del City<\/strong><\/h3>\n<\/p>\n<div class=\"sc-c0843421-0 iNysjD image-embed\" id=\"element-body-11\"><img alt=\"El festejo de su \u00fanico gol con el Manchester City.\n(AP Photo\/Mike Stewart)\" loading=\"lazy\" width=\"720\" height=\"100\" decoding=\"async\" data-nimg=\"1\" src=\"http:\/\/hoycordobaweb.com\/wp-content\/uploads\/2026\/09\/hay-acuerdo-entre-manchester-city-y-benfica-por-el-prestamo-de-echeverri-3.jpg\"><span class=\"epigraphe\">El festejo de su \u00fanico gol con el Manchester City.<br \/>\n(AP Photo\/Mike Stewart)<\/span><\/div>\n<p><h3><strong>La del Leverkusen<\/strong><\/h3>\n<\/p>\n<div class=\"sc-c0843421-0 iNysjD image-embed\" id=\"element-body-13\"><img alt=\"Echeverri ante Vitinha, en un Leverkusen-PSG por la Champions.\nEFE\/EPA\/CHRISTOPHER NEUNDORF\" loading=\"lazy\" width=\"720\" height=\"100\" decoding=\"async\" data-nimg=\"1\" src=\"http:\/\/hoycordobaweb.com\/wp-content\/uploads\/2026\/09\/hay-acuerdo-entre-manchester-city-y-benfica-por-el-prestamo-de-echeverri-4.jpg\"><span class=\"epigraphe\">Echeverri ante Vitinha, en un Leverkusen-PSG por la Champions.<br \/>\nEFE\/EPA\/CHRISTOPHER NEUNDORF<\/span><\/div>\n<p><h3><strong>La del Girona<\/strong><\/h3>\n<\/p>\n<div class=\"sc-c0843421-0 iNysjD image-embed\" id=\"element-body-15\"><img alt=\"Echeverri festeja su \u00fanico gol en el Girona. (Foto: Prensa Girona)\" loading=\"lazy\" width=\"720\" height=\"100\" decoding=\"async\" data-nimg=\"1\" src=\"http:\/\/hoycordobaweb.com\/wp-content\/uploads\/2026\/09\/hay-acuerdo-entre-manchester-city-y-benfica-por-el-prestamo-de-echeverri-5.jpg\"><span class=\"epigraphe\">Echeverri festeja su \u00fanico gol en el Girona. (Foto: Prensa Girona)<\/span><\/div>\n<div id=\"element-body-16\" class=\"sc-a7166897-0 eTTZWU\" readability=\"31\">\n<section readability=\"2\"><picture><img alt=\"Lamine Yamal habl\u00f3 sobre Juli\u00e1n: &quot;Goles no nos est\u00e1n faltando&quot;\" loading=\"lazy\" width=\"290\" height=\"290\" decoding=\"async\" data-nimg=\"1\" src=\"http:\/\/hoycordobaweb.com\/wp-content\/uploads\/2026\/09\/hay-acuerdo-entre-manchester-city-y-benfica-por-el-prestamo-de-echeverri-6.jpg\"><\/picture>\n<p><span>Mir\u00e1 tambi\u00e9n<\/span><\/p>\n<hr>\n<h3>Lamine Yamal habl\u00f3 sobre Juli\u00e1n: \u00abGoles no nos est\u00e1n faltando\u00bb<\/h3>\n<\/p>\n<\/section>\n<\/div>\n<div id=\"element-body-17\" class=\"sc-a7166897-0 eTTZWU\" readability=\"32\">\n<section readability=\"4\"><picture><img alt=\"El divertido momento que protagoniz\u00f3 Gabriel Jes\u00fas en su presentaci\u00f3n en Barcelona: cu\u00e1nto cost\u00f3, hasta cu\u00e1ndo firm\u00f3 y qu\u00e9 dijo\" loading=\"lazy\" width=\"290\" height=\"290\" decoding=\"async\" data-nimg=\"1\" src=\"http:\/\/hoycordobaweb.com\/wp-content\/uploads\/2026\/09\/hay-acuerdo-entre-manchester-city-y-benfica-por-el-prestamo-de-echeverri-7.jpg\"><\/picture>\n<p><span>Mir\u00e1 tambi\u00e9n<\/span><\/p>\n<hr>\n<h3>El divertido momento que protagoniz\u00f3 Gabriel Jes\u00fas en su presentaci\u00f3n en Barcelona: cu\u00e1nto cost\u00f3, hasta cu\u00e1ndo firm\u00f3 y qu\u00e9 dijo<\/h3>\n<\/p>\n<\/section>\n<\/div>\n<div id=\"element-body-18\" class=\"sc-a7166897-0 eTTZWU\" readability=\"31\">\n<section readability=\"2\"><picture><img alt=\"Lamine Yamal hizo historia con Barcelona y super\u00f3 a Mbapp\u00e9 y Haaland\" loading=\"lazy\" width=\"290\" height=\"290\" decoding=\"async\" data-nimg=\"1\" src=\"http:\/\/hoycordobaweb.com\/wp-content\/uploads\/2026\/09\/hay-acuerdo-entre-manchester-city-y-benfica-por-el-prestamo-de-echeverri-8.jpg\"><\/picture>\n<p><span>Mir\u00e1 tambi\u00e9n<\/span><\/p>\n<hr>\n<h3>Lamine Yamal hizo historia con Barcelona y super\u00f3 a Mbapp\u00e9 y Haaland<\/h3>\n<\/p>\n<\/section>\n<\/div>\n<div id=\"element-body-19\" class=\"sc-a7166897-0 eTTZWU\" readability=\"31\">\n<section readability=\"2\"><picture><img alt=\"Enzo a un paso del City: se va del Chelsea por una cifra r\u00e9cord para la Premier\" loading=\"lazy\" width=\"290\" height=\"290\" decoding=\"async\" data-nimg=\"1\" src=\"http:\/\/hoycordobaweb.com\/wp-content\/uploads\/2026\/09\/hay-acuerdo-entre-manchester-city-y-benfica-por-el-prestamo-de-echeverri-9.jpg\"><\/picture>\n<p><span>Mir\u00e1 tambi\u00e9n<\/span><\/p>\n<hr>\n<h3>Enzo a un paso del City: se va del Chelsea por una cifra r\u00e9cord para la Premier<\/h3>\n<\/p>\n<\/section>\n<\/div>\n","protected":false},"excerpt":{"rendered":"<p>A horas de que se cierre el mercado de pases en Europa, el Manchester City lleg\u00f3 a un acuerdo con el Benfica para ponerle el broche al pr\u00e9stamo de Claudio Echeverri. Luego de estar en el banco y no ingresar el pasado viernes, en el 4-1 de los Cityzens al Crystal Palace por la Premier [&hellip;]<\/p>\n","protected":false},"author":1,"featured_media":141023,"comment_status":"open","ping_status":"closed","sticky":false,"template":"","format":"standard","meta":[],"categories":[16],"tags":[],"_links":{"self":[{"href":"http:\/\/hoycordobaweb.com\/index.php\/wp-json\/wp\/v2\/posts\/141022"}],"collection":[{"href":"http:\/\/hoycordobaweb.com\/index.php\/wp-json\/wp\/v2\/posts"}],"about":[{"href":"http:\/\/hoycordobaweb.com\/index.php\/wp-json\/wp\/v2\/types\/post"}],"author":[{"embeddable":true,"href":"http:\/\/hoycordobaweb.com\/index.php\/wp-json\/wp\/v2\/users\/1"}],"replies":[{"embeddable":true,"href":"http:\/\/hoycordobaweb.com\/index.php\/wp-json\/wp\/v2\/comments?post=141022"}],"version-history":[{"count":0,"href":"http:\/\/hoycordobaweb.com\/index.php\/wp-json\/wp\/v2\/posts\/141022\/revisions"}],"wp:featuredmedia":[{"embeddable":true,"href":"http:\/\/hoycordobaweb.com\/index.php\/wp-json\/wp\/v2\/media\/141023"}],"wp:attachment":[{"href":"http:\/\/hoycordobaweb.com\/index.php\/wp-json\/wp\/v2\/media?parent=141022"}],"wp:term":[{"taxonomy":"category","embeddable":true,"href":"http:\/\/hoycordobaweb.com\/index.php\/wp-json\/wp\/v2\/categories?post=141022"},{"taxonomy":"post_tag","embeddable":true,"href":"http:\/\/hoycordobaweb.com\/index.php\/wp-json\/wp\/v2\/tags?post=141022"}],"curies":[{"name":"wp","href":"https:\/\/api.w.org\/{rel}","templated":true}]}}