{"id":141020,"date":"2026-09-01T18:03:45","date_gmt":"2026-09-01T18:03:45","guid":{"rendered":"https:\/\/www.ole.com.ar\/futbol-internacional\/flaco-lopez-renovo-con-palmeiras-hasta-cuando-extendio-contrato-numeros-explican-importancia_0_VIqmoCHUVA.html"},"modified":"2026-09-01T18:03:45","modified_gmt":"2026-09-01T18:03:45","slug":"flaco-lopez-renovo-con-palmeiras-hasta-cuando-extendio-su-contrato-y-los-numeros-que-explican-su-importancia","status":"publish","type":"post","link":"http:\/\/hoycordobaweb.com\/index.php\/2026\/09\/01\/flaco-lopez-renovo-con-palmeiras-hasta-cuando-extendio-su-contrato-y-los-numeros-que-explican-su-importancia\/","title":{"rendered":"Flaco L\u00f3pez renov\u00f3 con Palmeiras: hasta cu\u00e1ndo extendi\u00f3 su contrato y los n\u00fameros que explican su importancia"},"content":{"rendered":"<p><img src=\"http:\/\/hoycordobaweb.com\/wp-content\/uploads\/2026\/09\/flaco-lopez-renovo-con-palmeiras-hasta-cuando-extendio-su-contrato-y-los-numeros-que-explican-su-importancia.jpg\"><\/p>\n<div id=\"element-body-0\" class=\"sc-df222161-0 hNvwjb\" readability=\"31.305660377358\">\n<p>El <strong><a href=\"https:\/\/www.ole.com.ar\/tema\/jose-manuel-lopez.html\" title=\"Jos\u00e9 Manuel L\u00f3pez\" alt=\"Jos\u00e9 Manuel L\u00f3pez\" class=\"slug\">Flaco L\u00f3pez<\/a><\/strong> atraviesa uno de los mejores momentos de su carrera y <strong><a href=\"https:\/\/www.ole.com.ar\/tema\/palmeiras.html\" title=\"Palmeiras\" alt=\"Palmeiras\" class=\"slug\">Palmeiras<\/a><\/strong> decidi\u00f3 asegurarse su continuidad. El delantero argentino <strong> renov\u00f3 este martes su contrato con el club brasile\u00f1o por una temporada m\u00e1s<\/strong> y extendi\u00f3 su v\u00ednculo hasta <strong>diciembre de 2030.<\/strong><\/p>\n<\/div>\n<div id=\"element-body-1\" class=\"sc-df222161-0 hNvwjb\" readability=\"35\">\n<p>La decisi\u00f3n llega en un contexto particular para el atacante de 25 a\u00f1os. Su contrato original finalizaba a fines de 2029, pero <strong>el inter\u00e9s que comenz\u00f3 a despertar en distintos equipos europeos llev\u00f3 al Verdao a blindar a una de sus principales figuras.<\/strong><\/p>\n<\/div>\n<div id=\"element-body-2\" class=\"sc-df222161-0 hNvwjb\" readability=\"33.462837837838\">\n<p>Desde su llegada en 2022, L\u00f3pez se transform\u00f3 en una pieza cada vez m\u00e1s importante para el equipo dirigido por <strong><a href=\"https:\/\/www.ole.com.ar\/tema\/abel-ferreira.html\" title=\"Abel Ferreira\" alt=\"Abel Ferreira\" class=\"slug\">Abel Ferreira<\/a><\/strong>. En <strong>225 partidos<\/strong> con la camiseta del conjunto paulista convirti\u00f3 <strong>78 goles<\/strong> y se consolid\u00f3 como uno de los delanteros argentinos m\u00e1s destacados del f\u00fatbol brasile\u00f1o.<\/p>\n<\/div>\n<div class=\"sc-c0843421-0 iNysjD image-embed\" id=\"element-body-3\"><img alt=\"El argentino seguir\u00e1 con su carrera en Brasil. (EFE\/ Paloma del Solar)\" loading=\"lazy\" width=\"720\" height=\"100\" decoding=\"async\" data-nimg=\"1\" src=\"http:\/\/hoycordobaweb.com\/wp-content\/uploads\/2026\/09\/flaco-lopez-renovo-con-palmeiras-hasta-cuando-extendio-su-contrato-y-los-numeros-que-explican-su-importancia-2.jpg\"><span class=\"epigraphe\">El argentino seguir\u00e1 con su carrera en Brasil. (EFE\/ Paloma del Solar)<\/span><\/div>\n<p><h2>Flaco L\u00f3pez, feliz por renovar con Palmeiras: \u201cSomos la Familia\u201d<\/h2>\n<\/p>\n<div id=\"element-body-5\" class=\"sc-df222161-0 hNvwjb\" readability=\"39\">\n<p>Luego de oficializarse la renovaci\u00f3n, el delantero surgido de las inferiores de Independiente y Lan\u00fas manifest\u00f3 su satisfacci\u00f3n por continuar ligado al club. \u201c <strong>Estoy muy feliz por el momento que estoy viviendo y, ahora, por la renovaci\u00f3n<\/strong>\u201d, expres\u00f3 en declaraciones difundidas por Palmeiras.<\/p>\n<\/div>\n<div id=\"element-body-6\" class=\"sc-df222161-0 hNvwjb\" readability=\"37\">\n<p>\u201c <strong>Estoy muy agradecido con Palmeiras y muy feliz de formar parte de este club, de este plantel y de compartir el d\u00eda a d\u00eda con cada una de las personas que trabajan aqu\u00ed<\/strong>\u201d, agreg\u00f3 el atacante, que viene de disputar el Mundial 2026 con la Selecci\u00f3n Argentina.<\/p>\n<\/div>\n<div id=\"element-body-8\" class=\"sc-df222161-0 hNvwjb\" readability=\"36\">\n<p>L\u00f3pez tambi\u00e9n hizo referencia a una frase que suele utilizar Abel Ferreira para describir el esp\u00edritu del equipo. \u201c <strong>Como dice siempre nuestro m\u00edster, Abel: somos la Familia Palmeiras<\/strong>\u201d, se\u00f1al\u00f3 el argentino.<\/p>\n<\/div>\n<div id=\"element-body-9\" class=\"sc-df222161-0 hNvwjb\" readability=\"36\">\n<p>Y complet\u00f3: \u201cSiempre estoy agradecido y <strong>me considero un bendecido por haber vivido todo lo que ya he vivido aqu\u00ed. Ahora voy a vivir un poco m\u00e1s<\/strong> y, si Dios quiere, todav\u00eda van a suceder muchas cosas buenas\u201d.<\/p>\n<\/div>\n<p><h2>Los t\u00edtulos y los r\u00e9cords del Flaco L\u00f3pez en Palmeiras<\/h2>\n<\/p>\n<div id=\"element-body-11\" class=\"sc-df222161-0 hNvwjb\" readability=\"38\">\n<p>La historia de L\u00f3pez en Palmeiras ya cuenta con una importante colecci\u00f3n de t\u00edtulos. Durante sus cuatro a\u00f1os en el club conquist\u00f3 <strong>dos Brasileiraos<\/strong>, en 2022 y 2023, una <strong>Supercopa de Brasil <\/strong> en 2023 y <strong> tres Campeonatos Paulistas<\/strong>, correspondientes a 2023, 2024 y 2026.<\/p>\n<\/div>\n<div id=\"element-body-12\" class=\"sc-df222161-0 hNvwjb\" readability=\"35\">\n<p>Pero sus registros individuales tambi\u00e9n explican por qu\u00e9 el club decidi\u00f3 extender su contrato. El Flaco es el <strong>m\u00e1ximo goleador de Palmeiras en lo que va de 2026<\/strong> y ya ocupa el <strong>tercer lugar entre los m\u00e1ximos anotadores del club en el siglo XXI<\/strong>, con 78 tantos.<\/p>\n<\/div>\n<div class=\"sc-c0843421-0 iNysjD image-embed\" id=\"element-body-13\"><img alt=\"Flaco L\u00f3pez, m\u00e1ximo goleador del Palmeiras en 2026.\" loading=\"lazy\" width=\"720\" height=\"100\" decoding=\"async\" data-nimg=\"1\" src=\"http:\/\/hoycordobaweb.com\/wp-content\/uploads\/2026\/09\/flaco-lopez-renovo-con-palmeiras-hasta-cuando-extendio-su-contrato-y-los-numeros-que-explican-su-importancia-3.jpg\"><span class=\"epigraphe\">Flaco L\u00f3pez, m\u00e1ximo goleador del Palmeiras en 2026.<\/span><\/div>\n<div id=\"element-body-14\" class=\"sc-df222161-0 hNvwjb\" readability=\"43\">\n<p>Por delante aparecen dos hist\u00f3ricos del Verd\u00e3o: <strong>Dudu<\/strong>, con 88 goles, y <strong>Raphael Veiga<\/strong>, con 109. Ninguno de los dos contin\u00faa actualmente en el plantel. Adem\u00e1s, L\u00f3pez ostenta una marca particular, es <strong>el futbolista argentino con m\u00e1s partidos, victorias y t\u00edtulos en la historia de Palmeiras<\/strong>. Un recorrido que comenz\u00f3 en 2022 y que, con esta renovaci\u00f3n, tendr\u00e1 al menos cuatro a\u00f1os m\u00e1s por delante.<\/p>\n<\/div>\n<div id=\"element-body-15\" class=\"sc-df222161-0 hNvwjb\" readability=\"34.25641025641\">\n<p>Y el presente todav\u00eda puede darle m\u00e1s motivos para festejar. <strong>Palmeiras lidera actualmente el Brasileirao <\/strong> con cuatro puntos de ventaja sobre Flamengo, contin\u00faa en carrera en la <strong>Copa do Brasil <\/strong> y tambi\u00e9n disputa la <strong><a href=\"https:\/\/www.ole.com.ar\/tema\/copa-libertadores.html\" title=\"Copa Libertadores\" alt=\"Copa Libertadores\" class=\"slug\">Copa Libertadores<\/a><\/strong>. Desde la pr\u00f3xima semana enfrentar\u00e1 a Liga de Quito por un lugar en las semifinales del m\u00e1ximo torneo continental.<\/p>\n<\/div>\n<div id=\"element-body-16\" class=\"sc-df222161-0 hNvwjb\" readability=\"36\">\n<p>As\u00ed, mientras el f\u00fatbol europeo sigue mirando de cerca a uno de los delanteros argentinos con mejor presente en Brasil, Palmeiras tom\u00f3 la decisi\u00f3n de adelantarse y extender su v\u00ednculo. <strong>El Flaco L\u00f3pez seguir\u00e1 siendo del Verdao hasta 2030<\/strong>.<\/p>\n<\/div>\n<div id=\"element-body-17\" class=\"sc-a7166897-0 eTTZWU\" readability=\"31\">\n<section readability=\"2\"><picture><img alt=\"La decisi\u00f3n final que tom\u00f3 River con Mart\u00ednez Quarta\" loading=\"lazy\" width=\"290\" height=\"290\" decoding=\"async\" data-nimg=\"1\" src=\"http:\/\/hoycordobaweb.com\/wp-content\/uploads\/2026\/09\/flaco-lopez-renovo-con-palmeiras-hasta-cuando-extendio-su-contrato-y-los-numeros-que-explican-su-importancia-4.jpg\"><\/picture>\n<p><span>Mir\u00e1 tambi\u00e9n<\/span><\/p>\n<hr>\n<h3>La decisi\u00f3n final que tom\u00f3 River con Mart\u00ednez Quarta<\/h3>\n<\/p>\n<\/section>\n<\/div>\n<div id=\"element-body-18\" class=\"sc-a7166897-0 eTTZWU\" readability=\"31\">\n<section readability=\"2\"><picture><img alt=\"Lamine Yamal hizo historia con Barcelona y super\u00f3 a Mbapp\u00e9 y Haaland\" loading=\"lazy\" width=\"290\" height=\"290\" decoding=\"async\" data-nimg=\"1\" src=\"http:\/\/hoycordobaweb.com\/wp-content\/uploads\/2026\/09\/flaco-lopez-renovo-con-palmeiras-hasta-cuando-extendio-su-contrato-y-los-numeros-que-explican-su-importancia-5.jpg\"><\/picture>\n<p><span>Mir\u00e1 tambi\u00e9n<\/span><\/p>\n<hr>\n<h3>Lamine Yamal hizo historia con Barcelona y super\u00f3 a Mbapp\u00e9 y Haaland<\/h3>\n<\/p>\n<\/section>\n<\/div>\n<div id=\"element-body-19\" class=\"sc-a7166897-0 eTTZWU\" readability=\"31\">\n<section readability=\"2\"><picture><img alt=\"Lamine Yamal habl\u00f3 sobre Juli\u00e1n: &quot;Goles no nos est\u00e1n faltando&quot;\" loading=\"lazy\" width=\"290\" height=\"290\" decoding=\"async\" data-nimg=\"1\" src=\"http:\/\/hoycordobaweb.com\/wp-content\/uploads\/2026\/09\/flaco-lopez-renovo-con-palmeiras-hasta-cuando-extendio-su-contrato-y-los-numeros-que-explican-su-importancia-6.jpg\"><\/picture>\n<p><span>Mir\u00e1 tambi\u00e9n<\/span><\/p>\n<hr>\n<h3>Lamine Yamal habl\u00f3 sobre Juli\u00e1n: \u00abGoles no nos est\u00e1n faltando\u00bb<\/h3>\n<\/p>\n<\/section>\n<\/div>\n<div id=\"element-body-20\" class=\"sc-a7166897-0 eTTZWU\" readability=\"31\">\n<section readability=\"2\"><picture><img alt=\"Enzo a un paso del City: se va del Chelsea por una cifra r\u00e9cord para la Premier\" loading=\"lazy\" width=\"290\" height=\"290\" decoding=\"async\" data-nimg=\"1\" src=\"http:\/\/hoycordobaweb.com\/wp-content\/uploads\/2026\/09\/flaco-lopez-renovo-con-palmeiras-hasta-cuando-extendio-su-contrato-y-los-numeros-que-explican-su-importancia-7.jpg\"><\/picture>\n<p><span>Mir\u00e1 tambi\u00e9n<\/span><\/p>\n<hr>\n<h3>Enzo a un paso del City: se va del Chelsea por una cifra r\u00e9cord para la Premier<\/h3>\n<\/p>\n<\/section>\n<\/div>\n","protected":false},"excerpt":{"rendered":"<p>El Flaco L\u00f3pez atraviesa uno de los mejores momentos de su carrera y Palmeiras decidi\u00f3 asegurarse su continuidad. El delantero argentino renov\u00f3 este martes su contrato con el club brasile\u00f1o por una temporada m\u00e1s y extendi\u00f3 su v\u00ednculo hasta diciembre de 2030. La decisi\u00f3n llega en un contexto particular para el atacante de 25 a\u00f1os. [&hellip;]<\/p>\n","protected":false},"author":1,"featured_media":141021,"comment_status":"open","ping_status":"closed","sticky":false,"template":"","format":"standard","meta":[],"categories":[16],"tags":[],"_links":{"self":[{"href":"http:\/\/hoycordobaweb.com\/index.php\/wp-json\/wp\/v2\/posts\/141020"}],"collection":[{"href":"http:\/\/hoycordobaweb.com\/index.php\/wp-json\/wp\/v2\/posts"}],"about":[{"href":"http:\/\/hoycordobaweb.com\/index.php\/wp-json\/wp\/v2\/types\/post"}],"author":[{"embeddable":true,"href":"http:\/\/hoycordobaweb.com\/index.php\/wp-json\/wp\/v2\/users\/1"}],"replies":[{"embeddable":true,"href":"http:\/\/hoycordobaweb.com\/index.php\/wp-json\/wp\/v2\/comments?post=141020"}],"version-history":[{"count":0,"href":"http:\/\/hoycordobaweb.com\/index.php\/wp-json\/wp\/v2\/posts\/141020\/revisions"}],"wp:featuredmedia":[{"embeddable":true,"href":"http:\/\/hoycordobaweb.com\/index.php\/wp-json\/wp\/v2\/media\/141021"}],"wp:attachment":[{"href":"http:\/\/hoycordobaweb.com\/index.php\/wp-json\/wp\/v2\/media?parent=141020"}],"wp:term":[{"taxonomy":"category","embeddable":true,"href":"http:\/\/hoycordobaweb.com\/index.php\/wp-json\/wp\/v2\/categories?post=141020"},{"taxonomy":"post_tag","embeddable":true,"href":"http:\/\/hoycordobaweb.com\/index.php\/wp-json\/wp\/v2\/tags?post=141020"}],"curies":[{"name":"wp","href":"https:\/\/api.w.org\/{rel}","templated":true}]}}