{"id":141016,"date":"2026-09-01T18:30:29","date_gmt":"2026-09-01T18:30:29","guid":{"rendered":"https:\/\/www.ole.com.ar\/racing\/racing-solari-newells_0_fEvvK0D81X.html"},"modified":"2026-09-01T18:30:29","modified_gmt":"2026-09-01T18:30:29","slug":"ante-la-inminente-salida-de-santiago-solari-racing-va-por-un-delantero","status":"publish","type":"post","link":"http:\/\/hoycordobaweb.com\/index.php\/2026\/09\/01\/ante-la-inminente-salida-de-santiago-solari-racing-va-por-un-delantero\/","title":{"rendered":"Ante la inminente salida de Santiago Solari, \u00bfRacing va por un delantero?"},"content":{"rendered":"<p><img src=\"http:\/\/hoycordobaweb.com\/wp-content\/uploads\/2026\/09\/ante-la-inminente-salida-de-santiago-solari-racing-va-por-un-delantero.jpg\"><\/p>\n<div id=\"element-body-0\" class=\"sc-df222161-0 hNvwjb\" readability=\"36.058700209644\">\n<p><a href=\"https:\/\/www.ole.com.ar\/tema\/racing.html\" title=\"Racing\" alt=\"Racing\" class=\"slug\">Racing<\/a> est\u00e1 a detalles, nom\u00e1s, de desprenderse de <a href=\"https:\/\/www.ole.com.ar\/tema\/santiago-solari.html\" title=\"Santiago Solari\" alt=\"Santiago Solari\" class=\"slug\">Santiago Solari<\/a>. Si bien este martes volvi\u00f3 a entrenarse en el plantel, se espera que de un momento a otro se concrete su salida a pr\u00e9stamo hacia <a href=\"https:\/\/www.ole.com.ar\/tema\/newells-old-boys.html\" title=\"Newell's Old Boys\" alt=\"Newell's Old Boys\" class=\"slug\"> Newell&#8217;s<\/a>, con opci\u00f3n de compra cuyo mont\u00f3 a\u00fan no fue revelado. Ante la inminente ida de un jugador que est\u00e1 muy relegado en la consideraci\u00f3n de <a href=\"https:\/\/www.ole.com.ar\/tema\/juan-pablo-vojvoda.html\" title=\"Juan Pablo Vojvoda\" alt=\"Juan Pablo Vojvoda\" class=\"slug\">Juan Pablo Vojvoda<\/a>, <strong>la pregunta que r\u00e1pidamente se multiplic\u00f3 entre los hinchas es si llegar\u00e1 alguien a club en su reemplazo<\/strong>.<\/p>\n<\/div>\n<div id=\"element-body-1\" class=\"sc-df222161-0 hNvwjb\" readability=\"39\">\n<p>Como la Lepra puede reforzarse gracias a que transfiri\u00f3 a Armando M\u00e9ndez al exterior (Guaran\u00ed de Paraguay), por reglamento a <strong>Racing tambi\u00e9n le abre un cupo la partida del extremo<\/strong>. Seg\u00fan le confiaron a Ol\u00e9 desde Avellaneda, <strong>la intenci\u00f3n es sumar un nuevo atacante<\/strong>, pero la <strong>gran dificultad radica en los tiempos acotados<\/strong>: <strong>s\u00f3lo tiene plazo para contratar hasta las 18 de este mi\u00e9rcoles<\/strong>, cuando cierre el mercado de pases en materia de incorporaciones.<\/p>\n<\/div>\n<div id=\"element-body-2\" class=\"sc-df222161-0 hNvwjb\" readability=\"32.052083333333\">\n<p>Si bien en el club no quisieron revelar nombres apuntados, s\u00ed <strong>negaron versiones<\/strong> sobre un inter\u00e9s en <strong>Edwin Cetr\u00e9<\/strong> (<a href=\"https:\/\/www.ole.com.ar\/tema\/estudiantes-de-la-plata.html\" title=\"Estudiantes de La Plata\" alt=\"Estudiantes de La Plata\" class=\"slug\">Estudiantes<\/a>) y <strong>Jer\u00f3nimo D\u00f3mina<\/strong> (Cadiz de la Segunda Divisi\u00f3n de Espa\u00f1a).<\/p>\n<\/div>\n<div class=\"sc-c0843421-0 iNysjD image-embed\" id=\"element-body-3\"><img alt=\"El Chino no fue ni al banco ante Independiente Rivadavia. EFE\/ Juan Ignacio Roncoroni\" loading=\"lazy\" width=\"720\" height=\"100\" decoding=\"async\" data-nimg=\"1\" src=\"http:\/\/hoycordobaweb.com\/wp-content\/uploads\/2026\/09\/ante-la-inminente-salida-de-santiago-solari-racing-va-por-un-delantero-2.jpg\"><span class=\"epigraphe\">El Chino no fue ni al banco ante Independiente Rivadavia. EFE\/ Juan Ignacio Roncoroni<\/span><\/div>\n<div id=\"element-body-4\" class=\"sc-df222161-0 hNvwjb\" readability=\"40\">\n<p>Por lo pronto, a menos que haya sorpresas, todo conduce a que no llegar\u00e1 otra cara nueva en la faceta ofensiva, donde <strong>Racing viene en deuda en este Torneo Clausura<\/strong>. <strong>Le falta poder ofensivo<\/strong>, <strong>apenas meti\u00f3 seis goles<\/strong> y <strong>s\u00f3lo uno fue marcado por un delantero<\/strong>: el de Duv\u00e1n Vergara a Tigre, por la tercera fecha en la derrota por 3-1.<\/p>\n<\/div>\n<div id=\"element-body-5\" class=\"sc-df222161-0 hNvwjb\" readability=\"34\">\n<p><strong>Integrante del plantel campe\u00f3n de la Sudamericana 2024 y la Recopa 2025<\/strong> (era suplente), el recorrido de Solari fue de mayor a menor y <strong>el arribo de Juan Pablo Vojvoda le quit\u00f3 m\u00e1s espacio<\/strong>.<\/p>\n<\/div>\n<div id=\"element-body-6\" class=\"sc-df222161-0 hNvwjb\" readability=\"40\">\n<p>Sin ir m\u00e1s lejos, para el reciente cruce con Independiente Rivadavia <strong>ni siquiera lo convoc\u00f3<\/strong>. Y en el compromiso previo, que fue <strong>el cl\u00e1sico con Boca, se sent\u00f3 en el banco sin sumar minutos<\/strong>. Por delante del Chino, <strong>el DT prefiri\u00f3 recurrir en el segundo tiempo a Vergara, m\u00e1s los juveniles Alberto Campo y Francisco Fraga<\/strong>.<\/p>\n<\/div>\n<div class=\"sc-c0843421-0 iNysjD image-embed\" id=\"element-body-7\"><img alt=\"Solari qued\u00f3 muy relegado con Vojvoda. Foto: Fernando de la Orden \/ CLARIN \" loading=\"lazy\" width=\"720\" height=\"100\" decoding=\"async\" data-nimg=\"1\" src=\"http:\/\/hoycordobaweb.com\/wp-content\/uploads\/2026\/09\/ante-la-inminente-salida-de-santiago-solari-racing-va-por-un-delantero-3.jpg\"><span class=\"epigraphe\">Solari qued\u00f3 muy relegado con Vojvoda. Foto: Fernando de la Orden \/ CLARIN <\/span><\/div>\n<div id=\"element-body-8\" class=\"sc-df222161-0 hNvwjb\" readability=\"39\">\n<p>Desde hace un par de mercados de pases, <strong>el delantero pretende una salida<\/strong> porque <strong>siente que necesita un cambio de aire<\/strong> y que <strong>cumpli\u00f3 un ciclo<\/strong>, como pas\u00f3 con <strong>otros tantos futbolistas que se alejaron del club<\/strong> en esta ventana de transferencias, por ejemplo Gabriel Rojas, Santiago Sosa y Gast\u00f3n Martirena.<\/p>\n<\/div>\n<p><h2>El malestar de Solari<\/h2>\n<\/p>\n<div id=\"element-body-10\" class=\"sc-df222161-0 hNvwjb\" readability=\"39\">\n<p>Puertas adentro <strong>Solari transmiti\u00f3 su descontento con la dirigencia<\/strong> porque <strong>el club desestim\u00f3 ofertas que le hab\u00edan llegado por pr\u00e9stamos<\/strong>, tales los casos del Toronto de Canad\u00e1 (de la MLS), Fortaleza de Brasil y un club de B\u00e9lgica (no trascendi\u00f3 el nombre). <strong>Racing hab\u00eda avisado que s\u00f3lo lo largaba por venta<\/strong>, pero como esas propuestas no fueron recibidas, <strong>accedi\u00f3 a una cesi\u00f3n para evitar tener a un jugador que se perfila para tener muy poco rodaje<\/strong> en lo que queda de este semestre.<\/p>\n<\/div>\n<p><h2>Una firma antes de irse<\/h2>\n<\/p>\n<div id=\"element-body-12\" class=\"sc-df222161-0 hNvwjb\" readability=\"38\">\n<p>Antes de mudarse a Newell&#8217;s, el delantero seguramente <strong>extender\u00e1 su v\u00ednculo con la Academia hasta fin de 2028<\/strong>, dado que <strong>el actual se le termina en diciembre de 2027<\/strong>. Es decir, <strong>s\u00f3lo le quedar\u00edan seis meses de convenio con Racing<\/strong> <strong>si NOB no ejecuta la opci\u00f3n de compra<\/strong> y debe regresar a Avellaneda a mediados del pr\u00f3ximo a\u00f1o.<\/p>\n<\/div>\n<div id=\"element-body-14\" class=\"sc-a7166897-0 eTTZWU\" readability=\"32\">\n<section readability=\"4\"><picture><img alt=\"Kudelka, entre el valioso empate en La Plata y un cl\u00e1sico de Rosario que puede marcar el rumbo de Newell's\" loading=\"lazy\" width=\"290\" height=\"290\" decoding=\"async\" data-nimg=\"1\" src=\"http:\/\/hoycordobaweb.com\/wp-content\/uploads\/2026\/09\/ante-la-inminente-salida-de-santiago-solari-racing-va-por-un-delantero-4.jpg\"><\/picture>\n<p><span>Mir\u00e1 tambi\u00e9n<\/span><\/p>\n<hr>\n<h3>Kudelka, entre el valioso empate en La Plata y un cl\u00e1sico de Rosario que puede marcar el rumbo de Newell&#8217;s<\/h3>\n<\/p>\n<\/section>\n<\/div>\n<div id=\"element-body-15\" class=\"sc-a7166897-0 eTTZWU\" readability=\"31.5\">\n<section readability=\"3\"><picture><img alt=\"El conmovedor mensaje que De Paul le dedic\u00f3 a Messi por su despedida en la Selecci\u00f3n: &quot;Me lo voy a llevar toda la vida&quot;\" loading=\"lazy\" width=\"290\" height=\"290\" decoding=\"async\" data-nimg=\"1\" src=\"http:\/\/hoycordobaweb.com\/wp-content\/uploads\/2026\/09\/ante-la-inminente-salida-de-santiago-solari-racing-va-por-un-delantero-5.jpg\"><\/picture>\n<p><span>Mir\u00e1 tambi\u00e9n<\/span><\/p>\n<hr>\n<h3>El conmovedor mensaje que De Paul le dedic\u00f3 a Messi por su despedida en la Selecci\u00f3n: \u00abMe lo voy a llevar toda la vida\u00bb<\/h3>\n<\/p>\n<\/section>\n<\/div>\n<div id=\"element-body-16\" class=\"sc-a7166897-0 eTTZWU\" readability=\"31\">\n<section readability=\"2\"><picture><img alt=\"Buen debut de los pibes de Racing en el Mundial de Clubes Sub 18\" loading=\"lazy\" width=\"290\" height=\"290\" decoding=\"async\" data-nimg=\"1\" src=\"http:\/\/hoycordobaweb.com\/wp-content\/uploads\/2026\/09\/ante-la-inminente-salida-de-santiago-solari-racing-va-por-un-delantero-6.jpg\"><\/picture>\n<p><span>Mir\u00e1 tambi\u00e9n<\/span><\/p>\n<hr>\n<h3>Buen debut de los pibes de Racing en el Mundial de Clubes Sub 18<\/h3>\n<\/p>\n<\/section>\n<\/div>\n<div id=\"element-body-17\" class=\"sc-a7166897-0 eTTZWU\" readability=\"31\">\n<section readability=\"2\"><picture><img alt=\"El uno por uno de la derrota de Racing ante Independiente Rivadavia\" loading=\"lazy\" width=\"290\" height=\"290\" decoding=\"async\" data-nimg=\"1\" src=\"http:\/\/hoycordobaweb.com\/wp-content\/uploads\/2026\/09\/ante-la-inminente-salida-de-santiago-solari-racing-va-por-un-delantero-7.jpg\"><\/picture>\n<p><span>Mir\u00e1 tambi\u00e9n<\/span><\/p>\n<hr>\n<h3>El uno por uno de la derrota de Racing ante Independiente Rivadavia<\/h3>\n<\/p>\n<\/section>\n<\/div>\n<div id=\"element-body-18\" class=\"sc-a7166897-0 eTTZWU\" readability=\"31\">\n<section readability=\"2\"><picture><img alt=\"C\u00f3mo sigue la Copa Argentina\" loading=\"lazy\" width=\"290\" height=\"290\" decoding=\"async\" data-nimg=\"1\" src=\"http:\/\/hoycordobaweb.com\/wp-content\/uploads\/2026\/09\/ante-la-inminente-salida-de-santiago-solari-racing-va-por-un-delantero-8.jpg\"><\/picture>\n<p><span>Mir\u00e1 tambi\u00e9n<\/span><\/p>\n<hr>\n<h3>C\u00f3mo sigue la Copa Argentina<\/h3>\n<\/p>\n<\/section>\n<\/div>\n<div id=\"element-body-19\" class=\"sc-a7166897-0 eTTZWU\" readability=\"32\">\n<section readability=\"4\"><picture><img alt=\"La tabla anual: Independente Rivadavia puntero, Boca y V\u00e9lez pelean por la Libertadores y River en zona de Sudamericana\" loading=\"lazy\" width=\"290\" height=\"290\" decoding=\"async\" data-nimg=\"1\" src=\"http:\/\/hoycordobaweb.com\/wp-content\/uploads\/2026\/09\/ante-la-inminente-salida-de-santiago-solari-racing-va-por-un-delantero-9.jpg\"><\/picture>\n<p><span>Mir\u00e1 tambi\u00e9n<\/span><\/p>\n<hr>\n<h3>La tabla anual: Independente Rivadavia puntero, Boca y V\u00e9lez pelean por la Libertadores y River en zona de Sudamericana<\/h3>\n<\/p>\n<\/section>\n<\/div>\n<div id=\"element-body-20\" class=\"sc-a7166897-0 eTTZWU\" readability=\"31\">\n<section readability=\"2\"><picture><img alt=\"La se\u00f1al de alerta en Boca en el inicio de una nueva seguidilla\" loading=\"lazy\" width=\"290\" height=\"290\" decoding=\"async\" data-nimg=\"1\" src=\"http:\/\/hoycordobaweb.com\/wp-content\/uploads\/2026\/09\/ante-la-inminente-salida-de-santiago-solari-racing-va-por-un-delantero-10.jpg\"><\/picture>\n<p><span>Mir\u00e1 tambi\u00e9n<\/span><\/p>\n<hr>\n<h3>La se\u00f1al de alerta en Boca en el inicio de una nueva seguidilla<\/h3>\n<\/p>\n<\/section>\n<\/div>\n","protected":false},"excerpt":{"rendered":"<p>Racing est\u00e1 a detalles, nom\u00e1s, de desprenderse de Santiago Solari. Si bien este martes volvi\u00f3 a entrenarse en el plantel, se espera que de un momento a otro se concrete su salida a pr\u00e9stamo hacia Newell&#8217;s, con opci\u00f3n de compra cuyo mont\u00f3 a\u00fan no fue revelado. Ante la inminente ida de un jugador que est\u00e1 [&hellip;]<\/p>\n","protected":false},"author":1,"featured_media":141017,"comment_status":"open","ping_status":"closed","sticky":false,"template":"","format":"standard","meta":[],"categories":[16],"tags":[],"_links":{"self":[{"href":"http:\/\/hoycordobaweb.com\/index.php\/wp-json\/wp\/v2\/posts\/141016"}],"collection":[{"href":"http:\/\/hoycordobaweb.com\/index.php\/wp-json\/wp\/v2\/posts"}],"about":[{"href":"http:\/\/hoycordobaweb.com\/index.php\/wp-json\/wp\/v2\/types\/post"}],"author":[{"embeddable":true,"href":"http:\/\/hoycordobaweb.com\/index.php\/wp-json\/wp\/v2\/users\/1"}],"replies":[{"embeddable":true,"href":"http:\/\/hoycordobaweb.com\/index.php\/wp-json\/wp\/v2\/comments?post=141016"}],"version-history":[{"count":0,"href":"http:\/\/hoycordobaweb.com\/index.php\/wp-json\/wp\/v2\/posts\/141016\/revisions"}],"wp:featuredmedia":[{"embeddable":true,"href":"http:\/\/hoycordobaweb.com\/index.php\/wp-json\/wp\/v2\/media\/141017"}],"wp:attachment":[{"href":"http:\/\/hoycordobaweb.com\/index.php\/wp-json\/wp\/v2\/media?parent=141016"}],"wp:term":[{"taxonomy":"category","embeddable":true,"href":"http:\/\/hoycordobaweb.com\/index.php\/wp-json\/wp\/v2\/categories?post=141016"},{"taxonomy":"post_tag","embeddable":true,"href":"http:\/\/hoycordobaweb.com\/index.php\/wp-json\/wp\/v2\/tags?post=141016"}],"curies":[{"name":"wp","href":"https:\/\/api.w.org\/{rel}","templated":true}]}}