{"id":141012,"date":"2026-09-01T18:40:19","date_gmt":"2026-09-01T18:40:19","guid":{"rendered":"https:\/\/www.ole.com.ar\/river-plate\/river-plate-marginados-mercado-pases_0_yP7MqUuRsb.html"},"modified":"2026-09-01T18:40:19","modified_gmt":"2026-09-01T18:40:19","slug":"a-horas-del-cierre-del-mercado-la-situacion-de-los-jugadores-de-river-que-siguen-marginados","status":"publish","type":"post","link":"http:\/\/hoycordobaweb.com\/index.php\/2026\/09\/01\/a-horas-del-cierre-del-mercado-la-situacion-de-los-jugadores-de-river-que-siguen-marginados\/","title":{"rendered":"A horas del cierre del mercado, la situaci\u00f3n de los jugadores de River que siguen marginados"},"content":{"rendered":"<p><img src=\"http:\/\/hoycordobaweb.com\/wp-content\/uploads\/2026\/09\/a-horas-del-cierre-del-mercado-la-situacion-de-los-jugadores-de-river-que-siguen-marginados.jpg\"><\/p>\n<div id=\"element-body-0\" class=\"sc-df222161-0 hNvwjb\" readability=\"36.645161290323\">\n<p>La novela de los marginados de <strong><a href=\"https:\/\/www.ole.com.ar\/tema\/river-plate.html\" title=\"River Plate\" alt=\"River Plate\" class=\"slug\">River<\/a><\/strong> empieza a llegar a su desenlace. Despu\u00e9s de la pol\u00e9mica que se gener\u00f3 <strong>por la decisi\u00f3n que tom\u00f3 el club de mandarlos a entrar al predio Cantilo<\/strong> y de la autocr\u00edtica del presidente <strong><a href=\"https:\/\/www.ole.com.ar\/tema\/stefano-di-carlo.html\" title=\"Stefano Di Carlo\" alt=\"Stefano Di Carlo\" class=\"slug\">Stefano Di Carlo<\/a><\/strong> al reconocer un <strong>\u00aberror\u00bb <\/strong> en las formas, el mercado de pases empieza a bajar la persiana y a\u00fan quedan tres jugadores declarados prescindibles, de los cuales dos siguen trabajando en soledad <strong>: Mat\u00edas Vi\u00f1a y Fabricio Bustos<\/strong>, mientras que <strong>Mat\u00edas Galarza Fonda<\/strong> se encuentra -con autorizaci\u00f3n del CARP- en Paraguay. \u00bfC\u00f3mo es la situaci\u00f3n de cada uno?<\/p>\n<\/div>\n<p><h2><strong>Fabricio Bustos<\/strong><\/h2>\n<\/p>\n<div id=\"element-body-2\" class=\"sc-df222161-0 hNvwjb\" readability=\"35\">\n<p>Con algunas ofertas presentadas que fueron consideradas insuficientes por el club, existen charlas con Rosario Central, que habr\u00e1 que ver si llegan a buen puerto.<\/p>\n<\/div>\n<p><h2><strong>Mat\u00edas Vi\u00f1a<\/strong><\/h2>\n<\/p>\n<div id=\"element-body-4\" class=\"sc-df222161-0 hNvwjb\" readability=\"39\">\n<p>River no podr\u00e1 cortar el pr\u00e9stamo con el Flamengo, que se extend\u00eda hasta diciembre y con una obligaci\u00f3n de compra de u$s 4,5 millones si jugaba el 50% de los partidos, a menos que en conjunto le consigan un club para seguir su carrera. Getafe pregunt\u00f3 condiciones para sumarlo a pr\u00e9stamo, pero finalmente opt\u00f3 por Johan Mojica. Olympiacos lo tuvo en carpeta.<\/p>\n<\/div>\n<div class=\"sc-c0843421-0 iNysjD image-embed\" id=\"element-body-5\"><img alt=\"Mat\u00edas Vi\u00f1a en el River Camp (Instagram).\" loading=\"lazy\" width=\"720\" height=\"100\" decoding=\"async\" data-nimg=\"1\" src=\"http:\/\/hoycordobaweb.com\/wp-content\/uploads\/2026\/09\/a-horas-del-cierre-del-mercado-la-situacion-de-los-jugadores-de-river-que-siguen-marginados-2.jpg\"><span class=\"epigraphe\">Mat\u00edas Vi\u00f1a en el River Camp (Instagram).<\/span><\/div>\n<p><h2><strong>Mat\u00edas Galarza Fonda<\/strong><\/h2>\n<\/p>\n<div id=\"element-body-7\" class=\"sc-df222161-0 hNvwjb\" readability=\"40\">\n<p>Es que tiene m\u00e1s mercado en Europa, pero no avanzan las propuestas. Su representante dijo que tuvo llamadas desde Italia, pero no lleg\u00f3 nada formal. A su vez, tanto Olimpia como Cerro Porte\u00f1o, cl\u00e1sicos rivales en Paraguay avanzaron en lo contractual, pero todo indica que el volante desea buscar otros mercados.<\/p>\n<\/div>\n<p><h2><strong>Giuliano Galoppo, a la MLS<\/strong><\/h2>\n<\/p>\n<div id=\"element-body-9\" class=\"sc-df222161-0 hNvwjb\" readability=\"39\">\n<p>En un prinicipio, el volante descart\u00f3 las opciones que le llegaron desde Norteam\u00e9rica ante la preferencia de otro destino para continuar con su carrera. Sin embargo, <strong>teniendo en cuenta que desde las oficinas del Monumental levantaron el pulgar<\/strong> y aceptaron cederlo <strong>por 10 meses con opci\u00f3n de compra a la franquicia del estado de Georgia<\/strong>, Galoppo reconsider\u00f3 su decisi\u00f3n y ser\u00e1 nuevamente compa\u00f1ero de Paulo D\u00edaz, flamante refuerzo tras rescindir con el Millonario.<\/p>\n<\/div>\n<div class=\"sc-c0843421-0 iNysjD image-embed\" id=\"element-body-10\"><img alt=\"Giuliano Galoppo podr\u00eda ser nuevo futbolista de Atlanta United.\" loading=\"lazy\" width=\"720\" height=\"100\" decoding=\"async\" data-nimg=\"1\" src=\"http:\/\/hoycordobaweb.com\/wp-content\/uploads\/2026\/09\/a-horas-del-cierre-del-mercado-la-situacion-de-los-jugadores-de-river-que-siguen-marginados-3.jpg\"><span class=\"epigraphe\">Giuliano Galoppo podr\u00eda ser nuevo futbolista de Atlanta United.<\/span><\/div>\n<div id=\"element-body-11\" class=\"sc-df222161-0 hNvwjb\" readability=\"37\">\n<p>Sondeado por Rosario Central, Cagliari, Racing de Santander y clubes del Brasileirao, <strong>la oferta m\u00e1s concreta que recibi\u00f3 en los \u00faltimos d\u00edas lleg\u00f3 fue la del conjunto de la MLS<\/strong> y dejar\u00e1 atr\u00e1s un paso por N\u00fa\u00f1ez para el olvido.<\/p>\n<\/div>\n<div id=\"element-body-12\" class=\"sc-df222161-0 hNvwjb\" readability=\"39\">\n<p>Desde que lleg\u00f3 al club a comienzos del a\u00f1o pasado, primero a pr\u00e9stamo y luego <strong>con la compra del 50% de su pase por tres millones de d\u00f3lares, Galoppo disput\u00f3 48 partidos oficiales.<\/strong> En ese per\u00edodo convirti\u00f3 ocho goles y entreg\u00f3 una asistencia, n\u00fameros aceptables para un mediocampista, <strong>aunque nunca logr\u00f3 consolidarse como titular indiscutido.<\/strong><\/p>\n<\/div>\n","protected":false},"excerpt":{"rendered":"<p>La novela de los marginados de River empieza a llegar a su desenlace. Despu\u00e9s de la pol\u00e9mica que se gener\u00f3 por la decisi\u00f3n que tom\u00f3 el club de mandarlos a entrar al predio Cantilo y de la autocr\u00edtica del presidente Stefano Di Carlo al reconocer un \u00aberror\u00bb en las formas, el mercado de pases empieza [&hellip;]<\/p>\n","protected":false},"author":1,"featured_media":141013,"comment_status":"open","ping_status":"closed","sticky":false,"template":"","format":"standard","meta":[],"categories":[16],"tags":[],"_links":{"self":[{"href":"http:\/\/hoycordobaweb.com\/index.php\/wp-json\/wp\/v2\/posts\/141012"}],"collection":[{"href":"http:\/\/hoycordobaweb.com\/index.php\/wp-json\/wp\/v2\/posts"}],"about":[{"href":"http:\/\/hoycordobaweb.com\/index.php\/wp-json\/wp\/v2\/types\/post"}],"author":[{"embeddable":true,"href":"http:\/\/hoycordobaweb.com\/index.php\/wp-json\/wp\/v2\/users\/1"}],"replies":[{"embeddable":true,"href":"http:\/\/hoycordobaweb.com\/index.php\/wp-json\/wp\/v2\/comments?post=141012"}],"version-history":[{"count":0,"href":"http:\/\/hoycordobaweb.com\/index.php\/wp-json\/wp\/v2\/posts\/141012\/revisions"}],"wp:featuredmedia":[{"embeddable":true,"href":"http:\/\/hoycordobaweb.com\/index.php\/wp-json\/wp\/v2\/media\/141013"}],"wp:attachment":[{"href":"http:\/\/hoycordobaweb.com\/index.php\/wp-json\/wp\/v2\/media?parent=141012"}],"wp:term":[{"taxonomy":"category","embeddable":true,"href":"http:\/\/hoycordobaweb.com\/index.php\/wp-json\/wp\/v2\/categories?post=141012"},{"taxonomy":"post_tag","embeddable":true,"href":"http:\/\/hoycordobaweb.com\/index.php\/wp-json\/wp\/v2\/tags?post=141012"}],"curies":[{"name":"wp","href":"https:\/\/api.w.org\/{rel}","templated":true}]}}