{"id":141011,"date":"2026-08-31T21:30:41","date_gmt":"2026-08-31T21:30:41","guid":{"rendered":"https:\/\/ladecimaweb.com\/?p=34520"},"modified":"2026-08-31T21:30:41","modified_gmt":"2026-08-31T21:30:41","slug":"messi-anuncio-su-retiro-de-la-seleccion-argentina-ya-no-tengo-nada-mas-dar","status":"publish","type":"post","link":"http:\/\/hoycordobaweb.com\/index.php\/2026\/08\/31\/messi-anuncio-su-retiro-de-la-seleccion-argentina-ya-no-tengo-nada-mas-dar\/","title":{"rendered":"Messi anunci\u00f3 su retiro de la selecci\u00f3n argentina: \u201cYa no tengo nada m\u00e1s dar\u201d"},"content":{"rendered":"<div class=\"boldgrid-section\">\n<div class=\"container\">\n<div class=\"row\">\n<div class=\"col-lg-12 col-md-12 col-xs-12 col-sm-12\">\n<p class=\"\">&nbsp;El astro Lionel Messi conmocion\u00f3 al f\u00fatbol mundial al anunciar su retiro de la Selecci\u00f3n argentina, a casi un mes y medio de la final del Mundial 2026.<\/p>\n<p class=\"\">Messi realiz\u00f3 el anuncio a trav\u00e9s de una sentida carta en sus redes sociales, en la que reconoci\u00f3 que &#8220;fue una decisi\u00f3n que doli\u00f3 y duele en el alma&#8221;.<\/p>\n<p class=\"\">En una emotiva carta, el capit\u00e1n destaca los 20 a\u00f1os con la camiseta argentina, agradece a su familia, compa\u00f1eros, entrenadores y dirigentes, y afirma que se va con el orgullo de haber compartido junto a sus compa\u00f1eros momentos inolvidables.<\/p>\n<p>\u201cMe vaci\u00e9, ya no tengo m\u00e1s para dar\u201d, expresa Messi, quien tambi\u00e9n remarca el surgimiento de nuevos jugadores que \u201cmerecen estar\u201d.<\/p>\n<p class=\"\">El texto fue escrito el 21 de julio, dos d\u00edas despu\u00e9s de la final, y concluye con una frase atravesada por la p\u00e9rdida de su padre: \u201cHoy despu\u00e9s de lo de mi pap\u00e1, estoy m\u00e1s convencido que antes\u201d.<\/p>\n<p class=\"\">&nbsp;<\/p>\n<div class=\"ubm_banner\"><a href=\"https:\/\/www.epec.com.ar\/\" target=\"_self\" rel=\"dofollow noopener noreferrer\"><img decoding=\"async\" src=\"http:\/\/hoycordobaweb.com\/wp-content\/uploads\/2026\/09\/messi-anuncio-su-retiro-de-la-seleccion-argentina-ya-no-tengo-nada-mas-dar.gif\" alt=\"\"><\/a><\/div>\n<\/div>\n<\/div>\n<\/div>\n<\/div>\n<p>La entrada <a href=\"https:\/\/ladecimaweb.com\/messi-anuncio-su-retiro-de-la-seleccion-argentina-ya-no-tengo-nada-mas-dar\/\">Messi anunci\u00f3 su retiro de la selecci\u00f3n argentina: &#8220;Ya no tengo nada m\u00e1s dar&#8221;<\/a> se public\u00f3 primero en <a href=\"https:\/\/ladecimaweb.com\">LaDecima<\/a>.<\/p>\n","protected":false},"excerpt":{"rendered":"<p>&nbsp;El astro Lionel Messi conmocion\u00f3 al f\u00fatbol mundial al anunciar su retiro de la Selecci\u00f3n argentina, a casi un mes y medio de la final del Mundial 2026. Messi realiz\u00f3 el anuncio a trav\u00e9s de una sentida carta en sus redes sociales, en la que reconoci\u00f3 que &#8220;fue una decisi\u00f3n que doli\u00f3 y duele en [&hellip;]<\/p>\n","protected":false},"author":1,"featured_media":0,"comment_status":"closed","ping_status":"closed","sticky":false,"template":"","format":"standard","meta":[],"categories":[16,32],"tags":[],"_links":{"self":[{"href":"http:\/\/hoycordobaweb.com\/index.php\/wp-json\/wp\/v2\/posts\/141011"}],"collection":[{"href":"http:\/\/hoycordobaweb.com\/index.php\/wp-json\/wp\/v2\/posts"}],"about":[{"href":"http:\/\/hoycordobaweb.com\/index.php\/wp-json\/wp\/v2\/types\/post"}],"author":[{"embeddable":true,"href":"http:\/\/hoycordobaweb.com\/index.php\/wp-json\/wp\/v2\/users\/1"}],"replies":[{"embeddable":true,"href":"http:\/\/hoycordobaweb.com\/index.php\/wp-json\/wp\/v2\/comments?post=141011"}],"version-history":[{"count":0,"href":"http:\/\/hoycordobaweb.com\/index.php\/wp-json\/wp\/v2\/posts\/141011\/revisions"}],"wp:attachment":[{"href":"http:\/\/hoycordobaweb.com\/index.php\/wp-json\/wp\/v2\/media?parent=141011"}],"wp:term":[{"taxonomy":"category","embeddable":true,"href":"http:\/\/hoycordobaweb.com\/index.php\/wp-json\/wp\/v2\/categories?post=141011"},{"taxonomy":"post_tag","embeddable":true,"href":"http:\/\/hoycordobaweb.com\/index.php\/wp-json\/wp\/v2\/tags?post=141011"}],"curies":[{"name":"wp","href":"https:\/\/api.w.org\/{rel}","templated":true}]}}