{"id":140996,"date":"2026-08-31T18:31:45","date_gmt":"2026-08-31T18:31:45","guid":{"rendered":"https:\/\/www.trendencias.com\/sneakers\/nuevas-on-running-estilo-clasico-colaboracion-roger-federer-inspiradas-tenis"},"modified":"2026-08-31T18:31:45","modified_gmt":"2026-08-31T18:31:45","slug":"las-nuevas-on-running-de-estilo-clasico-en-colaboracion-con-roger-federer-inspiradas-en-el-tenis","status":"publish","type":"post","link":"http:\/\/hoycordobaweb.com\/index.php\/2026\/08\/31\/las-nuevas-on-running-de-estilo-clasico-en-colaboracion-con-roger-federer-inspiradas-en-el-tenis\/","title":{"rendered":"Las nuevas On Running de estilo cl\u00e1sico en colaboraci\u00f3n con Roger Federer inspiradas en el tenis"},"content":{"rendered":"<p>Septiembre es el mes de hacerse con unas zapatillas nuevas. Ni mocasines, ni bailarinas, la vuelta a la rutina tras las vacaciones de verano nos piede unas <em>sneakers<\/em> que sean elegantes, pero c\u00f3modas, con un dise\u00f1o minimalista y funcional que encaje tanto con vestidos de lino como con pantalones de traje e incluso nuestros <em>jeans<\/em> favoritos. Por ello,<strong> las nuevas On Running creadas con Roger Federer <\/strong>se han vuelto nuestras favoritas del momento.&nbsp;<\/p>\n<p><!-- BREAK 1 --> <\/p>\n<div class=\"article-asset-image article-asset-normal article-asset-center\">\n<div class=\"asset-content\">\n<div class=\"caption-img \"> <img class=\"centro_sinmarco\" height=\"1394\" width=\"1420\" loading=\"lazy\" decoding=\"async\" sizes=\"100vw\" fetchpriority=\"high\" srcset=\"http:\/\/hoycordobaweb.com\/wp-content\/uploads\/2026\/08\/las-nuevas-on-running-de-estilo-clasico-en-colaboracion-con-roger-federer-inspiradas-en-el-tenis.png 450w, http:\/\/hoycordobaweb.com\/wp-content\/uploads\/2026\/08\/las-nuevas-on-running-de-estilo-clasico-en-colaboracion-con-roger-federer-inspiradas-en-el-tenis-1.png 681w, http:\/\/hoycordobaweb.com\/wp-content\/uploads\/2026\/08\/las-nuevas-on-running-de-estilo-clasico-en-colaboracion-con-roger-federer-inspiradas-en-el-tenis-2.png 1024w, http:\/\/hoycordobaweb.com\/wp-content\/uploads\/2026\/08\/las-nuevas-on-running-de-estilo-clasico-en-colaboracion-con-roger-federer-inspiradas-en-el-tenis-3.png 1366w\" src=\"http:\/\/hoycordobaweb.com\/wp-content\/uploads\/2026\/08\/las-nuevas-on-running-de-estilo-clasico-en-colaboracion-con-roger-federer-inspiradas-en-el-tenis.png\" alt=\"Captura De Pantalla 2026 08 31 A Las 12 10 32\"> <noscript><img alt=\"Captura De Pantalla 2026 08 31 A Las 12 10 32\" class=\"centro_sinmarco\" src=\"http:\/\/hoycordobaweb.com\/wp-content\/uploads\/2026\/08\/las-nuevas-on-running-de-estilo-clasico-en-colaboracion-con-roger-federer-inspiradas-en-el-tenis.png\"><\/noscript> <span>On Running THE ROGER Centre Court<\/span> <\/div><\/div>\n<\/div>\n<p>Se trata del modelo THE ROGER Centre Court. Nosotras, que estamos acostumbradas a asociar las On Running con deportivas con una est\u00e9tica de <em>dad sneakers<\/em>, pensadas para correr o ir al gimnasio, nos hemos prendado de una propuesta m\u00e1s sofisticada, ideal para el d\u00eda a d\u00eda. Unas zapatillas que siguen la tendencia de calzado fino y que, al ser blancas con ciertos detalles en verde <em>matcha<\/em>, <strong>consiguen encajar a la perfecci\u00f3n con unos vaqueros rectos <\/strong>como estos de <a rel=\"noopener, noreferrer\" href=\"https:\/\/www.zara.com\/es\/es\/jeans-z1975-straight-tiro-medio-jacquard-p06147165.html?v1=588244408&amp;v2=2419211\">Zara<\/a>.&nbsp;<\/p>\n<p><!-- BREAK 2 --><\/p>\n<div class=\"article-asset-image article-asset-normal article-asset-center\">\n<div class=\"asset-content\">\n<div class=\"caption-img \"> <img class=\"centro_sinmarco\" height=\"3072\" width=\"2048\" loading=\"lazy\" decoding=\"async\" sizes=\"100vw\" fetchpriority=\"high\" srcset=\"http:\/\/hoycordobaweb.com\/wp-content\/uploads\/2026\/08\/las-nuevas-on-running-de-estilo-clasico-en-colaboracion-con-roger-federer-inspiradas-en-el-tenis.jpg 450w, http:\/\/hoycordobaweb.com\/wp-content\/uploads\/2026\/08\/las-nuevas-on-running-de-estilo-clasico-en-colaboracion-con-roger-federer-inspiradas-en-el-tenis-4.jpg 681w, http:\/\/hoycordobaweb.com\/wp-content\/uploads\/2026\/08\/las-nuevas-on-running-de-estilo-clasico-en-colaboracion-con-roger-federer-inspiradas-en-el-tenis-5.jpg 1024w, http:\/\/hoycordobaweb.com\/wp-content\/uploads\/2026\/08\/las-nuevas-on-running-de-estilo-clasico-en-colaboracion-con-roger-federer-inspiradas-en-el-tenis-6.jpg 1366w\" src=\"http:\/\/hoycordobaweb.com\/wp-content\/uploads\/2026\/08\/las-nuevas-on-running-de-estilo-clasico-en-colaboracion-con-roger-federer-inspiradas-en-el-tenis.jpg\" alt=\"<zsdxc\"> <noscript><img alt=\"<zsdxc\" class=\"centro_sinmarco\" src=\"http:\/\/hoycordobaweb.com\/wp-content\/uploads\/2026\/08\/las-nuevas-on-running-de-estilo-clasico-en-colaboracion-con-roger-federer-inspiradas-en-el-tenis.jpg\"><\/noscript> <span>Vaqueros rectos de Zara<\/span> <\/div><\/div>\n<\/div>\n<p>Tambi\u00e9n nos parecen unas zapatillas <strong>s\u00faper favorecedoras a la hora de conjuntarlas con faldas globo<\/strong>, nuestra prenda estrella del verano, que sin duda se quedar\u00e1 como una de las favoritas tambi\u00e9n en los meses de entretiempo. Aunque las opciones de corte mini fueron nuestras predilectas en julio y agosto, de cara a septiembre, una como esta de <a rel=\"noopener, noreferrer\" href=\"https:\/\/www.massimodutti.com\/es\/falda-globo-detalle-drapeado-total-look-l05205805?cS=401&amp;tduid=2c1f24c62993b1705b20f80b5ff0d3a7&amp;utm_source=tradedoubler&amp;utm_medium=affiliates&amp;utm_campaign=MD_PER_ALWAYSON_TRADEDOUBLER_ES_AFFILIATES_MIX_MIX_MIX_3136645&amp;utm_term=3136645&amp;utm_content=7\">Massimo Dutti<\/a> con el detalle drapeado en color negro nos parece que queda de cine con las <em>sneakers<\/em>.&nbsp;<\/p>\n<p><!-- BREAK 3 --> <\/p>\n<div class=\"article-asset-image article-asset-normal article-asset-center\">\n<div class=\"asset-content\">\n<div class=\"caption-img \"> <img class=\"centro_sinmarco\" height=\"3000\" width=\"2000\" loading=\"lazy\" decoding=\"async\" sizes=\"100vw\" fetchpriority=\"high\" srcset=\"http:\/\/hoycordobaweb.com\/wp-content\/uploads\/2026\/08\/las-nuevas-on-running-de-estilo-clasico-en-colaboracion-con-roger-federer-inspiradas-en-el-tenis-1.jpg 450w, http:\/\/hoycordobaweb.com\/wp-content\/uploads\/2026\/08\/las-nuevas-on-running-de-estilo-clasico-en-colaboracion-con-roger-federer-inspiradas-en-el-tenis-7.jpg 681w, http:\/\/hoycordobaweb.com\/wp-content\/uploads\/2026\/08\/las-nuevas-on-running-de-estilo-clasico-en-colaboracion-con-roger-federer-inspiradas-en-el-tenis-8.jpg 1024w, http:\/\/hoycordobaweb.com\/wp-content\/uploads\/2026\/08\/las-nuevas-on-running-de-estilo-clasico-en-colaboracion-con-roger-federer-inspiradas-en-el-tenis-9.jpg 1366w\" src=\"http:\/\/hoycordobaweb.com\/wp-content\/uploads\/2026\/08\/las-nuevas-on-running-de-estilo-clasico-en-colaboracion-con-roger-federer-inspiradas-en-el-tenis-1.jpg\" alt=\"xzc\"> <noscript><img alt=\"xzc\" class=\"centro_sinmarco\" src=\"http:\/\/hoycordobaweb.com\/wp-content\/uploads\/2026\/08\/las-nuevas-on-running-de-estilo-clasico-en-colaboracion-con-roger-federer-inspiradas-en-el-tenis-1.jpg\"><\/noscript> <span>Falda Massimo Dutti<\/span> <\/div><\/div>\n<\/div>\n<p>Si eres m\u00e1s de pantalones que de faldas, pero no quieres abandonar <strong>tus bombachos en la vuelta a la oficina<\/strong>, tambi\u00e9n puedes conjuntar las zapatillas con este tipo de prendas. Eso s\u00ed, de cara a un <em>look<\/em> m\u00e1s elegante, es clave que optes por propuestas de corte sastre como esta, tambi\u00e9n de <a rel=\"noopener, noreferrer\" href=\"https:\/\/www.massimodutti.com\/es\/pantalon-bombacho-fluido-con-lino-l05066543?cS=800&amp;tduid=2c1f24c62993b1705b20f80b5ff0d3a7&amp;utm_source=tradedoubler&amp;utm_medium=affiliates&amp;utm_campaign=MD_PER_ALWAYSON_TRADEDOUBLER_ES_AFFILIATES_MIX_MIX_MIX_3136645&amp;utm_term=3136645&amp;utm_content=7\">Massimo Dutti<\/a> que, adem\u00e1s, est\u00e1 confeccionada en lino.<\/p>\n<p><!-- BREAK 4 --><\/p>\n<div class=\"article-asset-image article-asset-normal article-asset-center\">\n<div class=\"asset-content\">\n<div class=\"caption-img \"> <img class=\"centro_sinmarco\" height=\"3000\" width=\"2000\" loading=\"lazy\" decoding=\"async\" sizes=\"100vw\" fetchpriority=\"high\" srcset=\"http:\/\/hoycordobaweb.com\/wp-content\/uploads\/2026\/08\/las-nuevas-on-running-de-estilo-clasico-en-colaboracion-con-roger-federer-inspiradas-en-el-tenis-2.jpg 450w, http:\/\/hoycordobaweb.com\/wp-content\/uploads\/2026\/08\/las-nuevas-on-running-de-estilo-clasico-en-colaboracion-con-roger-federer-inspiradas-en-el-tenis-10.jpg 681w, http:\/\/hoycordobaweb.com\/wp-content\/uploads\/2026\/08\/las-nuevas-on-running-de-estilo-clasico-en-colaboracion-con-roger-federer-inspiradas-en-el-tenis-11.jpg 1024w, http:\/\/hoycordobaweb.com\/wp-content\/uploads\/2026\/08\/las-nuevas-on-running-de-estilo-clasico-en-colaboracion-con-roger-federer-inspiradas-en-el-tenis-12.jpg 1366w\" src=\"http:\/\/hoycordobaweb.com\/wp-content\/uploads\/2026\/08\/las-nuevas-on-running-de-estilo-clasico-en-colaboracion-con-roger-federer-inspiradas-en-el-tenis-2.jpg\" alt=\"asdfg\"> <noscript><img alt=\"asdfg\" class=\"centro_sinmarco\" src=\"http:\/\/hoycordobaweb.com\/wp-content\/uploads\/2026\/08\/las-nuevas-on-running-de-estilo-clasico-en-colaboracion-con-roger-federer-inspiradas-en-el-tenis-2.jpg\"><\/noscript> <span>Pantal\u00f3n bombacho Massimo Dutti<\/span> <\/div><\/div>\n<\/div>\n<p>Est\u00e1 claro que estas nuevas On Running son superponibles, aunque es cierto que su precio puede resultar un tanto elevado, porque cuestan <a rel=\"noopener, noreferrer\" href=\"https:\/\/www.on.com\/es-es\/products\/the-roger-centre-court-w-3wg1040\/womens\/ivory-fern-shoes-3WG10406046\">200 euros<\/a>. Son toda una inversi\u00f3n, no hay duda, pero desde aqu\u00ed insistimos en que <strong>merece la pena porque son un b\u00e1sico de armario.<\/strong><\/p>\n<p><!-- BREAK 5 --><\/p>\n<p>Fotos | <a rel=\"noopener, noreferrer\" href=\"https:\/\/www.on.com\/es-es\/products\/the-roger-centre-court-w-3wg1040\/womens\/ivory-fern-shoes-3WG10406046\">On Running<\/a>, <a rel=\"noopener, noreferrer\" href=\"https:\/\/www.zara.com\/es\/es\/jeans-z1975-straight-tiro-medio-jacquard-p06147165.html?v1=588244408&amp;v2=2419211\">Zara<\/a>, <a rel=\"noopener, noreferrer\" href=\"https:\/\/www.massimodutti.com\/es\/falda-globo-detalle-drapeado-total-look-l05205805?cS=401&amp;tduid=2c1f24c62993b1705b20f80b5ff0d3a7&amp;utm_source=tradedoubler&amp;utm_medium=affiliates&amp;utm_campaign=MD_PER_ALWAYSON_TRADEDOUBLER_ES_AFFILIATES_MIX_MIX_MIX_3136645&amp;utm_term=3136645&amp;utm_content=7\">Massimo Dutti<\/a>, @<a rel=\"noopener, noreferrer\" href=\"https:\/\/www.instagram.com\/p\/DaVeufaKQuI\/?hl=es\">zinafashionvibe<\/a><\/p>\n<p>En Trendencias |&nbsp;<a href=\"https:\/\/www.trendencias.com\/calzado-ellos\/nike-awake-ny-celebran-35-anos-air-jordan-6-version-azul-marino-aires-retrofuturistas\">Nike y Awake NY celebran 35 a\u00f1os de las Air Jordan 6 con una versi\u00f3n azul marino de aires retrofuturistas<\/a><\/p>\n<p>En Xataka |&nbsp;<a href=\"https:\/\/www.xataka.com\/ecologia-y-naturaleza\/creiamos-que-bolsas-pajitas-eran-culpable-contaminacion-oceanica-que-llena-gran-mancha-basura-pacifico-muy-diferente\">Cre\u00edamos que bolsas y pajitas eran los culpables de la contaminaci\u00f3n oce\u00e1nica. Pero lo que llena el vertedero del Pac\u00edfico viene de una industria completamente diferente<\/a><\/p>\n<p><!-- BREAK 6 --> <\/p>\n<p>En Espinof |&nbsp;<a href=\"https:\/\/www.trendencias.com\/preview\/espinof.com\/trailers\/bridgerton-mi-brillante-carrera-mejor-drama-epoca-momento-vuelve-su-temporada-4-promete-ser-canela-rama#mrfhud=true\">Ni &#8216;Los Bridgerton&#8217; ni &#8216;Mi brillante carrera&#8217;. El mejor drama de \u00e9poca del momento vuelve con su temporada 4 y promete ser canela en rama<\/a><\/p>\n","protected":false},"excerpt":{"rendered":"<p>Septiembre es el mes de hacerse con unas zapatillas nuevas. Ni mocasines, ni bailarinas, la vuelta a la rutina tras las vacaciones de verano nos piede unas sneakers que sean elegantes, pero c\u00f3modas, con un dise\u00f1o minimalista y funcional que encaje tanto con vestidos de lino como con pantalones de traje e incluso nuestros jeans [&hellip;]<\/p>\n","protected":false},"author":1,"featured_media":140997,"comment_status":"closed","ping_status":"closed","sticky":false,"template":"","format":"standard","meta":[],"categories":[],"tags":[],"_links":{"self":[{"href":"http:\/\/hoycordobaweb.com\/index.php\/wp-json\/wp\/v2\/posts\/140996"}],"collection":[{"href":"http:\/\/hoycordobaweb.com\/index.php\/wp-json\/wp\/v2\/posts"}],"about":[{"href":"http:\/\/hoycordobaweb.com\/index.php\/wp-json\/wp\/v2\/types\/post"}],"author":[{"embeddable":true,"href":"http:\/\/hoycordobaweb.com\/index.php\/wp-json\/wp\/v2\/users\/1"}],"replies":[{"embeddable":true,"href":"http:\/\/hoycordobaweb.com\/index.php\/wp-json\/wp\/v2\/comments?post=140996"}],"version-history":[{"count":0,"href":"http:\/\/hoycordobaweb.com\/index.php\/wp-json\/wp\/v2\/posts\/140996\/revisions"}],"wp:featuredmedia":[{"embeddable":true,"href":"http:\/\/hoycordobaweb.com\/index.php\/wp-json\/wp\/v2\/media\/140997"}],"wp:attachment":[{"href":"http:\/\/hoycordobaweb.com\/index.php\/wp-json\/wp\/v2\/media?parent=140996"}],"wp:term":[{"taxonomy":"category","embeddable":true,"href":"http:\/\/hoycordobaweb.com\/index.php\/wp-json\/wp\/v2\/categories?post=140996"},{"taxonomy":"post_tag","embeddable":true,"href":"http:\/\/hoycordobaweb.com\/index.php\/wp-json\/wp\/v2\/tags?post=140996"}],"curies":[{"name":"wp","href":"https:\/\/api.w.org\/{rel}","templated":true}]}}