{"id":140992,"date":"2026-08-31T13:01:05","date_gmt":"2026-08-31T13:01:05","guid":{"rendered":"https:\/\/www.mujerhoy.com\/moda\/no-te-pierdas\/vestido-nuevo-camisa-blanca-zara-basicos-sfera-20260831094357-nt.html"},"modified":"2026-08-31T13:01:05","modified_gmt":"2026-08-31T13:01:05","slug":"los-mejores-pantalones-tobilleros-para-la-vuelta-a-la-oficina","status":"publish","type":"post","link":"http:\/\/hoycordobaweb.com\/index.php\/2026\/08\/31\/los-mejores-pantalones-tobilleros-para-la-vuelta-a-la-oficina\/","title":{"rendered":"Los mejores pantalones tobilleros para la vuelta a la oficina"},"content":{"rendered":"<p><!-- AUTHOR --><\/p>\n<div class=\"voc-author-timesocial \">\n<!-- AUTHOR --><\/p>\n<div class=\"voc-author-timesocial__signature \">\n<!-- IMAGE AUTHOR -->\n<picture class=\"voc-image-signature\">\n<img class=\"voc-image-signature__img\" src=\"http:\/\/hoycordobaweb.com\/wp-content\/uploads\/2026\/08\/los-mejores-pantalones-tobilleros-para-la-vuelta-a-la-oficina.jpg\" alt=\"Gemma Cano\">\n<\/picture>\n<!-- INFO AUTHOR --><\/p>\n<div class=\"voc-author-timesocial__info\" data-mrf-recirculation=\"Autor\">\n<div class=\"voc-author-info\">\n<author><br \/>\n<a class=\"voc-author\" href=\"https:\/\/www.mujerhoy.com\/autor\/gemma-cano-1220.html\">Gemma Cano<\/a><br \/>\n<\/author><br \/>\n<!-- TIME --><br \/>\n<time datetime=\"2026-08-31T12:43:18Z\" data-timestamp><br \/>\nPublicado \u00b7 <span data-voc-date-modified-short> 31 de agosto de 2026, 14:43 h <\/span><br \/>\n<\/time>\n<\/div>\n<\/div>\n<\/div><\/div>\n<p> <!-- COMPONENTS --><\/p>\n<p class=\"voc-paragraph\">Ahora que las novedades de verano est\u00e1n empezando a retirarse, los avances de colecci\u00f3n de <a href=\"https:\/\/www.mujerhoy.com\/moda\/no-te-pierdas\/basicos-clasicos-para-armario-minimalista-otono-20260824163915-nt.html\" target=\"_self\" data-voc-vtm-id=\"in-text-traffic\" data-mrf-link=\"www.mujerhoy.com\" rel=\"noopener noreferrer\">oto\u00f1o<\/a> llegan con fuerza. Prendas y accesorios de tus tiendas favoritas, que aspiran a convertirse en <strong>un \u00e9xito de ventas<\/strong> durante los pr\u00f3ximos d\u00edas de <a href=\"https:\/\/www.mujerhoy.com\/moda\/no-te-pierdas\/novedades-looks-entretiempo-vuelta-oficina-septiembre-20260824100644-nt_amp.html\" target=\"_self\" data-voc-vtm-id=\"in-text-traffic\" data-mrf-link=\"www.mujerhoy.com\" rel=\"noopener noreferrer\">entretiempo<\/a>. <\/p>\n<p class=\"voc-paragraph\">Adem\u00e1s, las nuevas tendencias ya est\u00e1n aqu\u00ed para refrescar por completo todos los armarios. Hay mucho donde elegir, pero hemos seleccionado cuidadosamente una serie de <strong>compras que deber\u00edas tener bajo el radar<\/strong>. Hoy es el turno de Sfera, Parfois, S\u00e9zane y Pol\u00edn et moi.<\/p>\n<div class=\"v-c-cmp v-c-cmp--t1 \">\n<div class=\"v-cmp-rld v-cmp-rld--2 \">\n<div class=\"v-cnt-m v-cnt-m--m\">\n<div class=\"v-cnt-m__c\">\n<div class=\"v-cnt-m__w v-cnt-m__w--1\">\n<p class=\"v-cnt-m__t\">\nTAMBI\u00c9N TE INTERESA\n<\/p>\n<\/div>\n<\/div>\n<\/div>\n<div class=\"v-g v-g--2-c v-g--bdr-min-xs\">\n<div class=\"v-g__c \">\n<article class=\"v-a v-a--cmp-rld v-a--cmp-rld-2 v-a--p-l\">\n<div class=\"v-a-img-c\">\n<figure class=\"v-a-fig\">\n<a href=\"https:\/\/www.mujerhoy.com\/moda\/no-te-pierdas\/vestidos-marrones-mas-favorecedores-despues-verano-20260821104554-nt.html#vtm_modulosEngag=mod-rel:moda:noticia:1:cmp:2-not\" class=\"v-a-link\" title=\"Estos son los vestidos de color marr\u00f3n que tienes que incluir en tu armario de entretiempo\"><br \/>\n<img loading=\"lazy\" class=\"v-a-img\" src=\"http:\/\/hoycordobaweb.com\/wp-content\/uploads\/2026\/08\/los-mejores-pantalones-tobilleros-para-la-vuelta-a-la-oficina-1.jpg\" alt=\"Estos son los vestidos de color marr\u00f3n que tienes que incluir en tu armario de entretiempo\"><br \/>\n<\/a><br \/>\n<\/figure>\n<\/div>\n<\/article>\n<\/div>\n<div class=\"v-g__c \">\n<article class=\"v-a v-a--cmp-rld v-a--cmp-rld-2 v-a--p-l\">\n<div class=\"v-a-img-c\">\n<figure class=\"v-a-fig\">\n<a href=\"https:\/\/www.mujerhoy.com\/moda\/no-te-pierdas\/bolsos-satinados-microtendencia-invitadas-llevaras-otono-20260814234452-nt.html#vtm_modulosEngag=mod-rel:moda:noticia:2:cmp:2-not\" class=\"v-a-link\" title=\"Bolsos satinados: la microtendencia de invitadas que llevar\u00e1s ahora y en oto\u00f1o\"><br \/>\n<img loading=\"lazy\" class=\"v-a-img\" src=\"http:\/\/hoycordobaweb.com\/wp-content\/uploads\/2026\/08\/los-mejores-pantalones-tobilleros-para-la-vuelta-a-la-oficina-2.jpg\" alt=\"Bolsos satinados: la microtendencia de invitadas que llevar\u00e1s ahora y en oto\u00f1o\"><br \/>\n<\/a><br \/>\n<\/figure>\n<\/div>\n<\/article>\n<\/div>\n<\/div>\n<\/div>\n<\/div>\n<div class=\"v-c-cmp \">\n<div class=\"v-cmp-m v-cmp-m--t1\">\n<article class=\"v-a v-a--cmp-m v-c-cmp--m-p\">\n<div class=\"v-a-img-c v-a-img-c--fw-xs\">\n<div class=\"v-a-fig\">\n<div class=\"v-a-link\">\n<img loading=\"lazy\" src=\"http:\/\/hoycordobaweb.com\/wp-content\/uploads\/2026\/08\/los-mejores-pantalones-tobilleros-para-la-vuelta-a-la-oficina-3.jpg\" class=\"v-a-img\" width=\"650\" height=\"975\" alt=\"Camisa blanca de S\u00e9zane (135 euros)\" data-voc-vtm-id=\"in-text-traffic\">\n<\/div><figcaption class=\"v-fc\">\n<span class=\"v-fc__t\"><br \/>\nCamisa blanca de S\u00e9zane (135 euros)<br \/>\n<\/span><br \/>\n<\/figcaption><\/div>\n<\/div>\n<\/article>\n<\/div>\n<\/div>\n<p><h3 class=\"v-cmp-suh\">\nCamisa blanca de S\u00e9zane (135 euros)<br \/>\n<\/h3>\n<\/p>\n<p class=\"voc-paragraph\">Tus marcas francesas favoritas ya est\u00e1n desplegando todos sus avances de colecci\u00f3n de oto\u00f1o, que todav\u00eda conservan el sabor a entretiempo. Esta camisa blanca con bordados es uno de los dise\u00f1os los m\u00e1s deseados del momento. Ll\u00e9vala con un par de vaqueros rectos y tus complementos de oto\u00f1o favoritos.<\/p>\n<div class=\"v-c-cmp \">\n<div class=\"v-cmp-m v-cmp-m--t1\">\n<article class=\"v-a v-a--cmp-m v-c-cmp--m-p\">\n<div class=\"v-a-img-c v-a-img-c--fw-xs\">\n<div class=\"v-a-fig\">\n<div class=\"v-a-link\">\n<img loading=\"lazy\" src=\"http:\/\/hoycordobaweb.com\/wp-content\/uploads\/2026\/08\/los-mejores-pantalones-tobilleros-para-la-vuelta-a-la-oficina-4.jpg\" class=\"v-a-img\" width=\"650\" height=\"975\" alt=\"Bailarinas color burdeos de S\u00e9zane (170 euros)\" data-voc-vtm-id=\"in-text-traffic\">\n<\/div><figcaption class=\"v-fc\">\n<span class=\"v-fc__t\"><br \/>\nBailarinas color burdeos de S\u00e9zane (170 euros)<br \/>\n<\/span><br \/>\n<\/figcaption><\/div>\n<\/div>\n<\/article>\n<\/div>\n<\/div>\n<p><h3 class=\"v-cmp-suh\">\nBailarinas color burdeos de S\u00e9zane (170 euros)<br \/>\n<\/h3>\n<\/p>\n<p class=\"voc-paragraph\">Un accesorio cl\u00e1sico con un dise\u00f1o muy original con el que crear\u00e1s los mejores looks de entretiempo. Las bailarinas son una de las piezas estrella para hacer la transici\u00f3n del verano al oto\u00f1o. Y este dise\u00f1o de color burdeos es una de las propuestas m\u00e1s especiales de la nueva temporada.<\/p>\n<div class=\"v-c-cmp \">\n<div class=\"v-cmp-m v-cmp-m--t1\">\n<article class=\"v-a v-a--cmp-m v-c-cmp--m-p\">\n<div class=\"v-a-img-c v-a-img-c--fw-xs\">\n<div class=\"v-a-fig\">\n<div class=\"v-a-link\">\n<img loading=\"lazy\" src=\"http:\/\/hoycordobaweb.com\/wp-content\/uploads\/2026\/08\/los-mejores-pantalones-tobilleros-para-la-vuelta-a-la-oficina-5.jpg\" class=\"v-a-img\" width=\"650\" height=\"975\" alt=\"Vestido midi de S\u00e9zane (115 euros)\" data-voc-vtm-id=\"in-text-traffic\">\n<\/div><figcaption class=\"v-fc\">\n<span class=\"v-fc__t\"><br \/>\nVestido midi de S\u00e9zane (115 euros)<br \/>\n<\/span><br \/>\n<\/figcaption><\/div>\n<\/div>\n<\/article>\n<\/div>\n<\/div>\n<p><h3 class=\"v-cmp-suh\">\nVestido midi de S\u00e9zane (115 euros)<br \/>\n<\/h3>\n<\/p>\n<p class=\"voc-paragraph\">Es hora de empezar a descubrir las primeras prendas de entretiempo de cara al mes de septiembre. En este tipo dise\u00f1os drapeados son una apuesta segura para los d\u00edas de oto\u00f1o. Comb\u00ednalo con accesorios b\u00e1sicos, pero al mismo tiempo especiales.<\/p>\n<div class=\"v-c-cmp \">\n<div class=\"v-cmp-m v-cmp-m--t1\">\n<article class=\"v-a v-a--cmp-m v-c-cmp--m-p\">\n<div class=\"v-a-img-c v-a-img-c--fw-xs\">\n<div class=\"v-a-fig\">\n<div class=\"v-a-link\">\n<img loading=\"lazy\" src=\"http:\/\/hoycordobaweb.com\/wp-content\/uploads\/2026\/08\/los-mejores-pantalones-tobilleros-para-la-vuelta-a-la-oficina-6.jpg\" class=\"v-a-img\" width=\"650\" height=\"975\" alt=\"Blusa blanca de Sfera (39,99 euros)\" data-voc-vtm-id=\"in-text-traffic\">\n<\/div><figcaption class=\"v-fc\">\n<span class=\"v-fc__t\"><br \/>\nBlusa blanca de Sfera (39,99 euros)<br \/>\n<\/span><br \/>\n<\/figcaption><\/div>\n<\/div>\n<\/article>\n<\/div>\n<\/div>\n<p><h3 class=\"v-cmp-suh\">\nBlusa blanca de Sfera (39,99 euros)<br \/>\n<\/h3>\n<\/p>\n<p class=\"voc-paragraph\">Una prenda de entretiempo muy especial con el que acaparar\u00e1s todas las miradas durante los primeros d\u00edas de oto\u00f1o. Las camisas de estilo rom\u00e1ntico son una apuesta segura para cualquier look diario. Un dise\u00f1o de color crudo, con bordados, que podr\u00e1s llevar dentro y fuera de la oficina.<\/p>\n<div class=\"v-c-cmp \">\n<div class=\"v-cmp-m v-cmp-m--t1\">\n<article class=\"v-a v-a--cmp-m v-c-cmp--m-p\">\n<div class=\"v-a-img-c v-a-img-c--fw-xs\">\n<div class=\"v-a-fig\">\n<div class=\"v-a-link\">\n<img loading=\"lazy\" src=\"http:\/\/hoycordobaweb.com\/wp-content\/uploads\/2026\/08\/los-mejores-pantalones-tobilleros-para-la-vuelta-a-la-oficina-7.jpg\" class=\"v-a-img\" width=\"650\" height=\"975\" alt=\"Vestido rojo de Sfera (45,95 euros)\" data-voc-vtm-id=\"in-text-traffic\">\n<\/div><figcaption class=\"v-fc\">\n<span class=\"v-fc__t\"><br \/>\nVestido rojo de Sfera (45,95 euros)<br \/>\n<\/span><br \/>\n<\/figcaption><\/div>\n<\/div>\n<\/article>\n<\/div>\n<\/div>\n<p><h3 class=\"v-cmp-suh\">\nVestido rojo de Sfera (45,95 euros)<br \/>\n<\/h3>\n<\/p>\n<p class=\"voc-paragraph\">Ha llegado el momento de empezar a descubrir los primeros vestidos de fiesta de cara a las bodas de oto\u00f1o. Una propuesta drapeada muy elegante, que tienes que a\u00f1adir a tu lista de deseos de nueva temporada. Ll\u00e9valo con accesorios dorados o negros.<\/p>\n<div class=\"v-c-cmp v-c-cmp--s\">\n<div class=\"v-cmp-m \">\n<article class=\"v-a v-a--cmp-m v-c-cmp--m-z\">\n<div class=\"v-a-img-c \">\n<div class=\"v-a-fig\">\n<button class=\"v-a-link\" popovertarget=\"photo-366\"><br \/>\n<img loading=\"lazy\" src=\"http:\/\/hoycordobaweb.com\/wp-content\/uploads\/2026\/08\/los-mejores-pantalones-tobilleros-para-la-vuelta-a-la-oficina-8.jpg\" class=\"v-a-img\" width=\"650\" height=\"650\" alt=\"Bolso marr\u00f3n de Sfera (21,95 euros)\" data-voc-vtm-id=\"in-text-traffic\"> <\/button><figcaption class=\"v-fc\">\n<span class=\"v-fc__t\"><br \/>\nBolso marr\u00f3n de Sfera (21,95 euros)<br \/>\n<\/span><br \/>\n<\/figcaption><\/div>\n<\/div>\n<div id=\"photo-366\" popover class=\"v-mdl v-mdl--fw\">\n<button class=\"v-x\" popovertarget=\"photo-366\" popovertargetaction=\"hide\"><br \/>\n<span class=\"v-i\"><br \/>\n<svg width=\"24\" height=\"23.996\" viewBox=\"0 0 24 23.996\">\n<path data-name=\"Uni\u00f3n 29\" d=\"M12,14.03,2.031,24,0,21.963,9.968,12,0,2.033,2.031,0,12,9.966,21.969,0,24,2.033,14.032,12,24,21.963,21.969,24Z\" \/>\n<\/svg><br \/>\n<\/span><br \/>\n<\/button><\/p>\n<div class=\"v-mdl__c\">\n<div class=\"v-mdl__w\">\n<img loading=\"lazy\" src=\"http:\/\/hoycordobaweb.com\/wp-content\/uploads\/2026\/08\/los-mejores-pantalones-tobilleros-para-la-vuelta-a-la-oficina-8.jpg\" class=\"v-mdl__img-z\" width=\"650\" height=\"650\" alt>\n<\/div>\n<\/div>\n<\/div>\n<p><span class=\"v-bdp\"><\/span><br \/>\n<\/article>\n<\/div>\n<\/div>\n<p><h3 class=\"v-cmp-suh\">\nBolso marr\u00f3n de Sfera (21,95 euros)<br \/>\n<\/h3>\n<\/p>\n<p class=\"voc-paragraph\">Las nuevas colecciones de oto\u00f1o de tus tiendas favoritas est\u00e1n apostando por este tipo de accesorios en colores tierra. Un dise\u00f1o muy vers\u00e1til, que podr\u00e1s estrenar ahora pero que tambi\u00e9n llevar\u00e1s cuando bajen las temperaturas.<\/p>\n<div class=\"v-c-cmp \">\n<div class=\"v-cmp-m v-cmp-m--t1\">\n<article class=\"v-a v-a--cmp-m v-c-cmp--m-p\">\n<div class=\"v-a-img-c v-a-img-c--fw-xs\">\n<div class=\"v-a-fig\">\n<div class=\"v-a-link\">\n<img loading=\"lazy\" src=\"http:\/\/hoycordobaweb.com\/wp-content\/uploads\/2026\/08\/los-mejores-pantalones-tobilleros-para-la-vuelta-a-la-oficina-9.jpg\" class=\"v-a-img\" width=\"650\" height=\"975\" alt=\"Chaqueta de ante de Parfois (99,99 euros)\" data-voc-vtm-id=\"in-text-traffic\">\n<\/div><figcaption class=\"v-fc\">\n<span class=\"v-fc__t\"><br \/>\nChaqueta de ante de Parfois (99,99 euros)<br \/>\n<\/span><br \/>\n<\/figcaption><\/div>\n<\/div>\n<\/article>\n<\/div>\n<\/div>\n<p><h3 class=\"v-cmp-suh\">\nChaqueta de ante de Parfois (99,99 euros)<br \/>\n<\/h3>\n<\/p>\n<p class=\"voc-paragraph\">Siempre hay hueco en tu armario de oto\u00f1o para a\u00f1adir una nueva prenda de ante. Y el marr\u00f3n es siempre una apuesta segura para crear los mejores looks de entretiempo. \u00a1No la dejes escapar!<\/p>\n<div class=\"v-c-cmp v-c-cmp--s\">\n<div class=\"v-cmp-m \">\n<article class=\"v-a v-a--cmp-m v-c-cmp--m-z\">\n<div class=\"v-a-img-c \">\n<div class=\"v-a-fig\">\n<button class=\"v-a-link\" popovertarget=\"photo-943\"><br \/>\n<img loading=\"lazy\" src=\"http:\/\/hoycordobaweb.com\/wp-content\/uploads\/2026\/08\/los-mejores-pantalones-tobilleros-para-la-vuelta-a-la-oficina-10.jpg\" class=\"v-a-img\" width=\"650\" height=\"650\" alt=\"Bolso negro de Parfois (29,99 euros)\" data-voc-vtm-id=\"in-text-traffic\"> <\/button><figcaption class=\"v-fc\">\n<span class=\"v-fc__t\"><br \/>\nBolso negro de Parfois (29,99 euros)<br \/>\n<\/span><br \/>\n<\/figcaption><\/div>\n<\/div>\n<div id=\"photo-943\" popover class=\"v-mdl v-mdl--fw\">\n<button class=\"v-x\" popovertarget=\"photo-943\" popovertargetaction=\"hide\"><br \/>\n<span class=\"v-i\"><br \/>\n<svg width=\"24\" height=\"23.996\" viewBox=\"0 0 24 23.996\">\n<path data-name=\"Uni\u00f3n 29\" d=\"M12,14.03,2.031,24,0,21.963,9.968,12,0,2.033,2.031,0,12,9.966,21.969,0,24,2.033,14.032,12,24,21.963,21.969,24Z\" \/>\n<\/svg><br \/>\n<\/span><br \/>\n<\/button><\/p>\n<div class=\"v-mdl__c\">\n<div class=\"v-mdl__w\">\n<img loading=\"lazy\" src=\"http:\/\/hoycordobaweb.com\/wp-content\/uploads\/2026\/08\/los-mejores-pantalones-tobilleros-para-la-vuelta-a-la-oficina-10.jpg\" class=\"v-mdl__img-z\" width=\"650\" height=\"650\" alt>\n<\/div>\n<\/div>\n<\/div>\n<p><span class=\"v-bdp\"><\/span><br \/>\n<\/article>\n<\/div>\n<\/div>\n<p><h3 class=\"v-cmp-suh\">\nBolso negro de Parfois (29,99 euros)<br \/>\n<\/h3>\n<\/p>\n<p class=\"voc-paragraph\">Es hora de empezar a pensar en este tipo de accesorios con sabor a oto\u00f1o. Las tachuelas funcionan muy bien para poner un toque diferente a este tipo de bolsos.<\/p>\n<div class=\"v-c-cmp \">\n<div class=\"v-cmp-m v-cmp-m--t1\">\n<article class=\"v-a v-a--cmp-m v-c-cmp--m-p\">\n<div class=\"v-a-img-c v-a-img-c--fw-xs\">\n<div class=\"v-a-fig\">\n<div class=\"v-a-link\">\n<img loading=\"lazy\" src=\"http:\/\/hoycordobaweb.com\/wp-content\/uploads\/2026\/08\/los-mejores-pantalones-tobilleros-para-la-vuelta-a-la-oficina-11.jpg\" class=\"v-a-img\" width=\"650\" height=\"975\" alt=\"Chaqueta estampada de Parfois (79,99 euros)\" data-voc-vtm-id=\"in-text-traffic\">\n<\/div><figcaption class=\"v-fc\">\n<span class=\"v-fc__t\"><br \/>\nChaqueta estampada de Parfois (79,99 euros)<br \/>\n<\/span><br \/>\n<\/figcaption><\/div>\n<\/div>\n<\/article>\n<\/div>\n<\/div>\n<p><h3 class=\"v-cmp-suh\">\nChaqueta estampada de Parfois (79,99 euros)<br \/>\n<\/h3>\n<\/p>\n<p class=\"voc-paragraph\">Si hay una prenda que siempre resurge con la llegada del oto\u00f1o esa es el trench. Y acaba de llegar a las tiendas un dise\u00f1o muy especial, con estampado de cuadros, que podr\u00e1s llevar de mil y un maneras cuando bajen las temperaturas.<\/p>\n<div class=\"v-c-cmp \">\n<div class=\"v-cmp-m v-cmp-m--t1\">\n<article class=\"v-a v-a--cmp-m v-c-cmp--m-p\">\n<div class=\"v-a-img-c v-a-img-c--fw-xs\">\n<div class=\"v-a-fig\">\n<div class=\"v-a-link\">\n<img loading=\"lazy\" src=\"http:\/\/hoycordobaweb.com\/wp-content\/uploads\/2026\/08\/los-mejores-pantalones-tobilleros-para-la-vuelta-a-la-oficina-12.jpg\" class=\"v-a-img\" width=\"650\" height=\"975\" alt=\"Camisa blanca de Pol\u00edn et moi (45,95 euros)\" data-voc-vtm-id=\"in-text-traffic\">\n<\/div><figcaption class=\"v-fc\">\n<span class=\"v-fc__t\"><br \/>\nCamisa blanca de Pol\u00edn et moi (45,95 euros)<br \/>\n<\/span><br \/>\n<\/figcaption><\/div>\n<\/div>\n<\/article>\n<\/div>\n<\/div>\n<p><h3 class=\"v-cmp-suh\">\nCamisa blanca de Pol\u00edn et moi (45,95 euros)<br \/>\n<\/h3>\n<\/p>\n<p class=\"voc-paragraph\">Las blusas de estilo rom\u00e1ntico son siempre una apuesta segura para los looks de entretiempo. Y nada mejor que elegir un dise\u00f1o con bordados, en color blanco o crudo.<\/p>\n<div class=\"v-c-cmp \">\n<div class=\"v-cmp-m v-cmp-m--t1\">\n<article class=\"v-a v-a--cmp-m v-c-cmp--m-p\">\n<div class=\"v-a-img-c v-a-img-c--fw-xs\">\n<div class=\"v-a-fig\">\n<div class=\"v-a-link\">\n<img loading=\"lazy\" src=\"http:\/\/hoycordobaweb.com\/wp-content\/uploads\/2026\/08\/los-mejores-pantalones-tobilleros-para-la-vuelta-a-la-oficina-13.jpg\" class=\"v-a-img\" width=\"650\" height=\"975\" alt=\"Vaqueros con bordados de Pol\u00edn et moi (59,99 euros)\" data-voc-vtm-id=\"in-text-traffic\">\n<\/div><figcaption class=\"v-fc\">\n<span class=\"v-fc__t\"><br \/>\nVaqueros con bordados de Pol\u00edn et moi (59,99 euros)<br \/>\n<\/span><br \/>\n<\/figcaption><\/div>\n<\/div>\n<\/article>\n<\/div>\n<\/div>\n<p><h3 class=\"v-cmp-suh\">\nVaqueros con bordados de Pol\u00edn et moi (59,99 euros)<br \/>\n<\/h3>\n<\/p>\n<p class=\"voc-paragraph\">Un par de pantalones rectos, con bordados, que te resolver\u00e1 mil y un look durante los primeros d\u00edas de entretiempo. Apuesta por los tonos claros, como el blanco, el crudo o el beige.<\/p>\n<div class=\"v-c-cmp \">\n<div class=\"v-cmp-m v-cmp-m--t1\">\n<article class=\"v-a v-a--cmp-m v-c-cmp--m-p\">\n<div class=\"v-a-img-c v-a-img-c--fw-xs\">\n<div class=\"v-a-fig\">\n<div class=\"v-a-link\">\n<img loading=\"lazy\" src=\"http:\/\/hoycordobaweb.com\/wp-content\/uploads\/2026\/08\/los-mejores-pantalones-tobilleros-para-la-vuelta-a-la-oficina-14.jpg\" class=\"v-a-img\" width=\"650\" height=\"975\" alt=\"Chaqueta de punto de Pol\u00edn et moi (55,95 euros)\" data-voc-vtm-id=\"in-text-traffic\">\n<\/div><figcaption class=\"v-fc\">\n<span class=\"v-fc__t\"><br \/>\nChaqueta de punto de Pol\u00edn et moi (55,95 euros)<br \/>\n<\/span><br \/>\n<\/figcaption><\/div>\n<\/div>\n<\/article>\n<\/div>\n<\/div>\n<p><h3 class=\"v-cmp-suh\">\nChaqueta de punto de Pol\u00edn et moi (55,95 euros)<br \/>\n<\/h3>\n<\/p>\n<p class=\"voc-paragraph\">Y hemos dejado para el final una de las prendas de punto m\u00e1s deseadas de esta firma. Un original dise\u00f1o en color beige con volantes estampados con flores que no puedes dejar escapar esta temporada. Imprescindible.<\/p>\n<div class=\"v-c-cmp v-c-cmp--t1 \">\n<div class=\"v-cmp-rld v-cmp-rld--2 \">\n<div class=\"v-cnt-m v-cnt-m--m\">\n<div class=\"v-cnt-m__c\">\n<div class=\"v-cnt-m__w v-cnt-m__w--1\">\n<p class=\"v-cnt-m__t\">\nTAMBI\u00c9N TE INTERESA\n<\/p>\n<\/div>\n<\/div>\n<\/div>\n<div class=\"v-g v-g--2-c v-g--bdr-min-xs\">\n<div class=\"v-g__c \">\n<article class=\"v-a v-a--cmp-rld v-a--cmp-rld-2 v-a--p-l\">\n<div class=\"v-a-img-c\">\n<figure class=\"v-a-fig\">\n<a href=\"https:\/\/www.mujerhoy.com\/moda\/no-te-pierdas\/chaquetas-ligeras-vestidos-prendas-entretiempo-merece-pena-20260815141016-nt.html#vtm_modulosEngag=mod-rel:moda:noticia:1:cmp:2-not\" class=\"v-a-link\" title=\"De las chaquetas ligeras a los vestidos: las prendas de entretiempo que merece la pena fichar\"><br \/>\n<img loading=\"lazy\" class=\"v-a-img\" src=\"http:\/\/hoycordobaweb.com\/wp-content\/uploads\/2026\/08\/los-mejores-pantalones-tobilleros-para-la-vuelta-a-la-oficina-15.jpg\" alt=\"De las chaquetas ligeras a los vestidos: las prendas de entretiempo que merece la pena fichar\"><br \/>\n<\/a><br \/>\n<\/figure>\n<\/div>\n<\/article>\n<\/div>\n<div class=\"v-g__c \">\n<article class=\"v-a v-a--cmp-rld v-a--cmp-rld-2 v-a--p-l\">\n<div class=\"v-a-img-c\">\n<figure class=\"v-a-fig\">\n<a href=\"https:\/\/www.mujerhoy.com\/moda\/no-te-pierdas\/mejores-vaqueros-septiembre-favorecedores-bonitos-20260822161102-nt.html#vtm_modulosEngag=mod-rel:moda:noticia:2:cmp:2-not\" class=\"v-a-link\" title=\"Si est\u00e1s lista para usar vaqueros, estos son los \u00fanicos que deber\u00edas llevar\"><br \/>\n<img loading=\"lazy\" class=\"v-a-img\" src=\"http:\/\/hoycordobaweb.com\/wp-content\/uploads\/2026\/08\/los-mejores-pantalones-tobilleros-para-la-vuelta-a-la-oficina-16.jpg\" alt=\"Si est\u00e1s lista para usar vaqueros, estos son los \u00fanicos que deber\u00edas llevar\"><br \/>\n<\/a><br \/>\n<\/figure>\n<\/div>\n<\/article>\n<\/div>\n<\/div>\n<\/div>\n<\/div>\n<div class=\"media_block\"><\/div>\n","protected":false},"excerpt":{"rendered":"<p>Gemma Cano Publicado \u00b7 31 de agosto de 2026, 14:43 h Ahora que las novedades de verano est\u00e1n empezando a retirarse, los avances de colecci\u00f3n de oto\u00f1o llegan con fuerza. Prendas y accesorios de tus tiendas favoritas, que aspiran a convertirse en un \u00e9xito de ventas durante los pr\u00f3ximos d\u00edas de entretiempo. Adem\u00e1s, las nuevas [&hellip;]<\/p>\n","protected":false},"author":1,"featured_media":140993,"comment_status":"closed","ping_status":"closed","sticky":false,"template":"","format":"standard","meta":[],"categories":[],"tags":[],"_links":{"self":[{"href":"http:\/\/hoycordobaweb.com\/index.php\/wp-json\/wp\/v2\/posts\/140992"}],"collection":[{"href":"http:\/\/hoycordobaweb.com\/index.php\/wp-json\/wp\/v2\/posts"}],"about":[{"href":"http:\/\/hoycordobaweb.com\/index.php\/wp-json\/wp\/v2\/types\/post"}],"author":[{"embeddable":true,"href":"http:\/\/hoycordobaweb.com\/index.php\/wp-json\/wp\/v2\/users\/1"}],"replies":[{"embeddable":true,"href":"http:\/\/hoycordobaweb.com\/index.php\/wp-json\/wp\/v2\/comments?post=140992"}],"version-history":[{"count":0,"href":"http:\/\/hoycordobaweb.com\/index.php\/wp-json\/wp\/v2\/posts\/140992\/revisions"}],"wp:featuredmedia":[{"embeddable":true,"href":"http:\/\/hoycordobaweb.com\/index.php\/wp-json\/wp\/v2\/media\/140993"}],"wp:attachment":[{"href":"http:\/\/hoycordobaweb.com\/index.php\/wp-json\/wp\/v2\/media?parent=140992"}],"wp:term":[{"taxonomy":"category","embeddable":true,"href":"http:\/\/hoycordobaweb.com\/index.php\/wp-json\/wp\/v2\/categories?post=140992"},{"taxonomy":"post_tag","embeddable":true,"href":"http:\/\/hoycordobaweb.com\/index.php\/wp-json\/wp\/v2\/tags?post=140992"}],"curies":[{"name":"wp","href":"https:\/\/api.w.org\/{rel}","templated":true}]}}