{"id":140986,"date":"2026-08-31T16:02:46","date_gmt":"2026-08-31T16:02:46","guid":{"rendered":"https:\/\/www.ole.com.ar\/futbol-internacional\/espana\/barcelona-julian-alvarez-lautaro-martnez-delantero-gabriel-jesus-sudamericano-laliga-champions_0_OYUMMdtGDR.html"},"modified":"2026-08-31T16:02:46","modified_gmt":"2026-08-31T16:02:46","slug":"sin-julian-ni-lautaro-el-delantero-sudamericano-que-llego-a-barcelona","status":"publish","type":"post","link":"http:\/\/hoycordobaweb.com\/index.php\/2026\/08\/31\/sin-julian-ni-lautaro-el-delantero-sudamericano-que-llego-a-barcelona\/","title":{"rendered":"Sin Juli\u00e1n ni Lautaro: el delantero sudamericano que lleg\u00f3 a Barcelona"},"content":{"rendered":"<p><img src=\"http:\/\/hoycordobaweb.com\/wp-content\/uploads\/2026\/08\/sin-julian-ni-lautaro-el-delantero-sudamericano-que-llego-a-barcelona.jpg\"><\/p>\n<div id=\"element-body-0\" class=\"sc-df222161-0 hNvwjb\" readability=\"37\">\n<p>Juli\u00e1n \u00c1lvarez protagoniz\u00f3 el culebr\u00f3n del mercado de pases entre Barcelona y Atl\u00e9tico Madrid. El Colchonero desestim\u00f3 cualquier anhelo de gesti\u00f3n con los catalanes, que tambi\u00e9n buscaron a Lautaro Mart\u00ednez para ocupar esa posici\u00f3n de referencia de \u00e1rea. Y finalmente, <strong> el que lleg\u00f3 al Cul\u00e9 es un atacante brasile\u00f1o.<\/strong><\/p>\n<\/div>\n<div id=\"element-body-1\" class=\"sc-df222161-0 hNvwjb\" readability=\"37\">\n<p>Se trata de Gabriel Jesus, quien ya aterriz\u00f3 en territorio catal\u00e1n y se mostr\u00f3 \u00abmuy feliz\u00bb a su llegada al equipo, donde este mismo lunes realiz\u00f3 el reconocimiento m\u00e9dico <strong>antes de firmar hasta 2028, con opci\u00f3n a una temporada m\u00e1s. <\/strong><\/p>\n<\/div>\n<div id=\"element-body-2\" class=\"sc-df222161-0 hNvwjb\" readability=\"37\">\n<p>El punta de 29 a\u00f1os dej\u00f3 al Arsenal y dio sus primeras impresiones positivas al llegar al Aeropuerto Barcelona-El Prat Josep Tarradellas. <strong>\u00abEstoy muy feliz y muy contento\u00bb<\/strong>, le dijo el paulista a los medios presentes mientras hac\u00eda su caracter\u00edstico gesto del tel\u00e9fono, con el que habitualmente celebra sus goles.<\/p>\n<\/div>\n<div class=\"sc-c0843421-0 iNysjD image-embed\" id=\"element-body-3\"><img alt=\"Gabriel Jesus lleg\u00f3 a Barcelona.\" loading=\"lazy\" width=\"720\" height=\"100\" decoding=\"async\" data-nimg=\"1\" src=\"http:\/\/hoycordobaweb.com\/wp-content\/uploads\/2026\/08\/sin-julian-ni-lautaro-el-delantero-sudamericano-que-llego-a-barcelona-2.jpg\"><span class=\"epigraphe\">Gabriel Jesus lleg\u00f3 a Barcelona.<\/span><\/div>\n<div id=\"element-body-4\" class=\"sc-df222161-0 hNvwjb\" readability=\"35\">\n<p><strong>\u00abEstoy perfecto\u00bb<\/strong>, respondi\u00f3 Gabriel Jesus antes de ir al centro m\u00e9dico donde se someti\u00f3 a los ex\u00e1menes pertinentes. La consulta fue dirigida al estado f\u00edsico que lo perjudic\u00f3 en la pasada temporada con los Gunners.<\/p>\n<\/div>\n<div id=\"element-body-5\" class=\"sc-df222161-0 hNvwjb\" readability=\"35\">\n<p>Al Arsenal le corresponden de la operaci\u00f3n unos 10 millones de euros m\u00e1s variables para cerrar la llegada del brasile\u00f1o al Blaugrana, que logra cerrar un fichaje necesario tras las salidas de Robert Lewandowski y Ferran Torres.<\/p>\n<\/div>\n<div class=\"sc-c0843421-0 iNysjD image-embed\" id=\"element-body-6\"><img alt=\"Los jugadores del Barcelona, con puntaje ideal en LaLiga.\" loading=\"lazy\" width=\"720\" height=\"100\" decoding=\"async\" data-nimg=\"1\" src=\"http:\/\/hoycordobaweb.com\/wp-content\/uploads\/2026\/08\/sin-julian-ni-lautaro-el-delantero-sudamericano-que-llego-a-barcelona-3.jpg\"><span class=\"epigraphe\">Los jugadores del Barcelona, con puntaje ideal en LaLiga.<\/span><\/div>\n<p><h2><strong>La carrera de Gabriel Jesus en n\u00fameros<\/strong><\/h2>\n<\/p>\n<div id=\"element-body-8\" class=\"sc-df222161-0 hNvwjb\" readability=\"37\">\n<p>Formado en el Palmeiras, Gabriel Jesus es un experimentado delantero que en el f\u00fatbol europeo ha marcado 127 goles, 95 de ellos en 236 partidos con el Manchester City y 32 en 123 duelos con la camiseta del Arsenal, su \u00faltimo club.<\/p>\n<\/div>\n<div id=\"element-body-9\" class=\"sc-df222161-0 hNvwjb\" readability=\"35\">\n<p>Jug\u00f3 dos veces el Mundial con la Selecci\u00f3n de Brasil y gan\u00f3 una de las dos Copa Am\u00e9rica que disput\u00f3 (2019) con 19 tantos personales en 59 compromisos internacionales. Adem\u00e1s, es campe\u00f3n ol\u00edmpico de R\u00edo de Janeiro 2016.<\/p>\n<\/div>\n<div id=\"element-body-10\" class=\"sc-df222161-0 hNvwjb\" readability=\"35\">\n<p>En su palmar\u00e9s personal, se destacan dos con el Verdao (Brasileirao y Copa Brasil), m\u00e1s otros 11 con el City (todos locales) y dos m\u00e1s en el Arsenal (Community Shield y la pasada Premier League)<\/p>\n<\/div>\n<div class=\"sc-c0843421-0 iNysjD image-embed\" id=\"element-body-11\"><img alt=\"Gabriel Jesus, ex Arsenal.\" loading=\"lazy\" width=\"720\" height=\"100\" decoding=\"async\" data-nimg=\"1\" src=\"http:\/\/hoycordobaweb.com\/wp-content\/uploads\/2026\/08\/sin-julian-ni-lautaro-el-delantero-sudamericano-que-llego-a-barcelona-4.jpg\"><span class=\"epigraphe\">Gabriel Jesus, ex Arsenal.<\/span><\/div>\n<div id=\"element-body-12\" class=\"sc-a7166897-0 eTTZWU\" readability=\"31.5\">\n<section readability=\"3\"><picture><img alt=\"La dr\u00e1stica decisi\u00f3n que tomaron los hinchas del Rayo Vallecano para oponerse a la construcci\u00f3n de un nuevo estadio \" loading=\"lazy\" width=\"290\" height=\"290\" decoding=\"async\" data-nimg=\"1\" src=\"http:\/\/hoycordobaweb.com\/wp-content\/uploads\/2026\/08\/sin-julian-ni-lautaro-el-delantero-sudamericano-que-llego-a-barcelona-5.jpg\"><\/picture>\n<p><span>Mir\u00e1 tambi\u00e9n<\/span><\/p>\n<hr>\n<h3>La dr\u00e1stica decisi\u00f3n que tomaron los hinchas del Rayo Vallecano para oponerse a la construcci\u00f3n de un nuevo estadio<br \/>\n<\/h3>\n<\/p>\n<\/section>\n<\/div>\n<div id=\"element-body-13\" class=\"sc-a7166897-0 eTTZWU\" readability=\"32\">\n<section readability=\"4\"><picture><img alt=\"Dej\u00f3 Francia, lleg\u00f3 al Liverpool y se convirti\u00f3 en el segundo refuerzo m\u00e1s caro de la historia de la Premier\" loading=\"lazy\" width=\"290\" height=\"290\" decoding=\"async\" data-nimg=\"1\" src=\"http:\/\/hoycordobaweb.com\/wp-content\/uploads\/2026\/08\/sin-julian-ni-lautaro-el-delantero-sudamericano-que-llego-a-barcelona-6.jpg\"><\/picture>\n<p><span>Mir\u00e1 tambi\u00e9n<\/span><\/p>\n<hr>\n<h3>Dej\u00f3 Francia, lleg\u00f3 al Liverpool y se convirti\u00f3 en el segundo refuerzo m\u00e1s caro de la historia de la Premier<\/h3>\n<\/p>\n<\/section>\n<\/div>\n<div id=\"element-body-14\" class=\"sc-a7166897-0 eTTZWU\" readability=\"31.5\">\n<section readability=\"3\"><picture><img alt=\"Pol\u00e9mica en redes por la edad del verdugo que le convirti\u00f3 el primer gol al Dibu en Chelsea y dijo &quot;sufro de alopecia cr\u00f3nica&quot;\" loading=\"lazy\" width=\"290\" height=\"290\" decoding=\"async\" data-nimg=\"1\" src=\"http:\/\/hoycordobaweb.com\/wp-content\/uploads\/2026\/08\/sin-julian-ni-lautaro-el-delantero-sudamericano-que-llego-a-barcelona-7.jpg\"><\/picture>\n<p><span>Mir\u00e1 tambi\u00e9n<\/span><\/p>\n<hr>\n<h3>Pol\u00e9mica en redes por la edad del verdugo que le convirti\u00f3 el primer gol al Dibu en Chelsea y dijo \u00absufro de alopecia cr\u00f3nica\u00bb<\/h3>\n<\/p>\n<\/section>\n<\/div>\n","protected":false},"excerpt":{"rendered":"<p>Juli\u00e1n \u00c1lvarez protagoniz\u00f3 el culebr\u00f3n del mercado de pases entre Barcelona y Atl\u00e9tico Madrid. El Colchonero desestim\u00f3 cualquier anhelo de gesti\u00f3n con los catalanes, que tambi\u00e9n buscaron a Lautaro Mart\u00ednez para ocupar esa posici\u00f3n de referencia de \u00e1rea. Y finalmente, el que lleg\u00f3 al Cul\u00e9 es un atacante brasile\u00f1o. Se trata de Gabriel Jesus, quien [&hellip;]<\/p>\n","protected":false},"author":1,"featured_media":140987,"comment_status":"open","ping_status":"closed","sticky":false,"template":"","format":"standard","meta":[],"categories":[16],"tags":[],"_links":{"self":[{"href":"http:\/\/hoycordobaweb.com\/index.php\/wp-json\/wp\/v2\/posts\/140986"}],"collection":[{"href":"http:\/\/hoycordobaweb.com\/index.php\/wp-json\/wp\/v2\/posts"}],"about":[{"href":"http:\/\/hoycordobaweb.com\/index.php\/wp-json\/wp\/v2\/types\/post"}],"author":[{"embeddable":true,"href":"http:\/\/hoycordobaweb.com\/index.php\/wp-json\/wp\/v2\/users\/1"}],"replies":[{"embeddable":true,"href":"http:\/\/hoycordobaweb.com\/index.php\/wp-json\/wp\/v2\/comments?post=140986"}],"version-history":[{"count":0,"href":"http:\/\/hoycordobaweb.com\/index.php\/wp-json\/wp\/v2\/posts\/140986\/revisions"}],"wp:featuredmedia":[{"embeddable":true,"href":"http:\/\/hoycordobaweb.com\/index.php\/wp-json\/wp\/v2\/media\/140987"}],"wp:attachment":[{"href":"http:\/\/hoycordobaweb.com\/index.php\/wp-json\/wp\/v2\/media?parent=140986"}],"wp:term":[{"taxonomy":"category","embeddable":true,"href":"http:\/\/hoycordobaweb.com\/index.php\/wp-json\/wp\/v2\/categories?post=140986"},{"taxonomy":"post_tag","embeddable":true,"href":"http:\/\/hoycordobaweb.com\/index.php\/wp-json\/wp\/v2\/tags?post=140986"}],"curies":[{"name":"wp","href":"https:\/\/api.w.org\/{rel}","templated":true}]}}