{"id":140984,"date":"2026-08-31T16:49:47","date_gmt":"2026-08-31T16:49:47","guid":{"rendered":"https:\/\/www.ole.com.ar\/futbol-internacional\/echeverri-prestamo-prestianni-benfica-city_0_CMqdrupQot.html"},"modified":"2026-08-31T16:49:47","modified_gmt":"2026-08-31T16:49:47","slug":"otro-prestamo-para-echeverri-a-un-paso-del-benfica-y-cuarta-camiseta-en-un-ano","status":"publish","type":"post","link":"http:\/\/hoycordobaweb.com\/index.php\/2026\/08\/31\/otro-prestamo-para-echeverri-a-un-paso-del-benfica-y-cuarta-camiseta-en-un-ano\/","title":{"rendered":"Otro pr\u00e9stamo para Echeverri: a un paso del Benfica y cuarta camiseta en un a\u00f1o"},"content":{"rendered":"<p><img src=\"http:\/\/hoycordobaweb.com\/wp-content\/uploads\/2026\/08\/otro-prestamo-para-echeverri-a-un-paso-del-benfica-y-cuarta-camiseta-en-un-ano.jpg\"><\/p>\n<div id=\"element-body-0\" class=\"sc-df222161-0 hNvwjb\" readability=\"34.325301204819\">\n<p><a href=\"https:\/\/www.ole.com.ar\/tema\/claudio-echeverri.html\" title=\"Claudio Echeverri\" alt=\"Claudio Echeverri\" class=\"slug\">Claudio Echeverri<\/a> est\u00e1 <strong>a punto de vestir la cuarta camiseta en un a\u00f1o<\/strong>. Luego de estar en el banco y no ingresar el pasado viernes, en el 4-1 de Manchester City al Crystal Palace por la Premier League y a horas del cierre de los mercados de pases en las principales ligas de Europa, <strong>el Diablito est\u00e1 muy cerca de pasar al <\/strong><a href=\"https:\/\/www.ole.com.ar\/tema\/benfica.html\" title=\"Benfica\" alt=\"Benfica\" class=\"slug\">Benfica<\/a>.<\/p>\n<\/div>\n<div id=\"element-body-1\" class=\"sc-df222161-0 hNvwjb\" readability=\"34.672185430464\">\n<p>Otra vez sin el lugar pretendido en el equipo ingl\u00e9s que ahora dirige Enzo Maresca, el talentoso jugador de 20 a\u00f1os busca minutos en un club que arranc\u00f3 la temporada de muy buena manera con <strong>un gran presente de <a href=\"https:\/\/www.ole.com.ar\/tema\/gianluca-prestianni.html\" title=\"Gianluca Prestianni\" alt=\"Gianluca Prestianni\" class=\"slug\">Gianluca Prestianni<\/a> <\/strong>(ya sin Otamendi, el otro argentino del plantel es Enzo Barrenechea).<\/p>\n<\/div>\n<p><h2><strong>De club en club<\/strong><\/h2>\n<\/p>\n<div id=\"element-body-3\" class=\"sc-df222161-0 hNvwjb\" readability=\"37\">\n<p>En enero del 2024, River anunci\u00f3 oficialmente la transferencia de Echeverri al Manchester City en 15 millones de euros m\u00e1s 9 en variables: como se firm\u00f3, el chaque\u00f1o se incorpor\u00f3 al equipo de Guardiola a principios del 2025: <strong>en los Ciudadanos jug\u00f3 tres partidos y meti\u00f3 un gol <\/strong>(en el Mundial de Clubes).<\/p>\n<\/div>\n<div id=\"element-body-4\" class=\"sc-df222161-0 hNvwjb\" readability=\"32.075187969925\">\n<p>El 23 de agosto del a\u00f1o pasado debut\u00f3 en el <a href=\"https:\/\/www.ole.com.ar\/tema\/bayer-leverkusen.html\" title=\"Bayer Leverkusen\" alt=\"Bayer Leverkusen\" class=\"slug\">Bayer Leverkusen<\/a> (jug\u00f3 11 partidos), el 26 de enero de este 2026 tuvo su estreno en el <a href=\"https:\/\/www.ole.com.ar\/tema\/girona.html\" title=\"girona\" alt=\"girona\" class=\"slug\">Girona<\/a> (17 partidos y un gol), en esta pretemporada en Europa jug\u00f3 dos amistosos para el City y ahora qued\u00f3 muy cerca del <a href=\"https:\/\/www.ole.com.ar\/tema\/benfica.html\" title=\"Benfica\" alt=\"Benfica\" class=\"slug\">Benfica<\/a>.<\/p>\n<\/div>\n<div id=\"element-body-5\" class=\"sc-df222161-0 hNvwjb\" readability=\"36\">\n<p>En el medio, fue incluido por Lionel Scaloni en la prelista de 55 jugadores para la Copa del Mundo. Justamente, el Diablito busca continuidad para ser parte del nuevo proceso de la Selecci\u00f3n que -con o sin Scaloni- comenzar\u00e1 luego del Mundial 2026.<\/p>\n<\/div>\n<p><h2><strong>Las tres camisetas que visti\u00f3 en el a\u00f1o<\/strong><\/h2>\n<\/p>\n<p><h3><strong>La del City<\/strong><\/h3>\n<\/p>\n<div class=\"sc-c0843421-0 iNysjD image-embed\" id=\"element-body-8\"><img alt=\"El festejo de su \u00fanico gol con el Manchester City.\n(AP Photo\/Mike Stewart)\" loading=\"lazy\" width=\"720\" height=\"100\" decoding=\"async\" data-nimg=\"1\" src=\"http:\/\/hoycordobaweb.com\/wp-content\/uploads\/2026\/08\/otro-prestamo-para-echeverri-a-un-paso-del-benfica-y-cuarta-camiseta-en-un-ano-2.jpg\"><span class=\"epigraphe\">El festejo de su \u00fanico gol con el Manchester City.<br \/>\n(AP Photo\/Mike Stewart)<\/span><\/div>\n<p><h3><strong>La del Leverkusen<\/strong><\/h3>\n<\/p>\n<div class=\"sc-c0843421-0 iNysjD image-embed\" id=\"element-body-10\"><img alt=\"Echeverri ante Vitinha, en un Leverkusen-PSG por la Champions.\nEFE\/EPA\/CHRISTOPHER NEUNDORF\" loading=\"lazy\" width=\"720\" height=\"100\" decoding=\"async\" data-nimg=\"1\" src=\"http:\/\/hoycordobaweb.com\/wp-content\/uploads\/2026\/08\/otro-prestamo-para-echeverri-a-un-paso-del-benfica-y-cuarta-camiseta-en-un-ano-3.jpg\"><span class=\"epigraphe\">Echeverri ante Vitinha, en un Leverkusen-PSG por la Champions.<br \/>\nEFE\/EPA\/CHRISTOPHER NEUNDORF<\/span><\/div>\n<p><h3><strong>La del Girona<\/strong><\/h3>\n<\/p>\n<div class=\"sc-c0843421-0 iNysjD image-embed\" id=\"element-body-12\"><img alt=\"Echeverri festeja su \u00fanico gol en el Girona. (Foto: Prensa Girona)\" loading=\"lazy\" width=\"720\" height=\"100\" decoding=\"async\" data-nimg=\"1\" src=\"http:\/\/hoycordobaweb.com\/wp-content\/uploads\/2026\/08\/otro-prestamo-para-echeverri-a-un-paso-del-benfica-y-cuarta-camiseta-en-un-ano-4.jpg\"><span class=\"epigraphe\">Echeverri festeja su \u00fanico gol en el Girona. (Foto: Prensa Girona)<\/span><\/div>\n<div id=\"element-body-14\" class=\"sc-a7166897-0 eTTZWU\" readability=\"32\">\n<section readability=\"4\"><picture><img alt=\"Dej\u00f3 Francia, lleg\u00f3 al Liverpool y se convirti\u00f3 en el segundo refuerzo m\u00e1s caro de la historia de la Premier\" loading=\"lazy\" width=\"290\" height=\"290\" decoding=\"async\" data-nimg=\"1\" src=\"http:\/\/hoycordobaweb.com\/wp-content\/uploads\/2026\/08\/otro-prestamo-para-echeverri-a-un-paso-del-benfica-y-cuarta-camiseta-en-un-ano-5.jpg\"><\/picture>\n<p><span>Mir\u00e1 tambi\u00e9n<\/span><\/p>\n<hr>\n<h3>Dej\u00f3 Francia, lleg\u00f3 al Liverpool y se convirti\u00f3 en el segundo refuerzo m\u00e1s caro de la historia de la Premier<\/h3>\n<\/p>\n<\/section>\n<\/div>\n<div id=\"element-body-15\" class=\"sc-a7166897-0 eTTZWU\" readability=\"31\">\n<section readability=\"2\"><picture><img alt=\"El \u00e1cido mensaje que public\u00f3 Nico Gonz\u00e1lez contra la prensa de Italia\" loading=\"lazy\" width=\"290\" height=\"290\" decoding=\"async\" data-nimg=\"1\" src=\"http:\/\/hoycordobaweb.com\/wp-content\/uploads\/2026\/08\/otro-prestamo-para-echeverri-a-un-paso-del-benfica-y-cuarta-camiseta-en-un-ano-6.jpg\"><\/picture>\n<p><span>Mir\u00e1 tambi\u00e9n<\/span><\/p>\n<hr>\n<h3>El \u00e1cido mensaje que public\u00f3 Nico Gonz\u00e1lez contra la prensa de Italia<\/h3>\n<\/p>\n<\/section>\n<\/div>\n<div id=\"element-body-16\" class=\"sc-a7166897-0 eTTZWU\" readability=\"31.5\">\n<section readability=\"3\"><picture><img alt=\"Pol\u00e9mica en redes por la edad del verdugo que le convirti\u00f3 el primer gol al Dibu en Chelsea y dijo &quot;sufro de alopecia cr\u00f3nica&quot;\" loading=\"lazy\" width=\"290\" height=\"290\" decoding=\"async\" data-nimg=\"1\" src=\"http:\/\/hoycordobaweb.com\/wp-content\/uploads\/2026\/08\/otro-prestamo-para-echeverri-a-un-paso-del-benfica-y-cuarta-camiseta-en-un-ano-7.jpg\"><\/picture>\n<p><span>Mir\u00e1 tambi\u00e9n<\/span><\/p>\n<hr>\n<h3>Pol\u00e9mica en redes por la edad del verdugo que le convirti\u00f3 el primer gol al Dibu en Chelsea y dijo \u00absufro de alopecia cr\u00f3nica\u00bb<\/h3>\n<\/p>\n<\/section>\n<\/div>\n","protected":false},"excerpt":{"rendered":"<p>Claudio Echeverri est\u00e1 a punto de vestir la cuarta camiseta en un a\u00f1o. Luego de estar en el banco y no ingresar el pasado viernes, en el 4-1 de Manchester City al Crystal Palace por la Premier League y a horas del cierre de los mercados de pases en las principales ligas de Europa, el [&hellip;]<\/p>\n","protected":false},"author":1,"featured_media":140985,"comment_status":"open","ping_status":"closed","sticky":false,"template":"","format":"standard","meta":[],"categories":[16],"tags":[],"_links":{"self":[{"href":"http:\/\/hoycordobaweb.com\/index.php\/wp-json\/wp\/v2\/posts\/140984"}],"collection":[{"href":"http:\/\/hoycordobaweb.com\/index.php\/wp-json\/wp\/v2\/posts"}],"about":[{"href":"http:\/\/hoycordobaweb.com\/index.php\/wp-json\/wp\/v2\/types\/post"}],"author":[{"embeddable":true,"href":"http:\/\/hoycordobaweb.com\/index.php\/wp-json\/wp\/v2\/users\/1"}],"replies":[{"embeddable":true,"href":"http:\/\/hoycordobaweb.com\/index.php\/wp-json\/wp\/v2\/comments?post=140984"}],"version-history":[{"count":0,"href":"http:\/\/hoycordobaweb.com\/index.php\/wp-json\/wp\/v2\/posts\/140984\/revisions"}],"wp:featuredmedia":[{"embeddable":true,"href":"http:\/\/hoycordobaweb.com\/index.php\/wp-json\/wp\/v2\/media\/140985"}],"wp:attachment":[{"href":"http:\/\/hoycordobaweb.com\/index.php\/wp-json\/wp\/v2\/media?parent=140984"}],"wp:term":[{"taxonomy":"category","embeddable":true,"href":"http:\/\/hoycordobaweb.com\/index.php\/wp-json\/wp\/v2\/categories?post=140984"},{"taxonomy":"post_tag","embeddable":true,"href":"http:\/\/hoycordobaweb.com\/index.php\/wp-json\/wp\/v2\/tags?post=140984"}],"curies":[{"name":"wp","href":"https:\/\/api.w.org\/{rel}","templated":true}]}}