{"id":140982,"date":"2026-08-31T16:52:42","date_gmt":"2026-08-31T16:52:42","guid":{"rendered":"https:\/\/www.ole.com.ar\/mls\/inter-miami\/riquelme-por-roman-brasileno-cerca-jugar-con-messi-inter-miami_0_FkJ1YbApXE.html"},"modified":"2026-08-31T16:52:42","modified_gmt":"2026-08-31T16:52:42","slug":"riquelme-por-roman-el-brasileno-que-esta-cerca-de-jugar-con-messi","status":"publish","type":"post","link":"http:\/\/hoycordobaweb.com\/index.php\/2026\/08\/31\/riquelme-por-roman-el-brasileno-que-esta-cerca-de-jugar-con-messi\/","title":{"rendered":"Riquelme, por Rom\u00e1n: el brasile\u00f1o que est\u00e1 cerca de jugar con Messi"},"content":{"rendered":"<p><img src=\"http:\/\/hoycordobaweb.com\/wp-content\/uploads\/2026\/08\/riquelme-por-roman-el-brasileno-que-esta-cerca-de-jugar-con-messi.jpg\"><\/p>\n<div id=\"element-body-0\" class=\"sc-df222161-0 hNvwjb\" readability=\"30.712418300654\">\n<p><strong><a href=\"https:\/\/www.ole.com.ar\/tema\/inter-miami.html\" title=\"Inter Miami\" alt=\"Inter Miami\" class=\"slug\">Inter Miami<\/a><\/strong> avanza por una incorporaci\u00f3n que tiene un detalle imposible de pasar por alto para el f\u00fatbol argentino: <strong>Riquelme Fillipi<\/strong>, el joven extremo brasile\u00f1o de <strong><a href=\"https:\/\/www.ole.com.ar\/tema\/palmeiras.html\" title=\"Palmeiras\" alt=\"Palmeiras\" class=\"slug\">Palmeiras<\/a><\/strong> que lleva el nombre en homenaje a <strong><a href=\"https:\/\/www.ole.com.ar\/tema\/juan-roman-riquelme.html\" title=\"Juan Rom\u00e1n Riquelme\" alt=\"Juan Rom\u00e1n Riquelme\" class=\"slug\">Juan Rom\u00e1n Riquelme<\/a><\/strong>, est\u00e1 cerca de convertirse en nuevo compa\u00f1ero de <strong><a href=\"https:\/\/www.ole.com.ar\/tema\/lionel-messi.html\" title=\"Lionel Messi\" alt=\"Lionel Messi\" class=\"slug\">Lionel Messi<\/a><\/strong> en la <strong>MLS<\/strong>.<\/p>\n<\/div>\n<div id=\"element-body-1\" class=\"sc-df222161-0 hNvwjb\" readability=\"38\">\n<p>El futbolista de 19 a\u00f1os tiene avanzado su desembarco en Las Garzas, que acordaron con el Verdao la <strong>compra del 60% de su ficha por 4,2 millones de d\u00f3lares<\/strong>. Adem\u00e1s, la operaci\u00f3n contempla una opci\u00f3n para adquirir otro 30% del pase por 2.000.000 de d\u00f3lares, seg\u00fan inform\u00f3 la prensa local.<\/p>\n<\/div>\n<div id=\"element-body-2\" class=\"sc-df222161-0 hNvwjb\" readability=\"33.617021276596\">\n<p>Su llegada al equipo estadounidense representar\u00eda un nuevo paso en una carrera que comenz\u00f3 en las Inferiores del elenco de Brasil. De concretarse, firmar\u00eda un contrato por cuatro temporadas y pasar\u00eda a compartir plantel con <strong>el 10, Luis Su\u00e1rez, Rodrigo De Paul y Casemiro<\/strong>, adem\u00e1s de quedar bajo las \u00f3rdenes de <strong><a href=\"https:\/\/www.ole.com.ar\/futbol-internacional\/kily-gonzalez-nuevo-entrenador-lionel-messi-inter-miami-primera-experiencia-exterior_0_1k6wDMWDdx.html\" target=\"_blank\" title=\"Cristian Kily Gonz\u00e1lez, flamante entrenador de Inter Miami.\" alt=\"Cristian Kily Gonz\u00e1lez, flamante entrenador de Inter Miami.\" rel=\"noopener noreferrer\">Cristian Kily Gonz\u00e1lez, flamante entrenador de Inter Miami.<\/a><\/strong><\/p>\n<\/div>\n<div class=\"sc-c0843421-0 iNysjD image-embed\" id=\"element-body-3\"><img alt=\"Lleva su nombre en honor a Juan Rom\u00e1n.\" loading=\"lazy\" width=\"720\" height=\"100\" decoding=\"async\" data-nimg=\"1\" src=\"http:\/\/hoycordobaweb.com\/wp-content\/uploads\/2026\/08\/riquelme-por-roman-el-brasileno-que-esta-cerca-de-jugar-con-messi-2.jpg\"><span class=\"epigraphe\">Lleva su nombre en honor a Juan Rom\u00e1n.<\/span><\/div>\n<p><h2>Qui\u00e9n es Riquelme Fillipi, la joya de Palmeiras que busca dar el salto en la MLS<\/h2>\n<\/p>\n<div id=\"element-body-5\" class=\"sc-df222161-0 hNvwjb\" readability=\"35\">\n<p>Nacido en septiembre de 2006, Fillipi lleg\u00f3 a Palmeiras en 2021 y fue atravesando las distintas categor\u00edas juveniles hasta tener oportunidades con el plantel profesional. Su posici\u00f3n natural es la de <strong> extremo izquierdo <\/strong> y buena parte de su crecimiento se dio en las Inferiores del club paulista.<\/p>\n<\/div>\n<div id=\"element-body-6\" class=\"sc-df222161-0 hNvwjb\" readability=\"38\">\n<p>Su mejor actuaci\u00f3n lleg\u00f3 especialmente durante 2025. Con la Sub-20 de Palmeiras <strong>disput\u00f3 42 partidos, convirti\u00f3 23 goles y aport\u00f3 cuatro asistencias. <\/strong> En total, durante su paso por esa categor\u00eda, acumul\u00f3 80 encuentros y 30 tantos, n\u00fameros que despertaron el inter\u00e9s del conjunto de Miami.<\/p>\n<\/div>\n<div id=\"element-body-7\" class=\"sc-df222161-0 hNvwjb\" readability=\"37\">\n<p>Adem\u00e1s, el brasile\u00f1o tuvo participaci\u00f3n con las selecciones juveniles de su pa\u00eds. Disput\u00f3 <strong>11 partidos con la Sub-17 de Brasil y marc\u00f3 dos goles<\/strong>. En Palmeiras tambi\u00e9n comenz\u00f3 a sumar presencia con el plantel profesional, aunque durante 2026 tuvo menos protagonismo y apenas disput\u00f3 nueve partidos.<\/p>\n<\/div>\n<div class=\"sc-c0843421-0 iNysjD image-embed\" id=\"element-body-8\"><img alt=\"Riquelme Fillipi en el Mundial Sub-17 con Brasil. (EFE\/EPA\/MAST IRHAM)\" loading=\"lazy\" width=\"720\" height=\"100\" decoding=\"async\" data-nimg=\"1\" src=\"http:\/\/hoycordobaweb.com\/wp-content\/uploads\/2026\/08\/riquelme-por-roman-el-brasileno-que-esta-cerca-de-jugar-con-messi-3.jpg\"><span class=\"epigraphe\">Riquelme Fillipi en el Mundial Sub-17 con Brasil. (EFE\/EPA\/MAST IRHAM)<\/span><\/div>\n<div id=\"element-body-9\" class=\"sc-df222161-0 hNvwjb\" readability=\"37\">\n<p>Su recorrido por las Inferiores, de todos modos, estuvo acompa\u00f1ado por una importante cantidad de t\u00edtulos. Fue <strong>campe\u00f3n del Brasileirao Sub-20 en 2024 y 2025 y <\/strong> conquist\u00f3 <strong>la edici\u00f3n Sub-17 en 2022 y 2023<\/strong>. Tambi\u00e9n levant\u00f3 la <strong>Copa de Brasil Sub-17<\/strong> y varios campeonatos paulistas en distintas categor\u00edas.<\/p>\n<\/div>\n<div id=\"element-body-10\" class=\"sc-df222161-0 hNvwjb\" readability=\"38\">\n<p>En los \u00faltimos tiempos, altern\u00f3 entre el equipo juvenil y el banco de suplentes del conjunto dirigido por <strong>Abel Ferreira<\/strong>. Incluso estuvo en el triunfo de Palmeiras ante Santos por la Copa de Brasil. Sin embargo, ante sus pocas oportunidades en Primera, <strong> una transferencia aparec\u00eda como una posibilidad concreta para darle continuidad y potenciar su desarrollo<\/strong>.<\/p>\n<\/div>\n<p><h2>Por qu\u00e9 Fillipi se llama as\u00ed y qu\u00e9 tiene que ver Juan Rom\u00e1n Riquelme<\/h2>\n<\/p>\n<div id=\"element-body-12\" class=\"sc-df222161-0 hNvwjb\" readability=\"36\">\n<p>El nombre del brasile\u00f1o tiene una historia que conecta directamente con el f\u00fatbol argentino. Su pap\u00e1, F\u00e1bio Adriano Rodrigues de Souza, es admirador de Juan Rom\u00e1n Riquelme y quiso <strong>homenajear al hist\u00f3rico enganche de Boca al momento de elegir el nombre de su hijo.<\/strong><\/p>\n<\/div>\n<div id=\"element-body-13\" class=\"sc-df222161-0 hNvwjb\" readability=\"36\">\n<p>El propio padre le cont\u00f3 a FIFA que originalmente quer\u00eda llamarlo \u201cRom\u00e1n Riquelme\u201d, aunque su esposa no estaba de acuerdo. Finalmente, encontr\u00f3 una alternativa: \u201c <strong>Dije que iba a ponerle al menos Riquelme<\/strong>\u201d.<\/p>\n<\/div>\n<div class=\"sc-c0843421-0 iNysjD image-embed\" id=\"element-body-14\"><img alt=\"Riquelme, campe\u00f3n de Libertadores con Boca.\" loading=\"lazy\" width=\"720\" height=\"100\" decoding=\"async\" data-nimg=\"1\" src=\"http:\/\/hoycordobaweb.com\/wp-content\/uploads\/2026\/08\/riquelme-por-roman-el-brasileno-que-esta-cerca-de-jugar-con-messi-4.jpg\"><span class=\"epigraphe\">Riquelme, campe\u00f3n de Libertadores con Boca.<\/span><\/div>\n<div id=\"element-body-15\" class=\"sc-df222161-0 hNvwjb\" readability=\"36\">\n<p>El futbolista tambi\u00e9n explic\u00f3 el motivo detr\u00e1s de aquella elecci\u00f3n. Su padre segu\u00eda con admiraci\u00f3n las actuaciones del \u00eddolo del Xeneize, especialmente durante su etapa en el Villarreal y sus grandes a\u00f1os en el club argentino. <strong>La forma de jugar del argentino termin\u00f3 siendo la inspiraci\u00f3n para bautizar a su hijo.<\/strong><\/p>\n<\/div>\n<div id=\"element-body-16\" class=\"sc-df222161-0 hNvwjb\" readability=\"36\">\n<p>Ahora, aquella historia podr\u00eda sumar un cap\u00edtulo inesperado. <strong>Riquelme Fillipi est\u00e1 cerca de jugar en el mismo equipo que Lionel Messi<\/strong>, algo que le dar\u00eda al homenaje a Rom\u00e1n una curiosa conexi\u00f3n con otra de las grandes figuras de la historia del f\u00fatbol argentino.<\/p>\n<\/div>\n<div class=\"sc-c0843421-0 iNysjD image-embed\" id=\"element-body-17\"><img alt=\"Riquelme Fillipi, cerca de jugar junto a Lionel Messi.\" loading=\"lazy\" width=\"720\" height=\"100\" decoding=\"async\" data-nimg=\"1\" src=\"http:\/\/hoycordobaweb.com\/wp-content\/uploads\/2026\/08\/riquelme-por-roman-el-brasileno-que-esta-cerca-de-jugar-con-messi-5.jpg\"><span class=\"epigraphe\">Riquelme Fillipi, cerca de jugar junto a Lionel Messi.<\/span><\/div>\n<div id=\"element-body-18\" class=\"sc-df222161-0 hNvwjb\" readability=\"37\">\n<p>El acuerdo entre Palmeiras e Inter Miami est\u00e1 avanzado y, si finalmente se completa, <strong>el brasile\u00f1o dar\u00e1 el salto a la MLS con apenas 19 a\u00f1os<\/strong>. En Miami buscar\u00e1 transformar todo el potencial mostrado en las inferiores del Verdao en una nueva etapa de su carrera junto a algunas de las figuras m\u00e1s importantes del f\u00fatbol sudamericano.<\/p>\n<\/div>\n<div id=\"element-body-19\" class=\"sc-a7166897-0 eTTZWU\" readability=\"31\">\n<section readability=\"2\"><picture><img alt=\"El balance y la historia de Messi en la Selecci\u00f3n Argentina\" loading=\"lazy\" width=\"290\" height=\"290\" decoding=\"async\" data-nimg=\"1\" src=\"http:\/\/hoycordobaweb.com\/wp-content\/uploads\/2026\/08\/riquelme-por-roman-el-brasileno-que-esta-cerca-de-jugar-con-messi-6.jpg\"><\/picture>\n<p><span>Mir\u00e1 tambi\u00e9n<\/span><\/p>\n<hr>\n<h3>El balance y la historia de Messi en la Selecci\u00f3n Argentina<\/h3>\n<\/p>\n<\/section>\n<\/div>\n<div id=\"element-body-20\" class=\"sc-a7166897-0 eTTZWU\" readability=\"31.5\">\n<section readability=\"3\"><picture><img alt=\"Gracias Leo, ser\u00e1s eterno: Messi se despidi\u00f3 de la Selecci\u00f3n\" loading=\"lazy\" width=\"290\" height=\"290\" decoding=\"async\" data-nimg=\"1\" src=\"http:\/\/hoycordobaweb.com\/wp-content\/uploads\/2026\/08\/riquelme-por-roman-el-brasileno-que-esta-cerca-de-jugar-con-messi-7.jpg\"><\/picture>\n<p><span>Mir\u00e1 tambi\u00e9n<\/span><\/p>\n<hr>\n<h3>Gracias Leo, ser\u00e1s eterno: Messi se despidi\u00f3 de la Selecci\u00f3n<\/h3>\n<\/p>\n<\/section>\n<\/div>\n<div id=\"element-body-21\" class=\"sc-a7166897-0 eTTZWU\" readability=\"31.5\">\n<section readability=\"3\"><picture><img alt=\"La dr\u00e1stica decisi\u00f3n que tomaron los hinchas del Rayo Vallecano para oponerse a la construcci\u00f3n de un nuevo estadio \" loading=\"lazy\" width=\"290\" height=\"290\" decoding=\"async\" data-nimg=\"1\" src=\"http:\/\/hoycordobaweb.com\/wp-content\/uploads\/2026\/08\/riquelme-por-roman-el-brasileno-que-esta-cerca-de-jugar-con-messi-8.jpg\"><\/picture>\n<p><span>Mir\u00e1 tambi\u00e9n<\/span><\/p>\n<hr>\n<h3>La dr\u00e1stica decisi\u00f3n que tomaron los hinchas del Rayo Vallecano para oponerse a la construcci\u00f3n de un nuevo estadio<br \/>\n<\/h3>\n<\/p>\n<\/section>\n<\/div>\n<div id=\"element-body-22\" class=\"sc-a7166897-0 eTTZWU\" readability=\"32\">\n<section readability=\"4\"><picture><img alt=\"Esc\u00e1ndalo en Brasil: un jugador de Vasco da Gama, apuntado en una causa de tr\u00e1fico de drogas y armas \" loading=\"lazy\" width=\"290\" height=\"290\" decoding=\"async\" data-nimg=\"1\" src=\"http:\/\/hoycordobaweb.com\/wp-content\/uploads\/2026\/08\/riquelme-por-roman-el-brasileno-que-esta-cerca-de-jugar-con-messi-9.jpg\"><\/picture>\n<p><span>Mir\u00e1 tambi\u00e9n<\/span><\/p>\n<hr>\n<h3>Esc\u00e1ndalo en Brasil: un jugador de Vasco da Gama, apuntado en una causa de tr\u00e1fico de drogas y armas <\/h3>\n<\/p>\n<\/section>\n<\/div>\n","protected":false},"excerpt":{"rendered":"<p>Inter Miami avanza por una incorporaci\u00f3n que tiene un detalle imposible de pasar por alto para el f\u00fatbol argentino: Riquelme Fillipi, el joven extremo brasile\u00f1o de Palmeiras que lleva el nombre en homenaje a Juan Rom\u00e1n Riquelme, est\u00e1 cerca de convertirse en nuevo compa\u00f1ero de Lionel Messi en la MLS. El futbolista de 19 a\u00f1os [&hellip;]<\/p>\n","protected":false},"author":1,"featured_media":140983,"comment_status":"open","ping_status":"closed","sticky":false,"template":"","format":"standard","meta":[],"categories":[16],"tags":[],"_links":{"self":[{"href":"http:\/\/hoycordobaweb.com\/index.php\/wp-json\/wp\/v2\/posts\/140982"}],"collection":[{"href":"http:\/\/hoycordobaweb.com\/index.php\/wp-json\/wp\/v2\/posts"}],"about":[{"href":"http:\/\/hoycordobaweb.com\/index.php\/wp-json\/wp\/v2\/types\/post"}],"author":[{"embeddable":true,"href":"http:\/\/hoycordobaweb.com\/index.php\/wp-json\/wp\/v2\/users\/1"}],"replies":[{"embeddable":true,"href":"http:\/\/hoycordobaweb.com\/index.php\/wp-json\/wp\/v2\/comments?post=140982"}],"version-history":[{"count":0,"href":"http:\/\/hoycordobaweb.com\/index.php\/wp-json\/wp\/v2\/posts\/140982\/revisions"}],"wp:featuredmedia":[{"embeddable":true,"href":"http:\/\/hoycordobaweb.com\/index.php\/wp-json\/wp\/v2\/media\/140983"}],"wp:attachment":[{"href":"http:\/\/hoycordobaweb.com\/index.php\/wp-json\/wp\/v2\/media?parent=140982"}],"wp:term":[{"taxonomy":"category","embeddable":true,"href":"http:\/\/hoycordobaweb.com\/index.php\/wp-json\/wp\/v2\/categories?post=140982"},{"taxonomy":"post_tag","embeddable":true,"href":"http:\/\/hoycordobaweb.com\/index.php\/wp-json\/wp\/v2\/tags?post=140982"}],"curies":[{"name":"wp","href":"https:\/\/api.w.org\/{rel}","templated":true}]}}