{"id":140980,"date":"2026-08-31T17:44:37","date_gmt":"2026-08-31T17:44:37","guid":{"rendered":"https:\/\/www.ole.com.ar\/futbol-internacional\/nicolas-tagliafico-mensaje-especial-cumpleanos-protagonista-mercado-pases-equipo-italia-busca_0_RUfsla8nbi.html"},"modified":"2026-08-31T17:44:37","modified_gmt":"2026-08-31T17:44:37","slug":"tagliafico-del-saludo-especial-de-cumpleanos-que-recibio-al-gigante-que-lo-busca-en-el-cierre-del-mercado","status":"publish","type":"post","link":"http:\/\/hoycordobaweb.com\/index.php\/2026\/08\/31\/tagliafico-del-saludo-especial-de-cumpleanos-que-recibio-al-gigante-que-lo-busca-en-el-cierre-del-mercado\/","title":{"rendered":"Tagliafico: del saludo especial de cumplea\u00f1os que recibi\u00f3 al gigante que lo busca en el cierre del mercado"},"content":{"rendered":"<p><img src=\"http:\/\/hoycordobaweb.com\/wp-content\/uploads\/2026\/08\/tagliafico-del-saludo-especial-de-cumpleanos-que-recibio-al-gigante-que-lo-busca-en-el-cierre-del-mercado.jpg\"><\/p>\n<div id=\"element-body-0\" class=\"sc-df222161-0 hNvwjb\" readability=\"33.565836298932\">\n<p>Este 31 de agosto del 2026, adem\u00e1s de transitar los \u00faltimos movimientos del mercado de pases en las principales ligas de Europa, <strong><a href=\"https:\/\/www.ole.com.ar\/tema\/nicolas-tagliafico.html\" title=\"Nicol\u00e1s Tagliafico\" alt=\"Nicol\u00e1s Tagliafico\" class=\"slug\">Nicol\u00e1s Tagliafico<\/a><\/strong> celebr\u00f3 sus 34 a\u00f1os de vida. <strong>Y el defensor de la Selecci\u00f3n Argentina sopl\u00f3 las velas en pleno inter\u00e9s de un gigante italiano.<\/strong><\/p>\n<\/div>\n<div id=\"element-body-1\" class=\"sc-df222161-0 hNvwjb\" readability=\"36\">\n<p>Medios tanos como La Repubblica y Tutto Sports advirtieron en este cierre de mes que <strong>la Juventus tiene sus ojos puestos el ex Banfield e Independiente<\/strong>. Actualmente en Lyon, aparece en la agenda del club turin\u00e9s como la respuesta a un escenario que toma cada vez m\u00e1s forma: <strong>la salida de Juan Cabal cedido al Atalanta. <\/strong><\/p>\n<\/div>\n<div id=\"element-body-2\" class=\"sc-df222161-0 hNvwjb\" readability=\"35\">\n<p>Los citados peri\u00f3dicos profundizaron que Cabal dio el visto bueno para pasar a B\u00e9rgamo y que ambos clubes est\u00e1n ahora en conversaciones para definir el precio y la modalidad del traspaso. De concretarse, la Juve precisar\u00eda reforzar el lateral izquierdo y Taglia gusta mucho.<\/p>\n<\/div>\n<div class=\"sc-c0843421-0 iNysjD image-embed\" id=\"element-body-3\"><img alt=\"Tagliafico en el Lyon (Prensa Lyon).\" loading=\"lazy\" width=\"720\" height=\"100\" decoding=\"async\" data-nimg=\"1\" src=\"http:\/\/hoycordobaweb.com\/wp-content\/uploads\/2026\/08\/tagliafico-del-saludo-especial-de-cumpleanos-que-recibio-al-gigante-que-lo-busca-en-el-cierre-del-mercado-2.jpg\"><span class=\"epigraphe\">Tagliafico en el Lyon (Prensa Lyon).<\/span><\/div>\n<div id=\"element-body-4\" class=\"sc-df222161-0 hNvwjb\" readability=\"39\">\n<p>En Tur\u00edn destacan que el nacido en Rafael Calzada tiene el visto bueno por su experiencia probada en la \u00e9lite europea, el bajo costo de mercado (unos 4 millones de euros seg\u00fan Transfermarkt) y con contrato hasta junio de 2027, lo que significa que Lyon podr\u00eda desprenderse de \u00e9l sin exigir una cifra elevada. Adem\u00e1s, el ser eliminado de la Champions League, ser\u00eda una motivaci\u00f3n extra para el argentino sobre ser transferido.<\/p>\n<\/div>\n<div class=\"sc-c0843421-0 iNysjD image-embed\" id=\"element-body-5\"><img alt=\"Luciano Spalletti, el DT de la Juve (Prensa Juventus).\" loading=\"lazy\" width=\"720\" height=\"100\" decoding=\"async\" data-nimg=\"1\" src=\"http:\/\/hoycordobaweb.com\/wp-content\/uploads\/2026\/08\/tagliafico-del-saludo-especial-de-cumpleanos-que-recibio-al-gigante-que-lo-busca-en-el-cierre-del-mercado-3.jpg\"><span class=\"epigraphe\">Luciano Spalletti, el DT de la Juve (Prensa Juventus).<\/span><\/div>\n<div id=\"element-body-6\" class=\"sc-df222161-0 hNvwjb\" readability=\"38\">\n<p>El periodo de transferencias en Italia finaliza el 1 de septiembre, cuando los equipos deben registrar formalmente cualquier incorporaci\u00f3n. Ahora bien, para disputar competencias internacionales o ser inscrito a tiempo, los elencos buscan cerrar la operaci\u00f3n antes de que expire el plazo principal.<\/p>\n<\/div>\n<p><h2><strong>El divertido saludo del Dibu Mart\u00ednez a Tagliafico por su cumplea\u00f1os<\/strong><\/h2>\n<\/p>\n<div id=\"element-body-8\" class=\"sc-df222161-0 hNvwjb\" readability=\"38\">\n<p>Tagliafico est\u00e1 de festejo y, como era de esperarse, no faltaron los saludos de sus compa\u00f1eros de la Selecci\u00f3n Argentina. Entre ellos apareci\u00f3 Emiliano Mart\u00ednez, quien aprovech\u00f3 la ocasi\u00f3n para dedicarle un particular mensaje al lateral izquierdo y <strong>volver a demostrar la buena relaci\u00f3n que existe entre los campeones del mundo.<\/strong><\/p>\n<\/div>\n<div id=\"element-body-9\" class=\"sc-df222161-0 hNvwjb\" readability=\"34\">\n<p>Fiel a su estilo, el Dibu no se qued\u00f3 en el t\u00edpico \u201cfeliz cumplea\u00f1os\u201d y apel\u00f3 al humor para saludar a Taglia. El posteo r\u00e1pidamente llam\u00f3 la atenci\u00f3n en redes.<\/p>\n<\/div>\n<div id=\"element-body-10\" class=\"sc-df222161-0 hNvwjb\" readability=\"37\">\n<p>Tagliafico, uno de los hist\u00f3ricos de la Scaloneta y pieza clave del plantel que conquist\u00f3 Qatar 2022, termin\u00f3 muy agotado f\u00edsicamente la pasada final mundialista vs Espa\u00f1a y esa imagen utiliz\u00f3 el arquero del Chelsea, que escribi\u00f3: <strong> \u00abCuando no das m\u00e1s porque est\u00e1s viejo. Feliz cumple amigo\u00bb.<\/strong><\/p>\n<\/div>\n<div class=\"sc-c0843421-0 iNysjD image-embed\" id=\"element-body-11\"><img alt=\"El divertido saludo del Dibu Mart\u00ednez a Tagliafico.\" loading=\"lazy\" width=\"720\" height=\"100\" decoding=\"async\" data-nimg=\"1\" src=\"http:\/\/hoycordobaweb.com\/wp-content\/uploads\/2026\/08\/tagliafico-del-saludo-especial-de-cumpleanos-que-recibio-al-gigante-que-lo-busca-en-el-cierre-del-mercado-4.jpg\"><span class=\"epigraphe\">El divertido saludo del Dibu Mart\u00ednez a Tagliafico.<\/span><\/div>\n<p><h2><strong>Nicol\u00e1s Tagliafico y el mensaje por el retiro de Messi de la Selecci\u00f3n<\/strong><\/h2>\n<\/p>\n<div id=\"element-body-13\" class=\"sc-df222161-0 hNvwjb\" readability=\"34\">\n<p>Minutos despu\u00e9s del comunicado sobre su retiro de la Selecci\u00f3n Argentina que realiz\u00f3 Lionel Messi en redes sociales, Nicol\u00e1s Tagliafico fue uno de los primeros en reaccionar. <\/p>\n<\/div>\n<div id=\"element-body-14\" class=\"sc-df222161-0 hNvwjb\" readability=\"35\">\n<p><strong>\u201cGracias eternas, Leo\u201d,<\/strong> escribi\u00f3 el lateral izquierdo con una foto de Qatar 2022 en la que se abraza junto a un sonriente Messi. <\/p>\n<\/div>\n<div class=\"sc-c0843421-0 iNysjD image-embed\" id=\"element-body-15\"><img alt=\"El posteo de Tagliafico por el retiro de Messi de la Selecci\u00f3n.\" loading=\"lazy\" width=\"720\" height=\"100\" decoding=\"async\" data-nimg=\"1\" src=\"http:\/\/hoycordobaweb.com\/wp-content\/uploads\/2026\/08\/tagliafico-del-saludo-especial-de-cumpleanos-que-recibio-al-gigante-que-lo-busca-en-el-cierre-del-mercado-5.jpg\"><span class=\"epigraphe\">El posteo de Tagliafico por el retiro de Messi de la Selecci\u00f3n.<\/span><\/div>\n<div id=\"element-body-16\" class=\"sc-a7166897-0 eTTZWU\" readability=\"31\">\n<section readability=\"2\"><picture><img alt=\"Otro pr\u00e9stamo para Echeverri: a un paso del Benfica y cuarta camiseta en un a\u00f1o\" loading=\"lazy\" width=\"290\" height=\"290\" decoding=\"async\" data-nimg=\"1\" src=\"http:\/\/hoycordobaweb.com\/wp-content\/uploads\/2026\/08\/tagliafico-del-saludo-especial-de-cumpleanos-que-recibio-al-gigante-que-lo-busca-en-el-cierre-del-mercado-6.jpg\"><\/picture>\n<p><span>Mir\u00e1 tambi\u00e9n<\/span><\/p>\n<hr>\n<h3>Otro pr\u00e9stamo para Echeverri: a un paso del Benfica y cuarta camiseta en un a\u00f1o<\/h3>\n<\/p>\n<\/section>\n<\/div>\n<div id=\"element-body-17\" class=\"sc-a7166897-0 eTTZWU\" readability=\"31.5\">\n<section readability=\"3\"><picture><img alt=\"De Di Mar\u00eda y De Paul a Colapinto y Xavi: los mensajes a Messi por su retiro de la Selecci\u00f3n\" loading=\"lazy\" width=\"290\" height=\"290\" decoding=\"async\" data-nimg=\"1\" src=\"http:\/\/hoycordobaweb.com\/wp-content\/uploads\/2026\/08\/tagliafico-del-saludo-especial-de-cumpleanos-que-recibio-al-gigante-que-lo-busca-en-el-cierre-del-mercado-7.jpg\"><\/picture>\n<p><span>Mir\u00e1 tambi\u00e9n<\/span><\/p>\n<hr>\n<h3>De Di Mar\u00eda y De Paul a Colapinto y Xavi: los mensajes a Messi por su retiro de la Selecci\u00f3n<\/h3>\n<\/p>\n<\/section>\n<\/div>\n<div id=\"element-body-18\" class=\"sc-a7166897-0 eTTZWU\" readability=\"31\">\n<section readability=\"2\"><picture><img alt=\"El balance y la historia de Messi en la Selecci\u00f3n Argentina\" loading=\"lazy\" width=\"290\" height=\"290\" decoding=\"async\" data-nimg=\"1\" src=\"http:\/\/hoycordobaweb.com\/wp-content\/uploads\/2026\/08\/tagliafico-del-saludo-especial-de-cumpleanos-que-recibio-al-gigante-que-lo-busca-en-el-cierre-del-mercado-8.jpg\"><\/picture>\n<p><span>Mir\u00e1 tambi\u00e9n<\/span><\/p>\n<hr>\n<h3>El balance y la historia de Messi en la Selecci\u00f3n Argentina<\/h3>\n<\/p>\n<\/section>\n<\/div>\n<div id=\"element-body-19\" class=\"sc-a7166897-0 eTTZWU\" readability=\"31\">\n<section readability=\"2\"><picture><img alt=\"Qu\u00e9 dijeron en el mundo tras el retiro de Lionel Messi de la Selecci\u00f3n Argentina\" loading=\"lazy\" width=\"290\" height=\"290\" decoding=\"async\" data-nimg=\"1\" src=\"http:\/\/hoycordobaweb.com\/wp-content\/uploads\/2026\/08\/tagliafico-del-saludo-especial-de-cumpleanos-que-recibio-al-gigante-que-lo-busca-en-el-cierre-del-mercado-9.jpg\"><\/picture>\n<p><span>Mir\u00e1 tambi\u00e9n<\/span><\/p>\n<hr>\n<h3>Qu\u00e9 dijeron en el mundo tras el retiro de Lionel Messi de la Selecci\u00f3n Argentina<\/h3>\n<\/p>\n<\/section>\n<\/div>\n","protected":false},"excerpt":{"rendered":"<p>Este 31 de agosto del 2026, adem\u00e1s de transitar los \u00faltimos movimientos del mercado de pases en las principales ligas de Europa, Nicol\u00e1s Tagliafico celebr\u00f3 sus 34 a\u00f1os de vida. Y el defensor de la Selecci\u00f3n Argentina sopl\u00f3 las velas en pleno inter\u00e9s de un gigante italiano. Medios tanos como La Repubblica y Tutto Sports [&hellip;]<\/p>\n","protected":false},"author":1,"featured_media":140981,"comment_status":"open","ping_status":"closed","sticky":false,"template":"","format":"standard","meta":[],"categories":[16],"tags":[],"_links":{"self":[{"href":"http:\/\/hoycordobaweb.com\/index.php\/wp-json\/wp\/v2\/posts\/140980"}],"collection":[{"href":"http:\/\/hoycordobaweb.com\/index.php\/wp-json\/wp\/v2\/posts"}],"about":[{"href":"http:\/\/hoycordobaweb.com\/index.php\/wp-json\/wp\/v2\/types\/post"}],"author":[{"embeddable":true,"href":"http:\/\/hoycordobaweb.com\/index.php\/wp-json\/wp\/v2\/users\/1"}],"replies":[{"embeddable":true,"href":"http:\/\/hoycordobaweb.com\/index.php\/wp-json\/wp\/v2\/comments?post=140980"}],"version-history":[{"count":0,"href":"http:\/\/hoycordobaweb.com\/index.php\/wp-json\/wp\/v2\/posts\/140980\/revisions"}],"wp:featuredmedia":[{"embeddable":true,"href":"http:\/\/hoycordobaweb.com\/index.php\/wp-json\/wp\/v2\/media\/140981"}],"wp:attachment":[{"href":"http:\/\/hoycordobaweb.com\/index.php\/wp-json\/wp\/v2\/media?parent=140980"}],"wp:term":[{"taxonomy":"category","embeddable":true,"href":"http:\/\/hoycordobaweb.com\/index.php\/wp-json\/wp\/v2\/categories?post=140980"},{"taxonomy":"post_tag","embeddable":true,"href":"http:\/\/hoycordobaweb.com\/index.php\/wp-json\/wp\/v2\/tags?post=140980"}],"curies":[{"name":"wp","href":"https:\/\/api.w.org\/{rel}","templated":true}]}}