{"id":140974,"date":"2026-08-31T18:34:36","date_gmt":"2026-08-31T18:34:36","guid":{"rendered":"https:\/\/www.ole.com.ar\/messi\/de-se-termino-para-mi-la-seleccion-a-me-vacie-las-dos-despedidas-de-messi-seleccion_0_e7hzj9bnO0.html"},"modified":"2026-08-31T18:34:36","modified_gmt":"2026-08-31T18:34:36","slug":"del-se-termino-para-mi-la-seleccion-a-me-vacie-las-dos-despedidas-de-messi","status":"publish","type":"post","link":"http:\/\/hoycordobaweb.com\/index.php\/2026\/08\/31\/del-se-termino-para-mi-la-seleccion-a-me-vacie-las-dos-despedidas-de-messi\/","title":{"rendered":"Del \u00abse termin\u00f3 para m\u00ed la Selecci\u00f3n\u00bb a \u00abme vaci\u00e9\u00bb: las dos despedidas de Messi"},"content":{"rendered":"<p><img src=\"http:\/\/hoycordobaweb.com\/wp-content\/uploads\/2026\/08\/del-se-termino-para-mi-la-seleccion-a-me-vacie-las-dos-despedidas-de-messi.jpg\"><\/p>\n<div id=\"element-body-0\" class=\"sc-df222161-0 hNvwjb\" readability=\"31.455696202532\">\n<p>Hay despedidas que nacen del dolor y otras que llegan cuando ya no queda nada por demostrar. La de <strong><a href=\"https:\/\/www.ole.com.ar\/tema\/lionel-messi.html\" title=\"Lionel Messi\" alt=\"Lionel Messi\" class=\"slug\">Lionel Messi<\/a><\/strong> con la <strong><a href=\"https:\/\/www.ole.com.ar\/tema\/seleccion-argentina.html\" title=\"Selecci\u00f3n Argentina\" alt=\"Selecci\u00f3n Argentina\" class=\"slug\">Selecci\u00f3n Argentina<\/a><\/strong> tuvo las dos caras: en 2016 fue un portazo en medio de las l\u00e1grimas despu\u00e9s de otra final perdida y la de 2026 lleg\u00f3 con la calma de quien siente que dio absolutamente todo. <\/p>\n<\/div>\n<p><h2>Las dos despedidas de Lionel Messi en la Selecci\u00f3n Argentina<\/h2>\n<\/p>\n<div id=\"element-body-2\" class=\"sc-df222161-0 hNvwjb\" readability=\"36.156334231806\">\n<p>La primera escena ocurri\u00f3 en la madrugada del 27 de junio de 2016, en el MetLife Stadium de Nueva Jersey. Argentina acababa de perder por penales ante <strong><a href=\"https:\/\/www.ole.com.ar\/tema\/seleccion-chilena.html\" title=\"Selecci\u00f3n Chilena\" alt=\"Selecci\u00f3n Chilena\" class=\"slug\">Chile<\/a><\/strong> la final de la <strong><a href=\"https:\/\/www.ole.com.ar\/tema\/copa-america.html\" title=\"Copa America\" alt=\"Copa America\" class=\"slug\">Copa Am\u00e9rica<\/a> <\/strong> Centenario y Messi, que hab\u00eda fallado uno de los tiros desde los 12 pasos, estaba devastado: era la <strong> tercera final consecutiva que se le escapaba <\/strong> luego del <strong> <\/strong> Mundial 2014 y la Copa 2015.<\/p>\n<\/div>\n<div id=\"element-body-3\" class=\"sc-df222161-0 hNvwjb\" readability=\"43\">\n<p>\u00bb <strong>Se termin\u00f3 para m\u00ed la Selecci\u00f3n<\/strong>\u00ab, solt\u00f3 frente a los micr\u00f3fonos. No fue una frase fr\u00eda ni calculada, fue el desahogo de un jugador que sent\u00eda que hab\u00eda hecho todo lo posible y que, aun as\u00ed, el t\u00edtulo segu\u00eda sin aparecer. \u00bb <strong>Ya lo intent\u00e9 mucho, pero no es para m\u00ed<\/strong>\u00ab, agreg\u00f3. Estaba cansado de las cr\u00edticas y, sobre todo, de sentir que cada golpe con la camiseta argentina terminaba recayendo sobre \u00e9l.<\/p>\n<\/div>\n<div class=\"sc-c0843421-0 iNysjD image-embed\" id=\"element-body-4\"><img alt=\"El lamento de Messi tras la final perdida en 2016. (EFE\/DAVID FERN\u00c1NDEZ)\" loading=\"lazy\" width=\"720\" height=\"100\" decoding=\"async\" data-nimg=\"1\" src=\"http:\/\/hoycordobaweb.com\/wp-content\/uploads\/2026\/08\/del-se-termino-para-mi-la-seleccion-a-me-vacie-las-dos-despedidas-de-messi-2.jpg\"><span class=\"epigraphe\">El lamento de Messi tras la final perdida en 2016. (EFE\/DAVID FERN\u00c1NDEZ)<\/span><\/div>\n<div id=\"element-body-5\" class=\"sc-df222161-0 hNvwjb\" readability=\"37\">\n<p>Aquel Messi todav\u00eda necesitaba ganar, demostrar que pod\u00eda ser campe\u00f3n con Argentina y que aquellas finales no defin\u00edan su historia. Por eso, aunque habl\u00f3 de un final, <strong>aquella despedida termin\u00f3 siendo apenas un par\u00e9ntesis.<\/strong><\/p>\n<\/div>\n<div id=\"element-body-6\" class=\"sc-df222161-0 hNvwjb\" readability=\"41\">\n<p>La reacci\u00f3n fue inmediata. En Argentina aparecieron mensajes, banderas y pedidos para que el capit\u00e1n regresara. \u00bb <strong>No te vayas, Lio<\/strong>\u00bb se convirti\u00f3 en una especie de clamor popular. Y Messi escuch\u00f3. De hecho, apenas unos meses despu\u00e9s, volvi\u00f3 a ponerse la camiseta celeste y blanca. Lo hizo ante Uruguay, por las Eliminatorias, y marc\u00f3 el 1-0.<\/p>\n<\/div>\n<div class=\"sc-c0843421-0 iNysjD image-embed\" id=\"element-body-7\"><img alt=\"Las banderas de los hinchas pidiendo por el capit\u00e1n. (AP Photo\/Natacha Pisarenko)\" loading=\"lazy\" width=\"720\" height=\"100\" decoding=\"async\" data-nimg=\"1\" src=\"http:\/\/hoycordobaweb.com\/wp-content\/uploads\/2026\/08\/del-se-termino-para-mi-la-seleccion-a-me-vacie-las-dos-despedidas-de-messi-3.jpg\"><span class=\"epigraphe\">Las banderas de los hinchas pidiendo por el capit\u00e1n. (AP Photo\/Natacha Pisarenko)<\/span><\/div>\n<div id=\"element-body-8\" class=\"sc-df222161-0 hNvwjb\" readability=\"35\">\n<p>Lo que vino despu\u00e9s parece escrito por otro Messi. O, mejor dicho, por el que resurgi\u00f3 de las cenizas y protagoniz\u00f3 <strong>una transformaci\u00f3n que cambi\u00f3 para siempre su relaci\u00f3n con la Selecci\u00f3n.<\/strong><\/p>\n<\/div>\n<p><h2>Messi y la Selecci\u00f3n: del dolor de 2016 a una d\u00e9cada de gloria<\/h2>\n<\/p>\n<div id=\"element-body-10\" class=\"sc-df222161-0 hNvwjb\" readability=\"34.367588932806\">\n<p>La <strong><a href=\"https:\/\/www.ole.com.ar\/tema\/copa-america-2021.html\" title=\"Copa Am\u00e9rica 2021\" alt=\"Copa Am\u00e9rica 2021\" class=\"slug\">Copa Am\u00e9rica 2021<\/a><\/strong> fue el punto de quiebre definitivo. En el Maracan\u00e1, ante Brasil, <strong>Messi finalmente levant\u00f3 ese trofeo que durante tantos a\u00f1os se le hab\u00eda negado<\/strong>. No fue solamente un t\u00edtulo, fue sacarse una mochila que parec\u00eda pesar toneladas.<\/p>\n<\/div>\n<div id=\"element-body-11\" class=\"sc-df222161-0 hNvwjb\" readability=\"36\">\n<p>Despu\u00e9s llegaron la <strong>Finalissima, el Mundial de Qatar 2022 y la Copa Am\u00e9rica 2024<\/strong>. Cuatro vueltas ol\u00edmpicas que transformaron aquellas noches de tristeza en recuerdos cada vez m\u00e1s lejanos. Messi pas\u00f3 de ser se\u00f1alado por no ganar con Argentina a convertirse en <strong>el capit\u00e1n de una de las etapas m\u00e1s gloriosas de la historia de la Selecci\u00f3n.<\/strong><\/p>\n<\/div>\n<div class=\"sc-c0843421-0 iNysjD image-embed\" id=\"element-body-12\"><img alt=\"Lionel Messi y su primer t\u00edtulo con la Selecci\u00f3n. (EFE\/ Natacha Pisarenko POOL)\" loading=\"lazy\" width=\"720\" height=\"100\" decoding=\"async\" data-nimg=\"1\" src=\"http:\/\/hoycordobaweb.com\/wp-content\/uploads\/2026\/08\/del-se-termino-para-mi-la-seleccion-a-me-vacie-las-dos-despedidas-de-messi-4.jpg\"><span class=\"epigraphe\">Lionel Messi y su primer t\u00edtulo con la Selecci\u00f3n. (EFE\/ Natacha Pisarenko POOL)<\/span><\/div>\n<div id=\"element-body-13\" class=\"sc-df222161-0 hNvwjb\" readability=\"37\">\n<p>Y en el medio tambi\u00e9n cambi\u00f3 el equipo. El Messi que durante a\u00f1os parec\u00eda obligado a resolverlo todo encontr\u00f3 en la Selecci\u00f3n de Lionel Scaloni <strong>un grupo que lo acompa\u00f1\u00f3, lo protegi\u00f3 y, sobre todo, entendi\u00f3 que no hac\u00eda falta pedirle que fuera Superman en cada partido.<\/strong><\/p>\n<\/div>\n<div id=\"element-body-14\" class=\"sc-df222161-0 hNvwjb\" readability=\"39\">\n<p>Entonces lleg\u00f3 la edici\u00f3n 2026, el Mundial que durante tanto tiempo hab\u00eda aparecido como una frontera termin\u00f3 siendo, efectivamente, <strong>su \u00faltimo gran cap\u00edtulo con Argentina<\/strong>. Messi llev\u00f3 al equipo hasta la final y cerr\u00f3 su participaci\u00f3n mundialista con ocho goles y cuatro asistencias. Esta vez no levant\u00f3 la Copa porque Espa\u00f1a gan\u00f3 1-0 la definici\u00f3n, pero la sensaci\u00f3n fue completamente diferente a la de 2016.<\/p>\n<\/div>\n<div class=\"sc-c0843421-0 iNysjD image-embed\" id=\"element-body-15\"><img alt=\"Leo y sus lagrimas tras la final del Mundial 2026. (AP Photo\/Stephanie Scarbrough, File)\" loading=\"lazy\" width=\"720\" height=\"100\" decoding=\"async\" data-nimg=\"1\" src=\"http:\/\/hoycordobaweb.com\/wp-content\/uploads\/2026\/08\/del-se-termino-para-mi-la-seleccion-a-me-vacie-las-dos-despedidas-de-messi-5.jpg\"><span class=\"epigraphe\">Leo y sus lagrimas tras la final del Mundial 2026. (AP Photo\/Stephanie Scarbrough, File)<\/span><\/div>\n<p><h2>\u00abMe vaci\u00e9\u00bb: el Messi que entendi\u00f3 que ya era momento de parar<\/h2>\n<\/p>\n<div id=\"element-body-17\" class=\"sc-df222161-0 hNvwjb\" readability=\"35\">\n<p>Diez a\u00f1os despu\u00e9s de aquella noche en Nueva Jersey, el mensaje fue otro. Mucho m\u00e1s sereno, propio de alguien que <strong>mira hacia atr\u00e1s y puede sentirse en paz<\/strong>.<\/p>\n<\/div>\n<div id=\"element-body-18\" class=\"sc-df222161-0 hNvwjb\" readability=\"38\">\n<p>\u00bb <strong>Me vaci\u00e9, ya no tengo m\u00e1s para dar y aparte vienen chicos muy grandes atr\u00e1s<\/strong>\u00ab, escribi\u00f3 Messi al anunciar su retiro de la Selecci\u00f3n. Una frase que explica mucho m\u00e1s que una simple decisi\u00f3n deportiva. No habl\u00f3 de frustraci\u00f3n, de cansancio por perder ni de una nueva decepci\u00f3n. <strong>Habl\u00f3 de haberlo dado todo<\/strong>.<\/p>\n<\/div>\n<div id=\"element-body-19\" class=\"sc-df222161-0 hNvwjb\" readability=\"33\">\n<p>Y ah\u00ed aparece el verdadero paralelismo entre las dos despedidas. En 2016 Messi se fue porque sent\u00eda que <strong>no hab\u00eda podido conseguir lo que m\u00e1s quer\u00eda<\/strong>. En 2026 se fue porque <strong>siente que ya cumpli\u00f3<\/strong>.<\/p>\n<\/div>\n<div class=\"sc-c0843421-0 iNysjD image-embed\" id=\"element-body-20\"><img alt=\"Lionel Messi Campe\u00f3n del Mundo en Qatar 2022. (EFE\/EPA\/FRIEDEMANN VOGEL)\" loading=\"lazy\" width=\"720\" height=\"100\" decoding=\"async\" data-nimg=\"1\" src=\"http:\/\/hoycordobaweb.com\/wp-content\/uploads\/2026\/08\/del-se-termino-para-mi-la-seleccion-a-me-vacie-las-dos-despedidas-de-messi-6.jpg\"><span class=\"epigraphe\">Lionel Messi Campe\u00f3n del Mundo en Qatar 2022. (EFE\/EPA\/FRIEDEMANN VOGEL)<\/span><\/div>\n<div id=\"element-body-21\" class=\"sc-df222161-0 hNvwjb\" readability=\"36\">\n<p>Es casi como si aquellas l\u00e1grimas de Nueva Jersey hubieran encontrado una respuesta diez a\u00f1os despu\u00e9s. El chico que dec\u00eda \u00bb <strong>quiero ganar algo con la Selecci\u00f3n<\/strong>\u00bb finalmente gan\u00f3. Y no gan\u00f3 una vez, gan\u00f3 cuatro. El que alguna vez fue cuestionado por no conseguir nada con Argentina termin\u00f3 levantando la Copa del Mundo y convirti\u00e9ndose en <strong>el futbolista con m\u00e1s partidos y goles en la historia de la Albiceleste.<\/strong><\/p>\n<\/div>\n<div id=\"element-body-22\" class=\"sc-df222161-0 hNvwjb\" readability=\"37\">\n<p>Esta vez no hubo un \u00abno te vayas, Lio\u00bb desesperado. Hay tristeza, claro, pero tambi\u00e9n hay agradecimiento, porque Messi no se va con una cuenta pendiente: se va despu\u00e9s de haber cambiado la historia<\/p>\n<\/div>\n<div class=\"sc-c0843421-0 iNysjD image-embed\" id=\"element-body-23\"><img alt=\"La carta de despedida de Lionel. (REUTERS)\" loading=\"lazy\" width=\"720\" height=\"100\" decoding=\"async\" data-nimg=\"1\" src=\"http:\/\/hoycordobaweb.com\/wp-content\/uploads\/2026\/08\/del-se-termino-para-mi-la-seleccion-a-me-vacie-las-dos-despedidas-de-messi-7.jpg\"><span class=\"epigraphe\">La carta de despedida de Lionel. (REUTERS)<\/span><\/div>\n<div id=\"element-body-25\" class=\"sc-a7166897-0 eTTZWU\" readability=\"31\">\n<section readability=\"2\"><picture><img alt=\"Messi eterno: todos sus t\u00edtulos con la Selecci\u00f3n Argentina\" loading=\"lazy\" width=\"290\" height=\"290\" decoding=\"async\" data-nimg=\"1\" src=\"http:\/\/hoycordobaweb.com\/wp-content\/uploads\/2026\/08\/del-se-termino-para-mi-la-seleccion-a-me-vacie-las-dos-despedidas-de-messi-8.jpg\"><\/picture>\n<p><span>Mir\u00e1 tambi\u00e9n<\/span><\/p>\n<hr>\n<h3>Messi eterno: todos sus t\u00edtulos con la Selecci\u00f3n Argentina<\/h3>\n<\/p>\n<\/section>\n<\/div>\n<div id=\"element-body-26\" class=\"sc-a7166897-0 eTTZWU\" readability=\"31\">\n<section readability=\"2\"><picture><img alt=\"El mensaje de pu\u00f1o y letra de Messi para decir adi\u00f3s: &quot;Me vaci\u00e9&quot;\" loading=\"lazy\" width=\"290\" height=\"290\" decoding=\"async\" data-nimg=\"1\" src=\"http:\/\/hoycordobaweb.com\/wp-content\/uploads\/2026\/08\/del-se-termino-para-mi-la-seleccion-a-me-vacie-las-dos-despedidas-de-messi-9.jpg\"><\/picture>\n<p><span>Mir\u00e1 tambi\u00e9n<\/span><\/p>\n<hr>\n<h3>El mensaje de pu\u00f1o y letra de Messi para decir adi\u00f3s: \u00abMe vaci\u00e9\u00bb<\/h3>\n<\/p>\n<\/section>\n<\/div>\n<div id=\"element-body-27\" class=\"sc-a7166897-0 eTTZWU\" readability=\"31.5\">\n<section readability=\"3\"><picture><img alt=\"De Di Mar\u00eda y De Paul a Colapinto y Xavi: los mensajes a Messi por su retiro de la Selecci\u00f3n\" loading=\"lazy\" width=\"290\" height=\"290\" decoding=\"async\" data-nimg=\"1\" src=\"http:\/\/hoycordobaweb.com\/wp-content\/uploads\/2026\/08\/del-se-termino-para-mi-la-seleccion-a-me-vacie-las-dos-despedidas-de-messi-10.jpg\"><\/picture>\n<p><span>Mir\u00e1 tambi\u00e9n<\/span><\/p>\n<hr>\n<h3>De Di Mar\u00eda y De Paul a Colapinto y Xavi: los mensajes a Messi por su retiro de la Selecci\u00f3n<\/h3>\n<\/p>\n<\/section>\n<\/div>\n<div id=\"element-body-28\" class=\"sc-a7166897-0 eTTZWU\" readability=\"31\">\n<section readability=\"2\"><picture><img alt=\"El balance y la historia de Messi en la Selecci\u00f3n Argentina\" loading=\"lazy\" width=\"290\" height=\"290\" decoding=\"async\" data-nimg=\"1\" src=\"http:\/\/hoycordobaweb.com\/wp-content\/uploads\/2026\/08\/del-se-termino-para-mi-la-seleccion-a-me-vacie-las-dos-despedidas-de-messi-11.jpg\"><\/picture>\n<p><span>Mir\u00e1 tambi\u00e9n<\/span><\/p>\n<hr>\n<h3>El balance y la historia de Messi en la Selecci\u00f3n Argentina<\/h3>\n<\/p>\n<\/section>\n<\/div>\n","protected":false},"excerpt":{"rendered":"<p>Hay despedidas que nacen del dolor y otras que llegan cuando ya no queda nada por demostrar. La de Lionel Messi con la Selecci\u00f3n Argentina tuvo las dos caras: en 2016 fue un portazo en medio de las l\u00e1grimas despu\u00e9s de otra final perdida y la de 2026 lleg\u00f3 con la calma de quien siente [&hellip;]<\/p>\n","protected":false},"author":1,"featured_media":140975,"comment_status":"open","ping_status":"closed","sticky":false,"template":"","format":"standard","meta":[],"categories":[16],"tags":[],"_links":{"self":[{"href":"http:\/\/hoycordobaweb.com\/index.php\/wp-json\/wp\/v2\/posts\/140974"}],"collection":[{"href":"http:\/\/hoycordobaweb.com\/index.php\/wp-json\/wp\/v2\/posts"}],"about":[{"href":"http:\/\/hoycordobaweb.com\/index.php\/wp-json\/wp\/v2\/types\/post"}],"author":[{"embeddable":true,"href":"http:\/\/hoycordobaweb.com\/index.php\/wp-json\/wp\/v2\/users\/1"}],"replies":[{"embeddable":true,"href":"http:\/\/hoycordobaweb.com\/index.php\/wp-json\/wp\/v2\/comments?post=140974"}],"version-history":[{"count":0,"href":"http:\/\/hoycordobaweb.com\/index.php\/wp-json\/wp\/v2\/posts\/140974\/revisions"}],"wp:featuredmedia":[{"embeddable":true,"href":"http:\/\/hoycordobaweb.com\/index.php\/wp-json\/wp\/v2\/media\/140975"}],"wp:attachment":[{"href":"http:\/\/hoycordobaweb.com\/index.php\/wp-json\/wp\/v2\/media?parent=140974"}],"wp:term":[{"taxonomy":"category","embeddable":true,"href":"http:\/\/hoycordobaweb.com\/index.php\/wp-json\/wp\/v2\/categories?post=140974"},{"taxonomy":"post_tag","embeddable":true,"href":"http:\/\/hoycordobaweb.com\/index.php\/wp-json\/wp\/v2\/tags?post=140974"}],"curies":[{"name":"wp","href":"https:\/\/api.w.org\/{rel}","templated":true}]}}