{"id":140969,"date":"2026-08-31T11:49:26","date_gmt":"2026-08-31T11:49:26","guid":{"rendered":"https:\/\/ladecimaweb.com\/?p=34517"},"modified":"2026-08-31T11:49:26","modified_gmt":"2026-08-31T11:49:26","slug":"renuncia-canito-flores-legislador-pejotista-del-norte-en-medio-de-escandalo-por-abuso-sexual-de-menores","status":"publish","type":"post","link":"http:\/\/hoycordobaweb.com\/index.php\/2026\/08\/31\/renuncia-canito-flores-legislador-pejotista-del-norte-en-medio-de-escandalo-por-abuso-sexual-de-menores\/","title":{"rendered":"Renuncia \u201cCa\u00f1ito\u201d Flores, legislador pejotista del norte, en medio de esc\u00e1ndalo por abuso sexual de menores"},"content":{"rendered":"<div class=\"boldgrid-section\">\n<div class=\"container\">\n<div class=\"row\">\n<div class=\"col-lg-12 col-md-12 col-xs-12 col-sm-12\">\n<p data-path-to-node=\"1,0,0\">Ernesto &#8220;Ca\u00f1ito&#8221; Flores, dirigente del peronismo (Hacemos Unidos por C\u00f3rdoba), renunci\u00f3 a su banca en la Legislatura provincial en medio de un esc\u00e1ndalo por una causa de grooming y abuso sexual de menores en R\u00edo Seco.<\/p>\n<p data-path-to-node=\"1,0,0\">Inicialmente hab\u00eda pedido una licencia por 180 d\u00edas, pero la presi\u00f3n opositora y el costo pol\u00edtico forzaron su salida definitiva.<\/p>\n<p data-path-to-node=\"1,0,0\">En su renuncia, Flores denunci\u00f3 una &#8220;campa\u00f1a de difamaci\u00f3n&#8221; y asegur\u00f3 irse con la &#8220;conciencia absolutamente tranquila&#8221;, rechazando que su decisi\u00f3n implique admisi\u00f3n de responsabilidad.<\/p>\n<p data-path-to-node=\"1,0,0\"><strong>&#8220;Terneritas&#8221;<\/strong><\/p>\n<p class=\"\" data-path-to-node=\"1,0,0\">La causa involucra a Jos\u00e9 &#8220;Hachazo&#8221; Villarreal, quien era asesor de Flores en la Unicameral y es uno de los 15 detenidos.<\/p>\n<p class=\"\" data-path-to-node=\"1,0,0\">Trascendi\u00f3 un audio indignante de Villarreal que complic\u00f3 a\u00fan m\u00e1s su situaci\u00f3n. En la grabaci\u00f3n, presuntamente realizada durante la \u00faltima campa\u00f1a proselitista en Villa de Mar\u00eda del R\u00edo Seco, Villarreal hace referencia a intercambiar asistencia estatal (chapas, colchones, puertas y bolsones de alimentos) por favores sexuales.<\/p>\n<p class=\"\" data-path-to-node=\"1,0,0\">En el audio, usa frases despectivas como &#8220;Esta campa\u00f1a me trajo terneritas&#8221;.<\/p>\n<p class=\"\" data-path-to-node=\"1,0,0\">Villarreal tambi\u00e9n expresa preocupaci\u00f3n por el fin de estas pr\u00e1cticas ante un eventual cambio de autoridades municipales.<\/p>\n<p class=\"\" data-path-to-node=\"1,0,0\"><strong>Limia a favor de la renuncia<\/strong><\/p>\n<p class=\"\" data-path-to-node=\"1,0,0\">El legislador oficialista&nbsp;<strong>Leonardo Limia<\/strong>, perteneciente al bloque&nbsp;<strong>Hacemos Unidos por C\u00f3rdoba<\/strong>, abord\u00f3 la situaci\u00f3n de manera p\u00fablica en el programa por streaming&nbsp;<strong>La Voz En Vivo.<\/strong><\/p>\n<p class=\"\" data-path-to-node=\"1,0,0\">&#8220;No correr adelante de la Justicia y no correr adelante de los hechos&#8221;, se\u00f1al\u00f3 el legislador durante el streaming, al justificar el tiempo que demand\u00f3 la resoluci\u00f3n del conflicto parlamentario.<\/p>\n<p class=\"\" data-path-to-node=\"1,0,0\">Tambi\u00e9n agreg\u00f3 que comparte la decisi\u00f3n final de dar por concluida la relaci\u00f3n de <strong>Flores<\/strong>&nbsp;con la&nbsp;<strong>Legislatura cordobesa<\/strong>.<\/p>\n<p class=\"\" data-path-to-node=\"1,0,0\">Vale recordar que la senadora nacional, Alejandra Vigo, hab\u00eda exigido la semana pasada la renuncia del cuestionado legislador.&nbsp;<\/p>\n<p>&nbsp;<\/p>\n<div class=\"ubm_banner\"><a href=\"https:\/\/www.facebook.com\/share\/12F68yg5H3H\/\" target=\"_self\" rel=\"dofollow noopener noreferrer\"><img decoding=\"async\" src=\"http:\/\/hoycordobaweb.com\/wp-content\/uploads\/2026\/08\/renuncia-canito-flores-legislador-pejotista-del-norte-en-medio-de-escandalo-por-abuso-sexual-de-menores.gif\" alt=\"\"><\/a><\/div>\n<\/div>\n<\/div>\n<\/div>\n<\/div>\n<p>La entrada <a href=\"https:\/\/ladecimaweb.com\/renuncia-canito-flores-legislador-pejotista-del-norte-en-medio-de-escandalo-por-abuso-sexual-de-menores\/\">Renuncia &#8220;Ca\u00f1ito&#8221; Flores, legislador pejotista del norte, en medio de esc\u00e1ndalo por abuso sexual de menores<\/a> se public\u00f3 primero en <a href=\"https:\/\/ladecimaweb.com\">LaDecima<\/a>.<\/p>\n","protected":false},"excerpt":{"rendered":"<p>Ernesto &#8220;Ca\u00f1ito&#8221; Flores, dirigente del peronismo (Hacemos Unidos por C\u00f3rdoba), renunci\u00f3 a su banca en la Legislatura provincial en medio de un esc\u00e1ndalo por una causa de grooming y abuso sexual de menores en R\u00edo Seco. Inicialmente hab\u00eda pedido una licencia por 180 d\u00edas, pero la presi\u00f3n opositora y el costo pol\u00edtico forzaron su salida [&hellip;]<\/p>\n","protected":false},"author":1,"featured_media":0,"comment_status":"closed","ping_status":"closed","sticky":false,"template":"","format":"standard","meta":[],"categories":[32],"tags":[],"_links":{"self":[{"href":"http:\/\/hoycordobaweb.com\/index.php\/wp-json\/wp\/v2\/posts\/140969"}],"collection":[{"href":"http:\/\/hoycordobaweb.com\/index.php\/wp-json\/wp\/v2\/posts"}],"about":[{"href":"http:\/\/hoycordobaweb.com\/index.php\/wp-json\/wp\/v2\/types\/post"}],"author":[{"embeddable":true,"href":"http:\/\/hoycordobaweb.com\/index.php\/wp-json\/wp\/v2\/users\/1"}],"replies":[{"embeddable":true,"href":"http:\/\/hoycordobaweb.com\/index.php\/wp-json\/wp\/v2\/comments?post=140969"}],"version-history":[{"count":0,"href":"http:\/\/hoycordobaweb.com\/index.php\/wp-json\/wp\/v2\/posts\/140969\/revisions"}],"wp:attachment":[{"href":"http:\/\/hoycordobaweb.com\/index.php\/wp-json\/wp\/v2\/media?parent=140969"}],"wp:term":[{"taxonomy":"category","embeddable":true,"href":"http:\/\/hoycordobaweb.com\/index.php\/wp-json\/wp\/v2\/categories?post=140969"},{"taxonomy":"post_tag","embeddable":true,"href":"http:\/\/hoycordobaweb.com\/index.php\/wp-json\/wp\/v2\/tags?post=140969"}],"curies":[{"name":"wp","href":"https:\/\/api.w.org\/{rel}","templated":true}]}}