{"id":140966,"date":"2026-08-31T17:14:02","date_gmt":"2026-08-31T17:14:02","guid":{"rendered":"http:\/\/hoycordobaweb.com\/index.php\/2026\/08\/31\/conmocion-internacional-por-messi-seras-eterno-as-com-diario-as\/"},"modified":"2026-08-31T17:14:02","modified_gmt":"2026-08-31T17:14:02","slug":"conmocion-internacional-por-messi-seras-eterno-as-com-diario-as","status":"publish","type":"post","link":"http:\/\/hoycordobaweb.com\/index.php\/2026\/08\/31\/conmocion-internacional-por-messi-seras-eterno-as-com-diario-as\/","title":{"rendered":"Conmoci\u00f3n internacional por Messi: \u201cSer\u00e1s eterno\u201d &#8211; AS.com &#8211; Diario AS"},"content":{"rendered":"<p>Clar\u00edn: \u201cLionel Messi anunci\u00f3 su retiro de la Selecci\u00f3n <b>Argentina<\/b>\u201d. El futbolista que encabez\u00f3 la generaci\u00f3n que termin\u00f3 con una largu\u00edsima espera y&nbsp;&#8230; <\/p>\n","protected":false},"excerpt":{"rendered":"<p>Clar\u00edn: \u201cLionel Messi anunci\u00f3 su retiro de la Selecci\u00f3n Argentina\u201d. El futbolista que encabez\u00f3 la generaci\u00f3n que termin\u00f3 con una largu\u00edsima espera y&nbsp;&#8230;<\/p>\n","protected":false},"author":1,"featured_media":0,"comment_status":"closed","ping_status":"closed","sticky":false,"template":"","format":"standard","meta":[],"categories":[22],"tags":[],"_links":{"self":[{"href":"http:\/\/hoycordobaweb.com\/index.php\/wp-json\/wp\/v2\/posts\/140966"}],"collection":[{"href":"http:\/\/hoycordobaweb.com\/index.php\/wp-json\/wp\/v2\/posts"}],"about":[{"href":"http:\/\/hoycordobaweb.com\/index.php\/wp-json\/wp\/v2\/types\/post"}],"author":[{"embeddable":true,"href":"http:\/\/hoycordobaweb.com\/index.php\/wp-json\/wp\/v2\/users\/1"}],"replies":[{"embeddable":true,"href":"http:\/\/hoycordobaweb.com\/index.php\/wp-json\/wp\/v2\/comments?post=140966"}],"version-history":[{"count":0,"href":"http:\/\/hoycordobaweb.com\/index.php\/wp-json\/wp\/v2\/posts\/140966\/revisions"}],"wp:attachment":[{"href":"http:\/\/hoycordobaweb.com\/index.php\/wp-json\/wp\/v2\/media?parent=140966"}],"wp:term":[{"taxonomy":"category","embeddable":true,"href":"http:\/\/hoycordobaweb.com\/index.php\/wp-json\/wp\/v2\/categories?post=140966"},{"taxonomy":"post_tag","embeddable":true,"href":"http:\/\/hoycordobaweb.com\/index.php\/wp-json\/wp\/v2\/tags?post=140966"}],"curies":[{"name":"wp","href":"https:\/\/api.w.org\/{rel}","templated":true}]}}