{"id":140965,"date":"2026-08-31T17:14:54","date_gmt":"2026-08-31T17:14:54","guid":{"rendered":"http:\/\/hoycordobaweb.com\/index.php\/2026\/08\/31\/messi-se-retira-de-argentina-asi-reacciono-el-mundo-del-futbol-animal-politico\/"},"modified":"2026-08-31T17:14:54","modified_gmt":"2026-08-31T17:14:54","slug":"messi-se-retira-de-argentina-asi-reacciono-el-mundo-del-futbol-animal-politico","status":"publish","type":"post","link":"http:\/\/hoycordobaweb.com\/index.php\/2026\/08\/31\/messi-se-retira-de-argentina-asi-reacciono-el-mundo-del-futbol-animal-politico\/","title":{"rendered":"Messi se retira de <b>Argentina<\/b>: as\u00ed reaccion\u00f3 el mundo del <b>futbol<\/b> &#8211; Animal Pol\u00edtico"},"content":{"rendered":"<p>Compa\u00f1eros, excompa\u00f1eros, figuras del deporte, clubes y organismos del <b>futbol<\/b> comenzaron a despedir a Lionel Messi tras su adi\u00f3s a la Selecci\u00f3n&nbsp;&#8230; <\/p>\n","protected":false},"excerpt":{"rendered":"<p>Compa\u00f1eros, excompa\u00f1eros, figuras del deporte, clubes y organismos del futbol comenzaron a despedir a Lionel Messi tras su adi\u00f3s a la Selecci\u00f3n&nbsp;&#8230;<\/p>\n","protected":false},"author":1,"featured_media":0,"comment_status":"closed","ping_status":"closed","sticky":false,"template":"","format":"standard","meta":[],"categories":[22],"tags":[],"_links":{"self":[{"href":"http:\/\/hoycordobaweb.com\/index.php\/wp-json\/wp\/v2\/posts\/140965"}],"collection":[{"href":"http:\/\/hoycordobaweb.com\/index.php\/wp-json\/wp\/v2\/posts"}],"about":[{"href":"http:\/\/hoycordobaweb.com\/index.php\/wp-json\/wp\/v2\/types\/post"}],"author":[{"embeddable":true,"href":"http:\/\/hoycordobaweb.com\/index.php\/wp-json\/wp\/v2\/users\/1"}],"replies":[{"embeddable":true,"href":"http:\/\/hoycordobaweb.com\/index.php\/wp-json\/wp\/v2\/comments?post=140965"}],"version-history":[{"count":0,"href":"http:\/\/hoycordobaweb.com\/index.php\/wp-json\/wp\/v2\/posts\/140965\/revisions"}],"wp:attachment":[{"href":"http:\/\/hoycordobaweb.com\/index.php\/wp-json\/wp\/v2\/media?parent=140965"}],"wp:term":[{"taxonomy":"category","embeddable":true,"href":"http:\/\/hoycordobaweb.com\/index.php\/wp-json\/wp\/v2\/categories?post=140965"},{"taxonomy":"post_tag","embeddable":true,"href":"http:\/\/hoycordobaweb.com\/index.php\/wp-json\/wp\/v2\/tags?post=140965"}],"curies":[{"name":"wp","href":"https:\/\/api.w.org\/{rel}","templated":true}]}}