{"id":140964,"date":"2026-08-31T17:21:39","date_gmt":"2026-08-31T17:21:39","guid":{"rendered":"http:\/\/hoycordobaweb.com\/index.php\/2026\/08\/31\/lionel-messi-y-su-primer-retiro-de-la-seleccion-argentina-en-el-2016-tudn-futbol\/"},"modified":"2026-08-31T17:21:39","modified_gmt":"2026-08-31T17:21:39","slug":"lionel-messi-y-su-primer-retiro-de-la-seleccion-argentina-en-el-2016-tudn-futbol","status":"publish","type":"post","link":"http:\/\/hoycordobaweb.com\/index.php\/2026\/08\/31\/lionel-messi-y-su-primer-retiro-de-la-seleccion-argentina-en-el-2016-tudn-futbol\/","title":{"rendered":"Lionel Messi y su primer retiro de la selecci\u00f3n <b>argentina<\/b> en el 2016 | TUDN <b>F\u00fatbol<\/b>"},"content":{"rendered":"<p>Ese a\u00f1o, el astro pas\u00f3 alejado de la Albiceleste 45 d\u00edas tras perder la Copa Am\u00e9rica Centenario. | TUDN <b>F\u00fatbol<\/b> | TUDN. <\/p>\n","protected":false},"excerpt":{"rendered":"<p>Ese a\u00f1o, el astro pas\u00f3 alejado de la Albiceleste 45 d\u00edas tras perder la Copa Am\u00e9rica Centenario. | TUDN F\u00fatbol | TUDN.<\/p>\n","protected":false},"author":1,"featured_media":0,"comment_status":"closed","ping_status":"closed","sticky":false,"template":"","format":"standard","meta":[],"categories":[22],"tags":[],"_links":{"self":[{"href":"http:\/\/hoycordobaweb.com\/index.php\/wp-json\/wp\/v2\/posts\/140964"}],"collection":[{"href":"http:\/\/hoycordobaweb.com\/index.php\/wp-json\/wp\/v2\/posts"}],"about":[{"href":"http:\/\/hoycordobaweb.com\/index.php\/wp-json\/wp\/v2\/types\/post"}],"author":[{"embeddable":true,"href":"http:\/\/hoycordobaweb.com\/index.php\/wp-json\/wp\/v2\/users\/1"}],"replies":[{"embeddable":true,"href":"http:\/\/hoycordobaweb.com\/index.php\/wp-json\/wp\/v2\/comments?post=140964"}],"version-history":[{"count":0,"href":"http:\/\/hoycordobaweb.com\/index.php\/wp-json\/wp\/v2\/posts\/140964\/revisions"}],"wp:attachment":[{"href":"http:\/\/hoycordobaweb.com\/index.php\/wp-json\/wp\/v2\/media?parent=140964"}],"wp:term":[{"taxonomy":"category","embeddable":true,"href":"http:\/\/hoycordobaweb.com\/index.php\/wp-json\/wp\/v2\/categories?post=140964"},{"taxonomy":"post_tag","embeddable":true,"href":"http:\/\/hoycordobaweb.com\/index.php\/wp-json\/wp\/v2\/tags?post=140964"}],"curies":[{"name":"wp","href":"https:\/\/api.w.org\/{rel}","templated":true}]}}