{"id":140950,"date":"2026-08-30T13:00:00","date_gmt":"2026-08-30T13:00:00","guid":{"rendered":"https:\/\/www.mujerhoy.com\/moda\/no-te-pierdas\/nuevo-vestido-vaquero-barato-zara-entretiempo-20260830094144-nt.html"},"modified":"2026-08-30T13:00:00","modified_gmt":"2026-08-30T13:00:00","slug":"el-vestido-vaquero-es-la-prenda-estrella-de-la-temporada-y-estos-son-los-que-mejor-sientan","status":"publish","type":"post","link":"http:\/\/hoycordobaweb.com\/index.php\/2026\/08\/30\/el-vestido-vaquero-es-la-prenda-estrella-de-la-temporada-y-estos-son-los-que-mejor-sientan\/","title":{"rendered":"El vestido vaquero es la prenda estrella de la temporada (y estos son los que mejor sientan)"},"content":{"rendered":"<p><!-- AUTHOR --><\/p>\n<div class=\"voc-author-timesocial \">\n<!-- AUTHOR --><\/p>\n<div class=\"voc-author-timesocial__signature \">\n<!-- IMAGE AUTHOR -->\n<picture class=\"voc-image-signature\">\n<img class=\"voc-image-signature__img\" src=\"http:\/\/hoycordobaweb.com\/wp-content\/uploads\/2026\/08\/el-vestido-vaquero-es-la-prenda-estrella-de-la-temporada-y-estos-son-los-que-mejor-sientan.jpg\" alt=\"Gemma Cano\">\n<\/picture>\n<!-- INFO AUTHOR --><\/p>\n<div class=\"voc-author-timesocial__info\" data-mrf-recirculation=\"Autor\">\n<div class=\"voc-author-info\">\n<author><br \/>\n<a class=\"voc-author\" href=\"https:\/\/www.mujerhoy.com\/autor\/gemma-cano-1220.html\">Gemma Cano<\/a><br \/>\n<\/author><br \/>\n<!-- TIME --><br \/>\n<time datetime=\"2026-08-30T13:00:00Z\" data-timestamp><br \/>\nPublicado \u00b7 <span data-voc-date-modified-short> 30 de agosto de 2026, 15:00 h <\/span><br \/>\n<\/time>\n<\/div>\n<\/div>\n<\/div><\/div>\n<p> <!-- COMPONENTS --><\/p>\n<p class=\"voc-paragraph\">Las secciones de novedades est\u00e1n repletas de <a href=\"https:\/\/www.mujerhoy.com\/moda\/no-te-pierdas\/prendas-solucionan-complicado-momento-vestir-verano-otono-20260829122512-nt_amp.html\" data-voc-vtm-id=\"in-text-traffic\" data-mrf-link=\"www.mujerhoy.com\">propuestas a medio camino entre el verano y el oto\u00f1o<\/a>. Toca descubrir las prendas m\u00e1s vers\u00e1tiles de cara a los d\u00edas de entretiempo. Y nuestra sugerencia de la semana es que apuestes por un <strong>vestido vaquero<\/strong>, de esos que aparentemente no tienen nada, pero realmente lo tienen todo.<\/p>\n<p class=\"voc-paragraph\">Un dise\u00f1o en tama\u00f1o mini, en tejido denim, muy vers\u00e1til que podr\u00e1s encontrar en Zara, Mango, H&amp;M o Sfera y otras de tus tiendas favoritas. <strong>\u00bfC\u00f3mo llevarlo hasta que llegue el oto\u00f1o?<\/strong> Aparca las sandalias y comb\u00ednalo con zapatillas blancas o con botas altas de estilo cowboy.<\/p>\n<div class=\"v-c-cmp v-c-cmp--t1 \">\n<div class=\"v-cmp-rld v-cmp-rld--2 \">\n<div class=\"v-cnt-m v-cnt-m--m\">\n<div class=\"v-cnt-m__c\">\n<div class=\"v-cnt-m__w v-cnt-m__w--1\">\n<p class=\"v-cnt-m__t\">\nTAMBI\u00c9N TE INTERESA\n<\/p>\n<\/div>\n<\/div>\n<\/div>\n<div class=\"v-g v-g--2-c v-g--bdr-min-xs\">\n<div class=\"v-g__c \">\n<article class=\"v-a v-a--cmp-rld v-a--cmp-rld-2 v-a--p-l\">\n<div class=\"v-a-img-c\">\n<figure class=\"v-a-fig\">\n<a href=\"https:\/\/www.mujerhoy.com\/moda\/no-te-pierdas\/mejores-vaqueros-septiembre-favorecedores-bonitos-20260822161102-nt.html#vtm_modulosEngag=mod-rel:moda:noticia:1:cmp:2-not\" class=\"v-a-link\" title=\"Si est\u00e1s lista para usar vaqueros, estos son los \u00fanicos que deber\u00edas llevar\"><br \/>\n<img loading=\"lazy\" class=\"v-a-img\" src=\"http:\/\/hoycordobaweb.com\/wp-content\/uploads\/2026\/08\/el-vestido-vaquero-es-la-prenda-estrella-de-la-temporada-y-estos-son-los-que-mejor-sientan-1.jpg\" alt=\"Si est\u00e1s lista para usar vaqueros, estos son los \u00fanicos que deber\u00edas llevar\"><br \/>\n<\/a><br \/>\n<\/figure>\n<\/div>\n<\/article>\n<\/div>\n<div class=\"v-g__c \">\n<article class=\"v-a v-a--cmp-rld v-a--cmp-rld-2 v-a--p-l\">\n<div class=\"v-a-img-c\">\n<figure class=\"v-a-fig\">\n<a href=\"https:\/\/www.mujerhoy.com\/moda\/no-te-pierdas\/vestidos-marrones-mas-favorecedores-despues-verano-20260821104554-nt.html#vtm_modulosEngag=mod-rel:moda:noticia:2:cmp:2-not\" class=\"v-a-link\" title=\"Estos son los vestidos de color marr\u00f3n que tienes que incluir en tu armario de entretiempo\"><br \/>\n<img loading=\"lazy\" class=\"v-a-img\" src=\"http:\/\/hoycordobaweb.com\/wp-content\/uploads\/2026\/08\/el-vestido-vaquero-es-la-prenda-estrella-de-la-temporada-y-estos-son-los-que-mejor-sientan-2.jpg\" alt=\"Estos son los vestidos de color marr\u00f3n que tienes que incluir en tu armario de entretiempo\"><br \/>\n<\/a><br \/>\n<\/figure>\n<\/div>\n<\/article>\n<\/div>\n<\/div>\n<\/div>\n<\/div>\n<div class=\"v-c-cmp \">\n<div class=\"v-cmp-m v-cmp-m--t1\">\n<article class=\"v-a v-a--cmp-m v-c-cmp--m-p\">\n<div class=\"v-a-img-c v-a-img-c--fw-xs\">\n<div class=\"v-a-fig\">\n<div class=\"v-a-link\">\n<img loading=\"lazy\" src=\"http:\/\/hoycordobaweb.com\/wp-content\/uploads\/2026\/08\/el-vestido-vaquero-es-la-prenda-estrella-de-la-temporada-y-estos-son-los-que-mejor-sientan-3.jpg\" class=\"v-a-img\" width=\"650\" height=\"975\" alt data-voc-vtm-id=\"in-text-traffic\">\n<\/div>\n<\/div>\n<\/div>\n<\/article>\n<\/div>\n<\/div>\n<p class=\"voc-paragraph\">Se trata de una de las prendas de entretiempo m\u00e1s deseadas de cualquier armario, y ya estamos empezado a ver por todas partes. \u00bfQuieres descubrir todos sus secretos y d\u00f3nde encontrar los dise\u00f1os m\u00e1s bonitos del momento? \u00a1Toma buena nota!<\/p>\n<div class=\"v-c-cmp \">\n<div class=\"v-cmp-m v-cmp-m--t1\">\n<article class=\"v-a v-a--cmp-m v-c-cmp--m-p\">\n<div class=\"v-a-img-c v-a-img-c--fw-xs\">\n<div class=\"v-a-fig\">\n<div class=\"v-a-link\">\n<img loading=\"lazy\" src=\"http:\/\/hoycordobaweb.com\/wp-content\/uploads\/2026\/08\/el-vestido-vaquero-es-la-prenda-estrella-de-la-temporada-y-estos-son-los-que-mejor-sientan-4.jpg\" class=\"v-a-img\" width=\"650\" height=\"975\" alt data-voc-vtm-id=\"in-text-traffic\">\n<\/div>\n<\/div>\n<\/div>\n<\/article>\n<\/div>\n<\/div>\n<p class=\"voc-paragraph\">Este tipo de vestidos en tejido vaquero se adaptan perfectamente a todo tipo de looks de entretiempo. Apuesta por un dise\u00f1o en tama\u00f1o mini y ll\u00e9valo con tus accesorios <a href=\"https:\/\/www.mujerhoy.com\/moda\/no-te-pierdas\/basicos-clasicos-para-armario-minimalista-otono-20260824163915-nt.html\" target=\"_self\" data-voc-vtm-id=\"in-text-traffic\" data-mrf-link=\"www.mujerhoy.com\" rel=\"noopener noreferrer\">b\u00e1sicos de oto\u00f1o<\/a> favoritos. \u00c9xito asegurado.<\/p>\n<div class=\"v-c-cmp \">\n<div class=\"v-cmp-m v-cmp-m--t1\">\n<article class=\"v-a v-a--cmp-m v-c-cmp--m-p\">\n<div class=\"v-a-img-c v-a-img-c--fw-xs\">\n<div class=\"v-a-fig\">\n<div class=\"v-a-link\">\n<img loading=\"lazy\" src=\"http:\/\/hoycordobaweb.com\/wp-content\/uploads\/2026\/08\/el-vestido-vaquero-es-la-prenda-estrella-de-la-temporada-y-estos-son-los-que-mejor-sientan-5.jpg\" class=\"v-a-img\" width=\"650\" height=\"975\" alt data-voc-vtm-id=\"in-text-traffic\">\n<\/div>\n<\/div>\n<\/div>\n<\/article>\n<\/div>\n<\/div>\n<p class=\"voc-paragraph\">Los vestidos vaqueros de colores inesperados, como el burdeos, son la opci\u00f3n m\u00e1s especial del momento. <strong>Conseguir\u00e1s un look de entretiempo infalible<\/strong>.<\/p>\n<div class=\"v-c-cmp \">\n<div class=\"v-cmp-m v-cmp-m--t1\">\n<article class=\"v-a v-a--cmp-m v-c-cmp--m-p\">\n<div class=\"v-a-img-c v-a-img-c--fw-xs\">\n<div class=\"v-a-fig\">\n<div class=\"v-a-link\">\n<img loading=\"lazy\" src=\"http:\/\/hoycordobaweb.com\/wp-content\/uploads\/2026\/08\/el-vestido-vaquero-es-la-prenda-estrella-de-la-temporada-y-estos-son-los-que-mejor-sientan-6.jpg\" class=\"v-a-img\" width=\"650\" height=\"975\" alt=\"Vestido vaquero de Zara (29,95 euros)\" data-voc-vtm-id=\"in-text-traffic\">\n<\/div><figcaption class=\"v-fc\">\n<span class=\"v-fc__t\"><br \/>\nVestido vaquero de Zara (29,95 euros)<br \/>\n<\/span><br \/>\n<\/figcaption><\/div>\n<\/div>\n<\/article>\n<\/div>\n<\/div>\n<p><h3 class=\"v-cmp-suh\">\nVestido vaquero de Zara (29,95 euros)<br \/>\n<\/h3>\n<\/p>\n<p class=\"voc-paragraph\">El dise\u00f1o m\u00e1s especial de la nueva temporada, pero al mismo tiempo el que nunca falla. Un bonito y favorecedor vestidos vaquero, con alamares, que podr\u00e1s llevar en cualquier ocasi\u00f3n. Tiene que ser tuyo.<\/p>\n<div class=\"v-c-cmp \">\n<div class=\"v-cmp-m v-cmp-m--t1\">\n<article class=\"v-a v-a--cmp-m v-c-cmp--m-p\">\n<div class=\"v-a-img-c v-a-img-c--fw-xs\">\n<div class=\"v-a-fig\">\n<div class=\"v-a-link\">\n<img loading=\"lazy\" src=\"http:\/\/hoycordobaweb.com\/wp-content\/uploads\/2026\/08\/el-vestido-vaquero-es-la-prenda-estrella-de-la-temporada-y-estos-son-los-que-mejor-sientan-7.jpg\" class=\"v-a-img\" width=\"650\" height=\"975\" alt=\"Vestido corto de Zara (35,99 euros)\" data-voc-vtm-id=\"in-text-traffic\">\n<\/div><figcaption class=\"v-fc\">\n<span class=\"v-fc__t\"><br \/>\nVestido corto de Zara (35,99 euros)<br \/>\n<\/span><br \/>\n<\/figcaption><\/div>\n<\/div>\n<\/article>\n<\/div>\n<\/div>\n<p><h3 class=\"v-cmp-suh\">\nVestido corto de Zara (35,99 euros)<br \/>\n<\/h3>\n<\/p>\n<p class=\"voc-paragraph\">Una propuesta imbatible, que llevar\u00e1s con todos tus looks de entretiempo hasta que llegue el fr\u00edo. Apuesta por un dise\u00f1o corto, con alamares, para conseguir el look m\u00e1s favorecedor de la temporada. Imprescindible.<\/p>\n<div class=\"v-c-cmp \">\n<div class=\"v-cmp-m v-cmp-m--t1\">\n<article class=\"v-a v-a--cmp-m v-c-cmp--m-p\">\n<div class=\"v-a-img-c v-a-img-c--fw-xs\">\n<div class=\"v-a-fig\">\n<div class=\"v-a-link\">\n<img loading=\"lazy\" src=\"http:\/\/hoycordobaweb.com\/wp-content\/uploads\/2026\/08\/el-vestido-vaquero-es-la-prenda-estrella-de-la-temporada-y-estos-son-los-que-mejor-sientan-8.jpg\" class=\"v-a-img\" width=\"650\" height=\"975\" alt=\"Vestido vaquero de Mango (29,99 euros)\" data-voc-vtm-id=\"in-text-traffic\">\n<\/div><figcaption class=\"v-fc\">\n<span class=\"v-fc__t\"><br \/>\nVestido vaquero de Mango (29,99 euros)<br \/>\n<\/span><br \/>\n<\/figcaption><\/div>\n<\/div>\n<\/article>\n<\/div>\n<\/div>\n<p><h3 class=\"v-cmp-suh\">\nVestido vaquero de Mango (29,99 euros)<br \/>\n<\/h3>\n<\/p>\n<p class=\"voc-paragraph\">Uno de los dise\u00f1os m\u00e1s deseados de la nueva temporada, que podr\u00e1s llevar a diario con cualquier look de entretiempo. Nos encanta la elegancia de un dise\u00f1o tan sencillo.<\/p>\n<div class=\"v-c-cmp \">\n<div class=\"v-cmp-m v-cmp-m--t1\">\n<article class=\"v-a v-a--cmp-m v-c-cmp--m-p\">\n<div class=\"v-a-img-c v-a-img-c--fw-xs\">\n<div class=\"v-a-fig\">\n<div class=\"v-a-link\">\n<img loading=\"lazy\" src=\"http:\/\/hoycordobaweb.com\/wp-content\/uploads\/2026\/08\/el-vestido-vaquero-es-la-prenda-estrella-de-la-temporada-y-estos-son-los-que-mejor-sientan-9.jpg\" class=\"v-a-img\" width=\"650\" height=\"975\" alt=\"Vestido vaquero de H&amp;M (34,99 euros)\" data-voc-vtm-id=\"in-text-traffic\">\n<\/div><figcaption class=\"v-fc\">\n<span class=\"v-fc__t\"><br \/>\nVestido vaquero de H&amp;M (34,99 euros)<br \/>\n<\/span><br \/>\n<\/figcaption><\/div>\n<\/div>\n<\/article>\n<\/div>\n<\/div>\n<p><h3 class=\"v-cmp-suh\">\nVestido vaquero de H&amp;M (34,99 euros)<br \/>\n<\/h3>\n<\/p>\n<p class=\"voc-paragraph\">Apuesta por este tipo de vestidos para elevar todos tus looks de entretiempo. Una prenda en tejido denim, de corte camisero y con las mangas abullonadas, que no puedes dejar escapar esta nueva temporada.<\/p>\n<div class=\"v-c-cmp \">\n<div class=\"v-cmp-m v-cmp-m--t1\">\n<article class=\"v-a v-a--cmp-m v-c-cmp--m-p\">\n<div class=\"v-a-img-c v-a-img-c--fw-xs\">\n<div class=\"v-a-fig\">\n<div class=\"v-a-link\">\n<img loading=\"lazy\" src=\"http:\/\/hoycordobaweb.com\/wp-content\/uploads\/2026\/08\/el-vestido-vaquero-es-la-prenda-estrella-de-la-temporada-y-estos-son-los-que-mejor-sientan-10.jpg\" class=\"v-a-img\" width=\"650\" height=\"975\" alt=\"Vestido vaquero de H&amp;M (34,99 euros)\" data-voc-vtm-id=\"in-text-traffic\">\n<\/div><figcaption class=\"v-fc\">\n<span class=\"v-fc__t\"><br \/>\nVestido vaquero de H&amp;M (34,99 euros)<br \/>\n<\/span><br \/>\n<\/figcaption><\/div>\n<\/div>\n<\/article>\n<\/div>\n<\/div>\n<p><h3 class=\"v-cmp-suh\">\nVestido vaquero de H&amp;M (34,99 euros)<br \/>\n<\/h3>\n<\/p>\n<p class=\"voc-paragraph\">Apuesta por los dise\u00f1os de estilo boho, con volantes, para renovar tu look de entretiempo. Este dise\u00f1o de manga larga es uno de nuestros favoritos de la nueva temporada.<\/p>\n<div class=\"v-c-cmp v-c-cmp--t1 \">\n<div class=\"v-cmp-rld v-cmp-rld--2 \">\n<div class=\"v-cnt-m v-cnt-m--m\">\n<div class=\"v-cnt-m__c\">\n<div class=\"v-cnt-m__w v-cnt-m__w--1\">\n<p class=\"v-cnt-m__t\">\nTAMBI\u00c9N TE INTERESA\n<\/p>\n<\/div>\n<\/div>\n<\/div>\n<div class=\"v-g v-g--2-c v-g--bdr-min-xs\">\n<div class=\"v-g__c \">\n<article class=\"v-a v-a--cmp-rld v-a--cmp-rld-2 v-a--p-l\">\n<div class=\"v-a-img-c\">\n<figure class=\"v-a-fig\">\n<a href=\"https:\/\/www.mujerhoy.com\/moda\/tendencias\/pantalon-vaquero-tiro-bajo-barato-zara-mas-50-anos-20260821105238-nt.html#vtm_modulosEngag=mod-rel:moda:noticia:1:cmp:2-not\" class=\"v-a-link\" title=\"Los pantalones vaqueros que mejor sientan son estos de tiro bajo que ya est\u00e1n a punto de agotarse\"><br \/>\n<img loading=\"lazy\" class=\"v-a-img\" src=\"http:\/\/hoycordobaweb.com\/wp-content\/uploads\/2026\/08\/el-vestido-vaquero-es-la-prenda-estrella-de-la-temporada-y-estos-son-los-que-mejor-sientan-11.jpg\" alt=\"Los pantalones vaqueros que mejor sientan son estos de tiro bajo que ya est\u00e1n a punto de agotarse\"><br \/>\n<\/a><br \/>\n<\/figure>\n<\/div>\n<\/article>\n<\/div>\n<div class=\"v-g__c \">\n<article class=\"v-a v-a--cmp-rld v-a--cmp-rld-2 v-a--p-l\">\n<div class=\"v-a-img-c\">\n<figure class=\"v-a-fig\">\n<a href=\"https:\/\/www.mujerhoy.com\/moda\/no-te-pierdas\/adios-camiseta-basica-blusas-bonitas-consiguen-simples-20260825142340-nt.html#vtm_modulosEngag=mod-rel:moda:noticia:2:cmp:2-not\" class=\"v-a-link\" title=\"Adi\u00f3s a la camiseta b\u00e1sica: estas blusas bonitas consiguen que unos simples vaqueros parezcan mucho m\u00e1s elegantes\"><br \/>\n<img loading=\"lazy\" class=\"v-a-img\" src=\"http:\/\/hoycordobaweb.com\/wp-content\/uploads\/2026\/08\/el-vestido-vaquero-es-la-prenda-estrella-de-la-temporada-y-estos-son-los-que-mejor-sientan-12.jpg\" alt=\"Adi\u00f3s a la camiseta b\u00e1sica: estas blusas bonitas consiguen que unos simples vaqueros parezcan mucho m\u00e1s elegantes\"><br \/>\n<\/a><br \/>\n<\/figure>\n<\/div>\n<\/article>\n<\/div>\n<\/div>\n<\/div>\n<\/div>\n<div class=\"media_block\"><\/div>\n","protected":false},"excerpt":{"rendered":"<p>Gemma Cano Publicado \u00b7 30 de agosto de 2026, 15:00 h Las secciones de novedades est\u00e1n repletas de propuestas a medio camino entre el verano y el oto\u00f1o. Toca descubrir las prendas m\u00e1s vers\u00e1tiles de cara a los d\u00edas de entretiempo. Y nuestra sugerencia de la semana es que apuestes por un vestido vaquero, de [&hellip;]<\/p>\n","protected":false},"author":1,"featured_media":140951,"comment_status":"closed","ping_status":"closed","sticky":false,"template":"","format":"standard","meta":[],"categories":[],"tags":[],"_links":{"self":[{"href":"http:\/\/hoycordobaweb.com\/index.php\/wp-json\/wp\/v2\/posts\/140950"}],"collection":[{"href":"http:\/\/hoycordobaweb.com\/index.php\/wp-json\/wp\/v2\/posts"}],"about":[{"href":"http:\/\/hoycordobaweb.com\/index.php\/wp-json\/wp\/v2\/types\/post"}],"author":[{"embeddable":true,"href":"http:\/\/hoycordobaweb.com\/index.php\/wp-json\/wp\/v2\/users\/1"}],"replies":[{"embeddable":true,"href":"http:\/\/hoycordobaweb.com\/index.php\/wp-json\/wp\/v2\/comments?post=140950"}],"version-history":[{"count":0,"href":"http:\/\/hoycordobaweb.com\/index.php\/wp-json\/wp\/v2\/posts\/140950\/revisions"}],"wp:featuredmedia":[{"embeddable":true,"href":"http:\/\/hoycordobaweb.com\/index.php\/wp-json\/wp\/v2\/media\/140951"}],"wp:attachment":[{"href":"http:\/\/hoycordobaweb.com\/index.php\/wp-json\/wp\/v2\/media?parent=140950"}],"wp:term":[{"taxonomy":"category","embeddable":true,"href":"http:\/\/hoycordobaweb.com\/index.php\/wp-json\/wp\/v2\/categories?post=140950"},{"taxonomy":"post_tag","embeddable":true,"href":"http:\/\/hoycordobaweb.com\/index.php\/wp-json\/wp\/v2\/tags?post=140950"}],"curies":[{"name":"wp","href":"https:\/\/api.w.org\/{rel}","templated":true}]}}