{"id":140944,"date":"2026-08-30T17:23:22","date_gmt":"2026-08-30T17:23:22","guid":{"rendered":"https:\/\/www.ole.com.ar\/futbol-internacional\/ronaldominguez-recoleta-conmocioncerebral-fracturadetabiquenasal-andresmarsengo_0_SCuYYovFnm.html"},"modified":"2026-08-30T17:23:22","modified_gmt":"2026-08-30T17:23:22","slug":"escalofriante-rodillazo-en-paraguay-lesiono-a-su-propio-companero","status":"publish","type":"post","link":"http:\/\/hoycordobaweb.com\/index.php\/2026\/08\/30\/escalofriante-rodillazo-en-paraguay-lesiono-a-su-propio-companero\/","title":{"rendered":"Escalofriante rodillazo en Paraguay: lesion\u00f3 a su propio compa\u00f1ero"},"content":{"rendered":"<p><img src=\"http:\/\/hoycordobaweb.com\/wp-content\/uploads\/2026\/08\/escalofriante-rodillazo-en-paraguay-lesiono-a-su-propio-companero.jpg\"><\/p>\n<div id=\"element-body-0\" class=\"sc-df222161-0 hNvwjb\" readability=\"38\">\n<p>El f\u00fatbol paraguayo fue testigo este fin de semana de un <strong> escalofriante rodillazo <\/strong> que termin\u00f3 con <strong>Ronal Dom\u00ednguez<\/strong>, futbolista de <strong>Recoleta<\/strong>, en el hospital, <strong>con una conmoci\u00f3n cerebral leve y una posible \u00abfractura de tabique nasal\u00bb. <\/strong> Y lo peor, <strong> el golpe vino de su propio arquero. <\/strong><\/p>\n<\/div>\n<div id=\"element-body-1\" class=\"sc-df222161-0 hNvwjb\" readability=\"40.049668874172\">\n<p>Todo sucedi\u00f3 en los minutos finales de la <strong>ca\u00edda 2-1 ante <a href=\"https:\/\/www.ole.com.ar\/tema\/olimpia-de-paraguay.html\" title=\"Olimpia de Paraguay\" alt=\"Olimpia de Paraguay\" class=\"slug\">Olimpia<\/a><\/strong>, por la liga paraguaya. <strong>Andr\u00e9s Marsengo,<\/strong> arquero del local, sali\u00f3 a despejar con los pu\u00f1os un centro al \u00e1rea y, en el envi\u00f3 <strong>n, termin\u00f3 impactando violentamente con su rodilla derecha la cabeza de su propio compa\u00f1ero, Dom\u00ednguez.<\/strong><\/p>\n<\/div>\n<div id=\"element-body-2\" class=\"sc-df222161-0 hNvwjb\" readability=\"38\">\n<p>Tras el fuerte impacto, <strong>el jugador qued\u00f3 visiblemente afectado, lo que oblig\u00f3 al cuerpo m\u00e9dico a entrar inmediatamente<\/strong> al campo de juego para atenderlo. Tras la primera evaluaci\u00f3n, <strong>solicitaron el ingreso de una ambulancia, que lo traslad\u00f3 directamente a un hospital local. <\/strong><\/p>\n<\/div>\n<div id=\"element-body-3\" class=\"sc-df222161-0 hNvwjb\" readability=\"35\">\n<p>Ante la gravedad del traumatismo, <strong>se activ\u00f3 de inmediato el protocolo de conmoci\u00f3n cerebral,<\/strong> lo que le permiti\u00f3 a Recoleta habilitar una variante de emergencia para el final del partido. <\/p>\n<\/div>\n<p><h2><strong>Video: Escalofriante rodillazo en Paraguay<\/strong><\/h2>\n<\/p>\n<div id=\"element-body-5\" class=\"sc-8712cf2e-1 brsVwg\" readability=\"32.5\"><figcaption class=\"JWvideoNota_title\" readability=\"5\">\n<p>Andr\u00e9s Marsengo, arquero de Recoleta, sali\u00f3 a despejar y termin\u00f3 impactando violentamente contra la cabeza de su propio compa\u00f1ero. Video: TigoSports<\/p>\n<\/figcaption><\/div>\n<p><h2><strong>El comunicado de Recoleta tras el tremendo rodillazo<\/strong><\/h2>\n<\/p>\n<div id=\"element-body-7\" class=\"sc-df222161-0 hNvwjb\" readability=\"34\">\n<p>Este domingo, luego de las impactantes im\u00e1genes, <strong>Recoleta public\u00f3 el parte m\u00e9dico de Dom\u00ednguez. <\/strong><\/p>\n<\/div>\n<div id=\"element-body-8\" class=\"sc-df222161-0 hNvwjb\" readability=\"39\">\n<p><strong>\u00abEl futbolista Ronal Dom\u00ednguez sufri\u00f3 un traumatismo directo a nivel facial, asociado a una conmoci\u00f3n cerebral leve. <\/strong> Debido a la naturaleza del traumatismo, fue trasladado a un centro asistencial para su evaluaci\u00f3n, manejo y tratamiento correspondiente\u00bb, explic\u00f3 el club en el texto publicado en redes sociales. <\/p>\n<\/div>\n<div id=\"element-body-9\" class=\"sc-df222161-0 hNvwjb\" readability=\"36\">\n<p>Adem\u00e1s, agreg\u00f3: <strong>\u00abActualmente, el jugador se encuentra cl\u00ednicamente estable, bajo control m\u00e9dico y fuera de peligro.<\/strong><\/p>\n<\/div>\n<div id=\"element-body-11\" class=\"sc-df222161-0 hNvwjb\" readability=\"34\">\n<p>Por otro lado, medios locales aseguraron tambi\u00e9n que el futbolista habr\u00eda sufrido una <strong>\u00abfractura de tabique nasal\u00bb. <\/strong> Aunque el club no dio detalles al respecto. <\/p>\n<\/div>\n<div id=\"element-body-12\" class=\"sc-a7166897-0 eTTZWU\" readability=\"31\">\n<section readability=\"2\"><picture><img alt=\"La c\u00e1bala Payne: cuatro partidos jugados y cuatro ganados con Olimpia\" loading=\"lazy\" width=\"290\" height=\"290\" decoding=\"async\" data-nimg=\"1\" src=\"http:\/\/hoycordobaweb.com\/wp-content\/uploads\/2026\/08\/escalofriante-rodillazo-en-paraguay-lesiono-a-su-propio-companero-2.jpg\"><\/picture>\n<p><span>Mir\u00e1 tambi\u00e9n<\/span><\/p>\n<hr>\n<h3>La c\u00e1bala Payne: cuatro partidos jugados y cuatro ganados con Olimpia<\/h3>\n<\/p>\n<\/section>\n<\/div>\n<div id=\"element-body-13\" class=\"sc-a7166897-0 eTTZWU\" readability=\"31\">\n<section readability=\"2\"><picture><img alt=\"La emoci\u00f3n de Jagger Herrera por su debut en la Bombonera: &quot;Estadio \u00fanico&quot;\" loading=\"lazy\" width=\"290\" height=\"290\" decoding=\"async\" data-nimg=\"1\" src=\"http:\/\/hoycordobaweb.com\/wp-content\/uploads\/2026\/08\/escalofriante-rodillazo-en-paraguay-lesiono-a-su-propio-companero-3.jpg\"><\/picture>\n<p><span>Mir\u00e1 tambi\u00e9n<\/span><\/p>\n<hr>\n<h3>La emoci\u00f3n de Jagger Herrera por su debut en la Bombonera: \u00abEstadio \u00fanico\u00bb<\/h3>\n<\/p>\n<\/section>\n<\/div>\n<div id=\"element-body-14\" class=\"sc-a7166897-0 eTTZWU\" readability=\"31\">\n<section readability=\"2\"><picture><img alt=\"Mercado de pases: los \u00faltimos refuerzos y bajas antes del cierre definitivo\" loading=\"lazy\" width=\"290\" height=\"290\" decoding=\"async\" data-nimg=\"1\" src=\"http:\/\/hoycordobaweb.com\/wp-content\/uploads\/2026\/08\/escalofriante-rodillazo-en-paraguay-lesiono-a-su-propio-companero-4.jpg\"><\/picture>\n<p><span>Mir\u00e1 tambi\u00e9n<\/span><\/p>\n<hr>\n<h3>Mercado de pases: los \u00faltimos refuerzos y bajas antes del cierre definitivo<\/h3>\n<\/p>\n<\/section>\n<\/div>\n","protected":false},"excerpt":{"rendered":"<p>El f\u00fatbol paraguayo fue testigo este fin de semana de un escalofriante rodillazo que termin\u00f3 con Ronal Dom\u00ednguez, futbolista de Recoleta, en el hospital, con una conmoci\u00f3n cerebral leve y una posible \u00abfractura de tabique nasal\u00bb. Y lo peor, el golpe vino de su propio arquero. Todo sucedi\u00f3 en los minutos finales de la ca\u00edda [&hellip;]<\/p>\n","protected":false},"author":1,"featured_media":140945,"comment_status":"open","ping_status":"closed","sticky":false,"template":"","format":"standard","meta":[],"categories":[16],"tags":[],"_links":{"self":[{"href":"http:\/\/hoycordobaweb.com\/index.php\/wp-json\/wp\/v2\/posts\/140944"}],"collection":[{"href":"http:\/\/hoycordobaweb.com\/index.php\/wp-json\/wp\/v2\/posts"}],"about":[{"href":"http:\/\/hoycordobaweb.com\/index.php\/wp-json\/wp\/v2\/types\/post"}],"author":[{"embeddable":true,"href":"http:\/\/hoycordobaweb.com\/index.php\/wp-json\/wp\/v2\/users\/1"}],"replies":[{"embeddable":true,"href":"http:\/\/hoycordobaweb.com\/index.php\/wp-json\/wp\/v2\/comments?post=140944"}],"version-history":[{"count":0,"href":"http:\/\/hoycordobaweb.com\/index.php\/wp-json\/wp\/v2\/posts\/140944\/revisions"}],"wp:featuredmedia":[{"embeddable":true,"href":"http:\/\/hoycordobaweb.com\/index.php\/wp-json\/wp\/v2\/media\/140945"}],"wp:attachment":[{"href":"http:\/\/hoycordobaweb.com\/index.php\/wp-json\/wp\/v2\/media?parent=140944"}],"wp:term":[{"taxonomy":"category","embeddable":true,"href":"http:\/\/hoycordobaweb.com\/index.php\/wp-json\/wp\/v2\/categories?post=140944"},{"taxonomy":"post_tag","embeddable":true,"href":"http:\/\/hoycordobaweb.com\/index.php\/wp-json\/wp\/v2\/tags?post=140944"}],"curies":[{"name":"wp","href":"https:\/\/api.w.org\/{rel}","templated":true}]}}