{"id":140942,"date":"2026-08-30T17:34:33","date_gmt":"2026-08-30T17:34:33","guid":{"rendered":"https:\/\/www.ole.com.ar\/futbol-internacional\/maher-carrizo-prestamo-ajax-copenhague_0_8UtA4mrRTn.html"},"modified":"2026-08-30T17:34:33","modified_gmt":"2026-08-30T17:34:33","slug":"maher-carrizo-sera-cedido-por-el-ajax-donde-continua-su-carrera","status":"publish","type":"post","link":"http:\/\/hoycordobaweb.com\/index.php\/2026\/08\/30\/maher-carrizo-sera-cedido-por-el-ajax-donde-continua-su-carrera\/","title":{"rendered":"Maher Carrizo ser\u00e1 cedido por el Ajax: \u00bfd\u00f3nde contin\u00faa su carrera?"},"content":{"rendered":"<p><img src=\"http:\/\/hoycordobaweb.com\/wp-content\/uploads\/2026\/08\/maher-carrizo-sera-cedido-por-el-ajax-donde-continua-su-carrera.jpg\"><\/p>\n<div id=\"element-body-0\" class=\"sc-df222161-0 hNvwjb\" readability=\"35.955696202532\">\n<p>Nunca logr\u00f3 aclimatarse al f\u00fatbol neerland\u00e9s y, como era de esperarse, su club decidi\u00f3 cederlo a pr\u00e9stamo. Despu\u00e9s de siete meses en los que tuvo muy poco ritmo y no pudo mostrar el picante uno contra uno que lo hizo destacarse en V\u00e9lez, <strong><a href=\"https:\/\/www.ole.com.ar\/tema\/maher-carrizo.html\" title=\"Maher Carrizo\" alt=\"Maher Carrizo\" class=\"slug\">Maher Carrizo<\/a> se marchar\u00e1 del <a href=\"https:\/\/www.ole.com.ar\/tema\/ajax.html\" title=\"Ajax\" alt=\"Ajax\" class=\"slug\">Ajax<\/a> de Holanda rumbo al f\u00fatbol dan\u00e9s<\/strong>.<\/p>\n<\/div>\n<div id=\"element-body-1\" class=\"sc-df222161-0 hNvwjb\" readability=\"36.895348837209\">\n<p>Tal y como inform\u00f3 el medio neerland\u00e9s De Telegraf, <strong>\u00abse supo el <a href=\"https:\/\/www.ole.com.ar\/tema\/fc-copenhague.html\" title=\"FC Copenhague\" alt=\"FC Copenhague\" class=\"slug\">Copenhague<\/a> quer\u00eda la cesi\u00f3n de Maher Carrizo\u00bb<\/strong>, algo que el propio club de \u00c1msterdam termin\u00f3 aceptando. El pr\u00e9stamo <strong>se cerrar\u00e1 por un a\u00f1o y ser\u00e1 sin opci\u00f3n de compra<\/strong>, por lo que el extremo santiague\u00f1o deber\u00e1 regresar al Ajax a comienzos de la pr\u00f3xima temporada 26\/27.<\/p>\n<\/div>\n<div class=\"sc-c0843421-0 iNysjD image-embed\" id=\"element-body-2\"><img alt=\"Carrizo se va del Ajax (Foto: Instagram @mahercarrizo.7).\" loading=\"lazy\" width=\"720\" height=\"100\" decoding=\"async\" data-nimg=\"1\" src=\"http:\/\/hoycordobaweb.com\/wp-content\/uploads\/2026\/08\/maher-carrizo-sera-cedido-por-el-ajax-donde-continua-su-carrera-2.jpg\"><span class=\"epigraphe\">Carrizo se va del Ajax (Foto: Instagram @mahercarrizo.7).<\/span><\/div>\n<p><h2><strong>El ciclo de Maher Carrizo en el Ajax<\/strong><\/h2>\n<\/p>\n<div id=\"element-body-4\" class=\"sc-df222161-0 hNvwjb\" readability=\"36.844984802432\">\n<p>Despu\u00e9s de <strong>su gran venta en febrero de este a\u00f1o, la cual se dio a cambio de 6.000.000 de euros brutos por el 50% de los derechos econ\u00f3micos del futbolista<\/strong> e incluy\u00f3 otros porcentajes, el extremo santiague\u00f1o tuvo su esperado debut en un partido por la <strong><a href=\"https:\/\/www.ole.com.ar\/tema\/eredivisie.html\" title=\"Eredivisie\" alt=\"Eredivisie\" class=\"slug\">Eredivisie<\/a><\/strong>, donde jug\u00f3 apenas cinco minutos en el cruce frente a Zwolle.<\/p>\n<\/div>\n<div id=\"element-body-5\" class=\"sc-df222161-0 hNvwjb\" readability=\"36\">\n<p>Pasado este estreno en el f\u00fatbol del Viejo Continente, donde no tuvo un gran desempe\u00f1o por el poco tiempo de juego que sum\u00f3 frente a Zwolle, <strong>Carrizo jug\u00f3 apenas cinco partidos m\u00e1s de la Eredivisie en un primer semestre del a\u00f1o que termin\u00f3 con el Ajax en el quinto puesto de la tabla<\/strong>.<\/p>\n<\/div>\n<div class=\"sc-c0843421-0 iNysjD image-embed\" id=\"element-body-6\"><img alt=\"El delantero no tuvo mucho ritmo en el Ajax @mahercarrizo.7).\" loading=\"lazy\" width=\"720\" height=\"100\" decoding=\"async\" data-nimg=\"1\" src=\"http:\/\/hoycordobaweb.com\/wp-content\/uploads\/2026\/08\/maher-carrizo-sera-cedido-por-el-ajax-donde-continua-su-carrera-3.jpg\"><span class=\"epigraphe\">El delantero no tuvo mucho ritmo en el Ajax @mahercarrizo.7).<\/span><\/div>\n<div id=\"element-body-7\" class=\"sc-df222161-0 hNvwjb\" readability=\"35.401662049861\">\n<p>Y si bien tuvo buen rodaje en los amistosos de pretemporada con el equipo dirigido por el espa\u00f1ol M\u00edchel -disput\u00f3 cuatro de los seis que jug\u00f3 el Ajax y sum\u00f3 209&#8242;-, el segundo semestre tampoco lleg\u00f3 con ritmo para el ex <strong><a href=\"https:\/\/www.ole.com.ar\/tema\/velez.html\" title=\"V\u00e9lez\" alt=\"V\u00e9lez\" class=\"slug\">V\u00e9lez<\/a><\/strong>. <strong>Entre julio y agosto sum\u00f3 tan solo dos presencias -ambas por la clasificaci\u00f3n para la Conference League- y tuvo 83&#8242; en cancha<\/strong>.<\/p>\n<\/div>\n<div id=\"element-body-8\" class=\"sc-a7166897-0 eTTZWU\" readability=\"31\">\n<section readability=\"2\"><picture><img alt=\"Escalofriante rodillazo en Paraguay: lesion\u00f3 a su propio compa\u00f1ero\" loading=\"lazy\" width=\"290\" height=\"290\" decoding=\"async\" data-nimg=\"1\" src=\"http:\/\/hoycordobaweb.com\/wp-content\/uploads\/2026\/08\/maher-carrizo-sera-cedido-por-el-ajax-donde-continua-su-carrera-4.jpg\"><\/picture>\n<p><span>Mir\u00e1 tambi\u00e9n<\/span><\/p>\n<hr>\n<h3>Escalofriante rodillazo en Paraguay: lesion\u00f3 a su propio compa\u00f1ero<\/h3>\n<\/p>\n<\/section>\n<\/div>\n<div id=\"element-body-9\" class=\"sc-a7166897-0 eTTZWU\" readability=\"31\">\n<section readability=\"2\"><picture><img alt=\"La c\u00e1bala Payne: cuatro partidos jugados y cuatro ganados con Olimpia\" loading=\"lazy\" width=\"290\" height=\"290\" decoding=\"async\" data-nimg=\"1\" src=\"http:\/\/hoycordobaweb.com\/wp-content\/uploads\/2026\/08\/maher-carrizo-sera-cedido-por-el-ajax-donde-continua-su-carrera-5.jpg\"><\/picture>\n<p><span>Mir\u00e1 tambi\u00e9n<\/span><\/p>\n<hr>\n<h3>La c\u00e1bala Payne: cuatro partidos jugados y cuatro ganados con Olimpia<\/h3>\n<\/p>\n<\/section>\n<\/div>\n<div id=\"element-body-10\" class=\"sc-a7166897-0 eTTZWU\" readability=\"31.5\">\n<section readability=\"3\"><picture><img alt=\"Video: el alcanzapelotas que se meti\u00f3 en la cancha y fren\u00f3 un contraataque en el f\u00fatbol chileno\" loading=\"lazy\" width=\"290\" height=\"290\" decoding=\"async\" data-nimg=\"1\" src=\"http:\/\/hoycordobaweb.com\/wp-content\/uploads\/2026\/08\/maher-carrizo-sera-cedido-por-el-ajax-donde-continua-su-carrera-6.jpg\"><\/picture>\n<p><span>Mir\u00e1 tambi\u00e9n<\/span><\/p>\n<hr>\n<h3>Video: el alcanzapelotas que se meti\u00f3 en la cancha y fren\u00f3 un contraataque en el f\u00fatbol chileno<\/h3>\n<\/p>\n<\/section>\n<\/div>\n<div id=\"element-body-11\" class=\"sc-a7166897-0 eTTZWU\" readability=\"31\">\n<section readability=\"2\"><picture><img alt=\"Los envidiables n\u00fameros del Atl\u00e9tico Mineiro de Eduardo Dom\u00ednguez en Brasil\" loading=\"lazy\" width=\"290\" height=\"290\" decoding=\"async\" data-nimg=\"1\" src=\"http:\/\/hoycordobaweb.com\/wp-content\/uploads\/2026\/08\/maher-carrizo-sera-cedido-por-el-ajax-donde-continua-su-carrera-7.jpg\"><\/picture>\n<p><span>Mir\u00e1 tambi\u00e9n<\/span><\/p>\n<hr>\n<h3>Los envidiables n\u00fameros del Atl\u00e9tico Mineiro de Eduardo Dom\u00ednguez en Brasil<\/h3>\n<\/p>\n<\/section>\n<\/div>\n","protected":false},"excerpt":{"rendered":"<p>Nunca logr\u00f3 aclimatarse al f\u00fatbol neerland\u00e9s y, como era de esperarse, su club decidi\u00f3 cederlo a pr\u00e9stamo. Despu\u00e9s de siete meses en los que tuvo muy poco ritmo y no pudo mostrar el picante uno contra uno que lo hizo destacarse en V\u00e9lez, Maher Carrizo se marchar\u00e1 del Ajax de Holanda rumbo al f\u00fatbol dan\u00e9s. [&hellip;]<\/p>\n","protected":false},"author":1,"featured_media":140943,"comment_status":"open","ping_status":"closed","sticky":false,"template":"","format":"standard","meta":[],"categories":[16],"tags":[],"_links":{"self":[{"href":"http:\/\/hoycordobaweb.com\/index.php\/wp-json\/wp\/v2\/posts\/140942"}],"collection":[{"href":"http:\/\/hoycordobaweb.com\/index.php\/wp-json\/wp\/v2\/posts"}],"about":[{"href":"http:\/\/hoycordobaweb.com\/index.php\/wp-json\/wp\/v2\/types\/post"}],"author":[{"embeddable":true,"href":"http:\/\/hoycordobaweb.com\/index.php\/wp-json\/wp\/v2\/users\/1"}],"replies":[{"embeddable":true,"href":"http:\/\/hoycordobaweb.com\/index.php\/wp-json\/wp\/v2\/comments?post=140942"}],"version-history":[{"count":0,"href":"http:\/\/hoycordobaweb.com\/index.php\/wp-json\/wp\/v2\/posts\/140942\/revisions"}],"wp:featuredmedia":[{"embeddable":true,"href":"http:\/\/hoycordobaweb.com\/index.php\/wp-json\/wp\/v2\/media\/140943"}],"wp:attachment":[{"href":"http:\/\/hoycordobaweb.com\/index.php\/wp-json\/wp\/v2\/media?parent=140942"}],"wp:term":[{"taxonomy":"category","embeddable":true,"href":"http:\/\/hoycordobaweb.com\/index.php\/wp-json\/wp\/v2\/categories?post=140942"},{"taxonomy":"post_tag","embeddable":true,"href":"http:\/\/hoycordobaweb.com\/index.php\/wp-json\/wp\/v2\/tags?post=140942"}],"curies":[{"name":"wp","href":"https:\/\/api.w.org\/{rel}","templated":true}]}}