{"id":140940,"date":"2026-08-30T17:59:03","date_gmt":"2026-08-30T17:59:03","guid":{"rendered":"https:\/\/www.ole.com.ar\/futbol-internacional\/inglaterra\/enzo-fernandez-xabi-alonso-chelsea-continuidad-manchester-city_0_HBbFEHItV1.html"},"modified":"2026-08-30T17:59:03","modified_gmt":"2026-08-30T17:59:03","slug":"xabi-alonso-no-garantizo-la-continuidad-de-enzo-fernandez-en-chelsea","status":"publish","type":"post","link":"http:\/\/hoycordobaweb.com\/index.php\/2026\/08\/30\/xabi-alonso-no-garantizo-la-continuidad-de-enzo-fernandez-en-chelsea\/","title":{"rendered":"Xabi Alonso no garantiz\u00f3 la continuidad de Enzo Fern\u00e1ndez en Chelsea"},"content":{"rendered":"<p><img src=\"http:\/\/hoycordobaweb.com\/wp-content\/uploads\/2026\/08\/xabi-alonso-no-garantizo-la-continuidad-de-enzo-fernandez-en-chelsea.jpg\"><\/p>\n<div id=\"element-body-0\" class=\"sc-df222161-0 hNvwjb\" readability=\"31.867052023121\">\n<p>Qued\u00f3 afuera de la lista de convocados del <strong><a href=\"https:\/\/www.ole.com.ar\/tema\/chelsea.html\" title=\"Chelsea\" alt=\"Chelsea\" class=\"slug\">Chelsea<\/a><\/strong>. Y la respuesta que dio su entrenador reaviv\u00f3 la posibilidad de que se marche del club durante este mercado. En medio de fuertes rumores que lo vinculan con el <strong><a href=\"https:\/\/www.ole.com.ar\/tema\/manchester-city.html\" title=\"Manchester City\" alt=\"Manchester City\" class=\"slug\">Manchester City<\/a><\/strong>, el futuro de <strong><a href=\"https:\/\/www.ole.com.ar\/tema\/enzo-fernandez.html\" title=\"Enzo Fern\u00e1ndez\" alt=\"Enzo Fern\u00e1ndez\" class=\"slug\">Enzo Fern\u00e1ndez<\/a><\/strong> sigue en el aire, especialmente luego de que <strong><a href=\"https:\/\/www.ole.com.ar\/tema\/xabi-alonso.html\" title=\"Xabi Alonso\" alt=\"Xabi Alonso\" class=\"slug\">Xabi Alonso<\/a><\/strong> no garantizara su continuidad. <\/p>\n<\/div>\n<div id=\"element-body-1\" class=\"sc-df222161-0 hNvwjb\" readability=\"34.453333333333\">\n<p>Tras vencer 4-3 al <strong><a href=\"https:\/\/www.ole.com.ar\/tema\/brighton.html\" title=\"brighton\" alt=\"brighton\" class=\"slug\">Brighton<\/a> <\/strong> en la segunda fecha de la Premier League, el t\u00e9cnico fue consultado por la ausencia del volante de la <strong><a href=\"https:\/\/www.ole.com.ar\/tema\/seleccion-argentina.html\" title=\"Selecci\u00f3n Argentina\" alt=\"Selecci\u00f3n Argentina\" class=\"slug\">Selecci\u00f3n Argentina<\/a> <\/strong> en la n\u00f3mina. \u00bb <strong>Queremos lo mejor para el equipo, por eso tomamos esa decisi\u00f3n contra el Luton y tambi\u00e9n hoy<\/strong>\u00ab, asegur\u00f3 en conferencia de prensa.<\/p>\n<\/div>\n<div class=\"sc-c0843421-0 iNysjD image-embed\" id=\"element-body-2\"><img alt=\"Enzo Fern\u00e1ndez en Chelsea. (EFE)\" loading=\"lazy\" width=\"720\" height=\"100\" decoding=\"async\" data-nimg=\"1\" src=\"http:\/\/hoycordobaweb.com\/wp-content\/uploads\/2026\/08\/xabi-alonso-no-garantizo-la-continuidad-de-enzo-fernandez-en-chelsea-2.jpg\"><span class=\"epigraphe\">Enzo Fern\u00e1ndez en Chelsea. (EFE)<\/span><\/div>\n<div id=\"element-body-3\" class=\"sc-df222161-0 hNvwjb\" readability=\"37\">\n<p>A su vez, reconoci\u00f3: \u00bb <strong>No tenemos certezas y nos preparamos para todos los escenarios<\/strong>. Estoy seguro de que, pase lo que pase a partir del mi\u00e9rcoles, contaremos con una plantilla lo suficientemente competitiva para afrontar todos los partidos\u00bb.<\/p>\n<\/div>\n<div id=\"element-body-4\" class=\"sc-df222161-0 hNvwjb\" readability=\"35\">\n<p>Luego, hizo \u00e9nfasis en las fechas de cara al cierre del libro de pases. \u00bb <strong>Debemos estar atentos a c\u00f3mo se desarrollen los acontecimientos antes del martes por la noche<\/strong>\u00ab, insisti\u00f3.<\/p>\n<\/div>\n<div class=\"sc-c0843421-0 iNysjD image-embed\" id=\"element-body-5\"><img alt=\"Enzo Fern\u00e1ndez en Chelsea. (REUTER)\" loading=\"lazy\" width=\"720\" height=\"100\" decoding=\"async\" data-nimg=\"1\" src=\"http:\/\/hoycordobaweb.com\/wp-content\/uploads\/2026\/08\/xabi-alonso-no-garantizo-la-continuidad-de-enzo-fernandez-en-chelsea-3.jpg\"><span class=\"epigraphe\">Enzo Fern\u00e1ndez en Chelsea. (REUTER)<\/span><\/div>\n<p><h2>Enzo Fern\u00e1ndez no juega en Chelsea y se acerca al City<\/h2>\n<\/p>\n<div id=\"element-body-7\" class=\"sc-df222161-0 hNvwjb\" readability=\"35\">\n<p>El futuro de Enzo Fern\u00e1ndez parece estar lejos de Londres. El volante de la Selecci\u00f3n Argentina no fue convocado para el duelo entre el Chelsea y el Luton Town por la segunda ronda de la Carabao Cup ni para la segunda fecha de la Premier. El motivo es claro: los Blues habr\u00edan llegado a un acuerdo con el Manchester City. La negociaci\u00f3n se encuentra en su etapa final y la transacci\u00f3n se cerrar\u00eda en 137.000.000 de euros.<\/p>\n<\/div>\n<div id=\"element-body-8\" class=\"sc-df222161-0 hNvwjb\" readability=\"37\">\n<p>Es el cierre de una novela que se dilat\u00f3 m\u00e1s de la cuenta. Porque si bien Xabi Alonso hab\u00eda dejado en claro que quer\u00eda seguir contando con sus servicios de cara a la temporada entrante, los ofrecimientos fueron irrechazables. \u00abQueremos tener el mejor equipo posible y conocemos las cualidades de Enzo\u00bb, hab\u00eda declarado en la antesala del partido copero.<\/p>\n<\/div>\n<p><h2>Los n\u00fameros de Enzo Fern\u00e1ndez en Chelsea<\/h2>\n<\/p>\n<div id=\"element-body-10\" class=\"sc-df222161-0 hNvwjb\" readability=\"35\">\n<p>Durante su estad\u00eda en el club, <strong>Enzo Fern\u00e1ndez <\/strong> disput\u00f3 170 encuentros, marc\u00f3 31 goles y reparti\u00f3 30 asistencias con la camiseta del <strong>Chelsea<\/strong>.<\/p>\n<\/div>\n","protected":false},"excerpt":{"rendered":"<p>Qued\u00f3 afuera de la lista de convocados del Chelsea. Y la respuesta que dio su entrenador reaviv\u00f3 la posibilidad de que se marche del club durante este mercado. En medio de fuertes rumores que lo vinculan con el Manchester City, el futuro de Enzo Fern\u00e1ndez sigue en el aire, especialmente luego de que Xabi Alonso [&hellip;]<\/p>\n","protected":false},"author":1,"featured_media":140941,"comment_status":"open","ping_status":"closed","sticky":false,"template":"","format":"standard","meta":[],"categories":[16],"tags":[],"_links":{"self":[{"href":"http:\/\/hoycordobaweb.com\/index.php\/wp-json\/wp\/v2\/posts\/140940"}],"collection":[{"href":"http:\/\/hoycordobaweb.com\/index.php\/wp-json\/wp\/v2\/posts"}],"about":[{"href":"http:\/\/hoycordobaweb.com\/index.php\/wp-json\/wp\/v2\/types\/post"}],"author":[{"embeddable":true,"href":"http:\/\/hoycordobaweb.com\/index.php\/wp-json\/wp\/v2\/users\/1"}],"replies":[{"embeddable":true,"href":"http:\/\/hoycordobaweb.com\/index.php\/wp-json\/wp\/v2\/comments?post=140940"}],"version-history":[{"count":0,"href":"http:\/\/hoycordobaweb.com\/index.php\/wp-json\/wp\/v2\/posts\/140940\/revisions"}],"wp:featuredmedia":[{"embeddable":true,"href":"http:\/\/hoycordobaweb.com\/index.php\/wp-json\/wp\/v2\/media\/140941"}],"wp:attachment":[{"href":"http:\/\/hoycordobaweb.com\/index.php\/wp-json\/wp\/v2\/media?parent=140940"}],"wp:term":[{"taxonomy":"category","embeddable":true,"href":"http:\/\/hoycordobaweb.com\/index.php\/wp-json\/wp\/v2\/categories?post=140940"},{"taxonomy":"post_tag","embeddable":true,"href":"http:\/\/hoycordobaweb.com\/index.php\/wp-json\/wp\/v2\/tags?post=140940"}],"curies":[{"name":"wp","href":"https:\/\/api.w.org\/{rel}","templated":true}]}}